{"id":1151,"date":"2013-02-04T20:28:02","date_gmt":"2013-02-04T20:28:02","guid":{"rendered":"http:\/\/www.spak.art.pl\/?p=1151"},"modified":"2013-02-04T20:28:02","modified_gmt":"2013-02-04T20:28:02","slug":"regulamin-i-polanickiego-biennale-rysunku-satyrycznego","status":"publish","type":"post","link":"http:\/\/www.spak.art.pl\/?p=1151","title":{"rendered":"Regulamin I Polanickiego Biennale Rysunku Satyrycznego"},"content":{"rendered":"<p><a href=\"http:\/\/www.spak.art.pl\/wp-content\/uploads\/2013\/02\/polanica-logo.jpg\"><img loading=\"lazy\" decoding=\"async\" class=\"alignleft size-full wp-image-1153\" title=\"polanica logo\" src=\"http:\/\/www.spak.art.pl\/wp-content\/uploads\/2013\/02\/polanica-logo.jpg\" alt=\"\" width=\"250\" height=\"143\" \/><\/a>Szanowni Pa\u0144stwo,<\/p>\n<p>Mam zaszczyt zaprosi\u0107 Pa\u0144stwa do udzia\u0142u w I Polanickim Biennale Rysunku Satyrycznego, po\u015bwi\u0119conego kurortom i kuracjuszom. Rozstrzygniecie konkursu jest zaplanowane<br \/>\nna sierpie\u0144 2013 roku. Prawie p\u00f3\u0142roczny okres wystarczy z pewno\u015bci\u0105 na przygotowanie interesuj\u0105cego i zabawnego rysunku. Bardzo na to w Polanicy czekamy. Dotychczas organizowane przez nas (czyli przez Miejsk\u0105 Bibliotek\u0119 Publiczn\u0105, \u201epoganian\u0105\u201d przez Micha\u0142a Graczyka) wystawy rysunku satyrycznego \u2013 zar\u00f3wno zbiorowe,<br \/>\njak i indywidualne, cieszy\u0142y si\u0119 du\u017c\u0105 popularno\u015bci\u0105. St\u0105d te\u017c zrodzi\u0142 si\u0119 pomys\u0142, \u017ceby<br \/>\nt\u0119 profilaktyczn\u0105, a nawet wr\u0119cz uzdrawiaj\u0105c\u0105 dawk\u0119 humoru aplikowa\u0107 mieszka\u0144com<br \/>\ni kuracjuszom ze sta\u0142\u0105 cz\u0119stotliwo\u015bci\u0105. Patronat honorowy nad Biennale obj\u0105\u0142 Burmistrz Polanicy-Zdroju \u015bwiadomy tego, \u017ce lepsz\u0105 drog\u0105 do odzyskania zdrowia jest u\u015bmiech<br \/>\nni\u017c reformy NFZ. \u017bycz\u0119 \u015bwietnych, zabawnych pomys\u0142\u00f3w i jeszcze raz serdecznie zapraszam do Polanicy.<\/p>\n<p>&nbsp;<\/p>\n<p><em>Iwona Mokrzanowska<\/em><\/p>\n<p><em>Dyrektor Miejskiej Biblioteki Publicznej w Polanicy-Zdroju<\/em><\/p>\n<p align=\"center\"><strong>Regulamin I Polanickiego Biennale Rysunku Satyrycznego<\/strong><\/p>\n<p align=\"center\"><strong>pod honorowym patronatem Burmistrza Polanicy-Zdroju<\/strong><\/p>\n<p>&nbsp;<\/p>\n<p>&nbsp;<\/p>\n<ol>\n<li>Konkurs skierowany jest do wszystkich rysownik\u00f3w mieszkaj\u0105cych w Polsce i poza jej granicami.<\/li>\n<li>Ka\u017cdy autor mo\u017ce przes\u0142a\u0107 maksymalnie dwie oryginalne prace.<\/li>\n<li>Format prac: A4 lub A3.<\/li>\n<li>Ka\u017cda praca powinna by\u0107 czytelnie opisana na odwrocie i zawiera\u0107 nast\u0119puj\u0105ce dane: imi\u0119 i nazwisko autora oraz jego adres.<\/li>\n<li>Tematem Biennale s\u0105 kuracjusze, kurorty i weso\u0142e \u017cycie kuracjuszy w kurortach,<br \/>\nze szczeg\u00f3lnym uwzgl\u0119dnieniem Polanicy-Zdroju.<\/li>\n<li>Organizatorzy przewiduj\u0105 nagrody finansowe w nast\u0119puj\u0105cej wysoko\u015bci:<\/li>\n<li>I miejsce \u2013 1000 z\u0142,<\/li>\n<li>II miejsce \u2013 700 z\u0142,<\/li>\n<li>III miejsce \u2013 500 z\u0142.<\/li>\n<li>Termin nadsy\u0142ania prac up\u0142ywa 31 lipca 2013 roku.<\/li>\n<li>Wszystkie nades\u0142ane na konkurs prace zostan\u0105 pokazane na wystawie zbiorowej<br \/>\nw Miejskiej Bibliotece Publicznej oraz w Pijalni Zdrojowej w Polanicy-Zdroju, czynnej od sierpnia do pa\u017adziernika 2013 roku.<\/li>\n<li>Po zako\u0144czeniu wystawy prace przechodz\u0105 na w\u0142asno\u015b\u0107 organizatora i b\u0119d\u0105 s\u0142u\u017cy\u0107<br \/>\ndo cel\u00f3w promocyjnych Miejskiej Biblioteki Publicznej oraz miasta Polanica-Zdr\u00f3j. Organizator zastrzega, \u017ce ka\u017cda publiczna prezentacja prac nades\u0142anych na konkurs b\u0119dzie zawsze opatrzona imieniem i nazwiskiem jej autora.<\/li>\n<li>Wszyscy autorzy prac nades\u0142anych na konkurs otrzymaj\u0105 egzemplarz katalogu wydanego przez organizatora.<\/li>\n<li>Rozstrzygni\u0119cie konkursu, wr\u0119czenie nagr\u00f3d oraz otwarcie wystawy pokonkursowej nast\u0105pi w sierpniu 2013 roku.<\/li>\n<li>Prace w bezpiecznym opakowaniu nale\u017cy przes\u0142a\u0107 na adres:<\/li>\n<\/ol>\n<p><strong>Miejska Biblioteka Publiczna<\/strong><\/p>\n<p><strong>al. Wojska Polskiego 23<\/strong><\/p>\n<p><strong>57-320 Polanica-Zdr\u00f3j<\/strong><\/p>\n<p align=\"right\">z dopiskiem <em>I Polanickie Biennale Rysunku Satyrycznego<\/em><\/p>\n<ol>\n<li>Organizator konkursu zastrzega sobie prawo do odst\u0105pienia od zadeklarowanych kwot nagr\u00f3d pieni\u0119\u017cnych lub odwo\u0142ania\u00a0 konkursu, je\u017celi liczba nades\u0142anych prac b\u0119dzie zbyt ma\u0142a. W tej sytuacji organizator ode\u015ble autorom prace zg\u0142oszone na konkurs.<\/li>\n<\/ol>\n<p>&nbsp;<\/p>\n<p>&nbsp;<\/p>\n<p>&nbsp;<\/p>\n","protected":false},"excerpt":{"rendered":"<p>Szanowni Pa\u0144stwo, Mam zaszczyt zaprosi\u0107 Pa\u0144stwa do udzia\u0142u w I Polanickim Biennale Rysunku Satyrycznego, po\u015bwi\u0119conego kurortom i kuracjuszom. Rozstrzygniecie konkursu jest zaplanowane na sierpie\u0144 2013 roku. Prawie p\u00f3\u0142roczny okres wystarczy z pewno\u015bci\u0105 na przygotowanie interesuj\u0105cego i zabawnego rysunku. Bardzo na to w Polanicy czekamy. Dotychczas organizowane przez nas (czyli przez Miejsk\u0105 Bibliotek\u0119 Publiczn\u0105, \u201epoganian\u0105\u201d przez &hellip; <\/p>\n<p><a class=\"more-link btn\" href=\"http:\/\/www.spak.art.pl\/?p=1151\">Kontynuuj czytanie<\/a><\/p>\n","protected":false},"author":1,"featured_media":0,"comment_status":"closed","ping_status":"closed","sticky":false,"template":"","format":"standard","meta":{"ngg_post_thumbnail":0,"footnotes":""},"categories":[9],"tags":[],"class_list":["post-1151","post","type-post","status-publish","format-standard","hentry","category-aktualnosci","nodate","item-wrap"],"_links":{"self":[{"href":"http:\/\/www.spak.art.pl\/index.php?rest_route=\/wp\/v2\/posts\/1151","targetHints":{"allow":["GET"]}}],"collection":[{"href":"http:\/\/www.spak.art.pl\/index.php?rest_route=\/wp\/v2\/posts"}],"about":[{"href":"http:\/\/www.spak.art.pl\/index.php?rest_route=\/wp\/v2\/types\/post"}],"author":[{"embeddable":true,"href":"http:\/\/www.spak.art.pl\/index.php?rest_route=\/wp\/v2\/users\/1"}],"replies":[{"embeddable":true,"href":"http:\/\/www.spak.art.pl\/index.php?rest_route=%2Fwp%2Fv2%2Fcomments&post=1151"}],"version-history":[{"count":3,"href":"http:\/\/www.spak.art.pl\/index.php?rest_route=\/wp\/v2\/posts\/1151\/revisions"}],"predecessor-version":[{"id":1155,"href":"http:\/\/www.spak.art.pl\/index.php?rest_route=\/wp\/v2\/posts\/1151\/revisions\/1155"}],"wp:attachment":[{"href":"http:\/\/www.spak.art.pl\/index.php?rest_route=%2Fwp%2Fv2%2Fmedia&parent=1151"}],"wp:term":[{"taxonomy":"category","embeddable":true,"href":"http:\/\/www.spak.art.pl\/index.php?rest_route=%2Fwp%2Fv2%2Fcategories&post=1151"},{"taxonomy":"post_tag","embeddable":true,"href":"http:\/\/www.spak.art.pl\/index.php?rest_route=%2Fwp%2Fv2%2Ftags&post=1151"}],"curies":[{"name":"wp","href":"https:\/\/api.w.org\/{rel}","templated":true}]}}