{"id":1396,"date":"2013-04-23T19:05:05","date_gmt":"2013-04-23T19:05:05","guid":{"rendered":"http:\/\/www.spak.art.pl\/?p=1396"},"modified":"2013-04-23T19:05:05","modified_gmt":"2013-04-23T19:05:05","slug":"gala-na-zamku-krolewskim","status":"publish","type":"post","link":"http:\/\/www.spak.art.pl\/?p=1396","title":{"rendered":"Gala na Zamku Kr\u00f3lewskim"},"content":{"rendered":"<div id=\"attachment_1397\" style=\"width: 450px\" class=\"wp-caption alignleft\"><a href=\"http:\/\/www.spak.art.pl\/wp-content\/uploads\/2013\/04\/Zamek-1.jpg\"><img loading=\"lazy\" decoding=\"async\" aria-describedby=\"caption-attachment-1397\" class=\"size-full wp-image-1397\" title=\"Zamek 1\" src=\"http:\/\/www.spak.art.pl\/wp-content\/uploads\/2013\/04\/Zamek-1.jpg\" alt=\"\" width=\"450\" height=\"300\" srcset=\"http:\/\/www.spak.art.pl\/wp-content\/uploads\/2013\/04\/Zamek-1.jpg 450w, http:\/\/www.spak.art.pl\/wp-content\/uploads\/2013\/04\/Zamek-1-300x200.jpg 300w\" sizes=\"auto, (max-width: 450px) 100vw, 450px\" \/><\/a><p id=\"caption-attachment-1397\" class=\"wp-caption-text\">Witold Mysyrowicz odbiera nagrod\u0119 z r\u0105k Waldemara D\u0105browskiego<\/p><\/div>\n<div id=\"attachment_1398\" style=\"width: 450px\" class=\"wp-caption alignleft\"><a href=\"http:\/\/www.spak.art.pl\/wp-content\/uploads\/2013\/04\/Zamek-2.jpg\"><img loading=\"lazy\" decoding=\"async\" aria-describedby=\"caption-attachment-1398\" class=\"size-full wp-image-1398\" title=\"Zamek 2\" src=\"http:\/\/www.spak.art.pl\/wp-content\/uploads\/2013\/04\/Zamek-2.jpg\" alt=\"\" width=\"450\" height=\"283\" srcset=\"http:\/\/www.spak.art.pl\/wp-content\/uploads\/2013\/04\/Zamek-2.jpg 450w, http:\/\/www.spak.art.pl\/wp-content\/uploads\/2013\/04\/Zamek-2-300x188.jpg 300w\" sizes=\"auto, (max-width: 450px) 100vw, 450px\" \/><\/a><p id=\"caption-attachment-1398\" class=\"wp-caption-text\">Laureaci na podium. Od lewej: Waldemar D\u0105browski, Grzegorz Szumowski, Witold Mysyrowicz, Zygmunt Zaradkiewicz, Andrzej P\u0105gowski, Katarzyna Stanny, Ros\u0142aw Szaybo, zas\u0142oni\u0119ty Dariusz \u0141ab\u0119dzki, ty\u0142em Tomasz Raczek<\/p><\/div>\n<p>22 kwietnia, w samo po\u0142udnie, na Zamku Kr\u00f3lewskim w Warszawie odby\u0142a si\u0119 uroczysta Gala wr\u0119czenia nagr\u00f3d i wyr\u00f3\u017cnie\u0144 Ruchu \u201ePi\u0119kniejsza Polska\u201d, pod patronatem Ministra Kultury i Dziedzictwa Narodowego Bogdana Zdrojewskiego oraz prezentacja albumu \u201ePointa\u201d wydanego przez Media Corporation.<\/p>\n<p>Nagrody i wyr\u00f3\u017cnienia przyzna\u0142a Kapitu\u0142a Ruchu \u201e<strong>Pi\u0119kniejsza Polska\u201d<\/strong> w sk\u0142adzie: <strong>Waldemar D\u0105browsk<\/strong>i, dyrektor Teatru Wielkiego-Opery Narodowej \u2013 Przewodnicz\u0105cy Kapitu\u0142y<strong>, Jacek Cygan<\/strong>-poeta<strong>, Krzysztof Chwalib\u00f3g<\/strong> \u2013 Przewodnicz\u0105cy Rady Polskiej Architektury, <strong>Daniel Olbrychski<\/strong> \u2013 aktor, <strong>dr J\u00f3zef W\u0119grzyn<\/strong> \u2013 Prezes Media Corporation, <strong>Jerzy Maksymiuk<\/strong> \u2013 dyrygent i kompozytor.<\/p>\n<p>Nagrody w postaci rze\u017ab, autorstwa <strong>Marka Czarneckiego<\/strong> i dyplom\u00f3w otrzymali: <strong>Rafa\u0142 Olbi\u0144ski<\/strong> \u2013 grafik, malarz<strong>, Andrzej P\u0105gowski<\/strong> \u2013 grafik, <strong>Andrzej Mleczko<\/strong> \u2013 rysownik, <strong>Zygmunt Zaradkiewicz<\/strong> \u2013 grafik, rysownik, Dyrektor Muzeum Karykatury, <strong>Ros\u0142aw Szaybo<\/strong> \u2013 grafik, <strong>J\u00f3zef Wilko\u0144<\/strong> \u2013 grafik, ilustrator, <strong>Janusz Kapusta<\/strong> \u2013 grafik, rysownik, architekt, , <strong>Grzegorz Szumowski<\/strong> \u2013 rysownik, <strong>Andrzej Krauze<\/strong> \u2013 rysownik, <strong>Witold Mysyrowicz<\/strong> \u2013 grafik, rysownik, Prezes SPAK.<\/p>\n<p>Wyr\u00f3\u017cnienia w postaci dyplom\u00f3w otrzymali, m. in<strong>.: Julian Bohdanowicz, Krzysztof Grzondziel<\/strong>, <strong>Ma\u0142gorzata Lazarek<\/strong>, <strong>Edward Lutczyn<\/strong>, <strong>Dariusz \u0141\u0105b\u0119dzki<\/strong>, <strong>S\u0142awomir \u0141uczy\u0144ski, Franciszek Ma\u015bluszczak, Janusz Stanny <\/strong>i<strong> Zenon \u017byburtowicz.<\/strong> Nagrody wr\u0119czali Minister Kultury i Dziedzictwa Narodowego <strong>Bogdan Zdrojewski<\/strong> i Dyrektor <strong>Waldemar D\u0105browski<\/strong>. Imprez\u0119, kt\u00f3r\u0105 prowadzi\u0142 <strong>Tomasz Raczek<\/strong>, u\u015bwietni\u0142 wyst\u0119p wokalisty <strong>Janusza Radka<\/strong>, z towarzyszeniem kwartetu <strong>Tomasza<\/strong> <strong>Filipczaka<\/strong>.<\/p>\n","protected":false},"excerpt":{"rendered":"<p>22 kwietnia, w samo po\u0142udnie, na Zamku Kr\u00f3lewskim w Warszawie odby\u0142a si\u0119 uroczysta Gala wr\u0119czenia nagr\u00f3d i wyr\u00f3\u017cnie\u0144 Ruchu \u201ePi\u0119kniejsza Polska\u201d, pod patronatem Ministra Kultury i Dziedzictwa Narodowego Bogdana Zdrojewskiego oraz prezentacja albumu \u201ePointa\u201d wydanego przez Media Corporation. Nagrody i wyr\u00f3\u017cnienia przyzna\u0142a Kapitu\u0142a Ruchu \u201ePi\u0119kniejsza Polska\u201d w sk\u0142adzie: Waldemar D\u0105browski, dyrektor Teatru Wielkiego-Opery Narodowej \u2013 &hellip; <\/p>\n<p><a class=\"more-link btn\" href=\"http:\/\/www.spak.art.pl\/?p=1396\">Kontynuuj czytanie<\/a><\/p>\n","protected":false},"author":1,"featured_media":0,"comment_status":"closed","ping_status":"closed","sticky":false,"template":"","format":"standard","meta":{"ngg_post_thumbnail":0,"footnotes":""},"categories":[9],"tags":[],"class_list":["post-1396","post","type-post","status-publish","format-standard","hentry","category-aktualnosci","nodate","item-wrap"],"_links":{"self":[{"href":"http:\/\/www.spak.art.pl\/index.php?rest_route=\/wp\/v2\/posts\/1396","targetHints":{"allow":["GET"]}}],"collection":[{"href":"http:\/\/www.spak.art.pl\/index.php?rest_route=\/wp\/v2\/posts"}],"about":[{"href":"http:\/\/www.spak.art.pl\/index.php?rest_route=\/wp\/v2\/types\/post"}],"author":[{"embeddable":true,"href":"http:\/\/www.spak.art.pl\/index.php?rest_route=\/wp\/v2\/users\/1"}],"replies":[{"embeddable":true,"href":"http:\/\/www.spak.art.pl\/index.php?rest_route=%2Fwp%2Fv2%2Fcomments&post=1396"}],"version-history":[{"count":2,"href":"http:\/\/www.spak.art.pl\/index.php?rest_route=\/wp\/v2\/posts\/1396\/revisions"}],"predecessor-version":[{"id":1400,"href":"http:\/\/www.spak.art.pl\/index.php?rest_route=\/wp\/v2\/posts\/1396\/revisions\/1400"}],"wp:attachment":[{"href":"http:\/\/www.spak.art.pl\/index.php?rest_route=%2Fwp%2Fv2%2Fmedia&parent=1396"}],"wp:term":[{"taxonomy":"category","embeddable":true,"href":"http:\/\/www.spak.art.pl\/index.php?rest_route=%2Fwp%2Fv2%2Fcategories&post=1396"},{"taxonomy":"post_tag","embeddable":true,"href":"http:\/\/www.spak.art.pl\/index.php?rest_route=%2Fwp%2Fv2%2Ftags&post=1396"}],"curies":[{"name":"wp","href":"https:\/\/api.w.org\/{rel}","templated":true}]}}