{"id":1621,"date":"2013-07-13T10:30:23","date_gmt":"2013-07-13T10:30:23","guid":{"rendered":"http:\/\/www.spak.art.pl\/?p=1621"},"modified":"2013-07-13T10:30:23","modified_gmt":"2013-07-13T10:30:23","slug":"nagroda-spak-w-medich-spolecznosciowych","status":"publish","type":"post","link":"http:\/\/www.spak.art.pl\/?p=1621","title":{"rendered":"Nagroda SPAK w &#8222;Medi@ch spo\u0142eczno\u015bciowych&#8221;"},"content":{"rendered":"<p><a href=\"http:\/\/www.spak.art.pl\/wp-content\/uploads\/2013\/07\/Verninmen.jpg\"><img loading=\"lazy\" decoding=\"async\" class=\"alignleft size-full wp-image-1622\" title=\"Verninmen\" src=\"http:\/\/www.spak.art.pl\/wp-content\/uploads\/2013\/07\/Verninmen.jpg\" alt=\"\" width=\"450\" height=\"324\" srcset=\"http:\/\/www.spak.art.pl\/wp-content\/uploads\/2013\/07\/Verninmen.jpg 450w, http:\/\/www.spak.art.pl\/wp-content\/uploads\/2013\/07\/Verninmen-300x216.jpg 300w\" sizes=\"auto, (max-width: 450px) 100vw, 450px\" \/><\/a>Nagrod\u0119 SPAK &#8211; u w konkursie w Zielonej G\u00f3rze, kt\u00f3rego tematem by\u0142y &#8222;Medi@ spo\u0142eczno\u015bciowe&#8221; otrzymuje znany rysownik belgijski <strong>Luc Verninmen<\/strong> z Antwerpii. Gratulujemy.<\/p>\n","protected":false},"excerpt":{"rendered":"<p>Nagrod\u0119 SPAK &#8211; u w konkursie w Zielonej G\u00f3rze, kt\u00f3rego tematem by\u0142y &#8222;Medi@ spo\u0142eczno\u015bciowe&#8221; otrzymuje znany rysownik belgijski Luc Verninmen z Antwerpii. Gratulujemy.<\/p>\n","protected":false},"author":1,"featured_media":0,"comment_status":"closed","ping_status":"closed","sticky":false,"template":"","format":"standard","meta":{"ngg_post_thumbnail":0,"footnotes":""},"categories":[9],"tags":[],"class_list":["post-1621","post","type-post","status-publish","format-standard","hentry","category-aktualnosci","nodate","item-wrap"],"_links":{"self":[{"href":"http:\/\/www.spak.art.pl\/index.php?rest_route=\/wp\/v2\/posts\/1621","targetHints":{"allow":["GET"]}}],"collection":[{"href":"http:\/\/www.spak.art.pl\/index.php?rest_route=\/wp\/v2\/posts"}],"about":[{"href":"http:\/\/www.spak.art.pl\/index.php?rest_route=\/wp\/v2\/types\/post"}],"author":[{"embeddable":true,"href":"http:\/\/www.spak.art.pl\/index.php?rest_route=\/wp\/v2\/users\/1"}],"replies":[{"embeddable":true,"href":"http:\/\/www.spak.art.pl\/index.php?rest_route=%2Fwp%2Fv2%2Fcomments&post=1621"}],"version-history":[{"count":2,"href":"http:\/\/www.spak.art.pl\/index.php?rest_route=\/wp\/v2\/posts\/1621\/revisions"}],"predecessor-version":[{"id":1624,"href":"http:\/\/www.spak.art.pl\/index.php?rest_route=\/wp\/v2\/posts\/1621\/revisions\/1624"}],"wp:attachment":[{"href":"http:\/\/www.spak.art.pl\/index.php?rest_route=%2Fwp%2Fv2%2Fmedia&parent=1621"}],"wp:term":[{"taxonomy":"category","embeddable":true,"href":"http:\/\/www.spak.art.pl\/index.php?rest_route=%2Fwp%2Fv2%2Fcategories&post=1621"},{"taxonomy":"post_tag","embeddable":true,"href":"http:\/\/www.spak.art.pl\/index.php?rest_route=%2Fwp%2Fv2%2Ftags&post=1621"}],"curies":[{"name":"wp","href":"https:\/\/api.w.org\/{rel}","templated":true}]}}