{"id":1771,"date":"2013-09-12T20:58:01","date_gmt":"2013-09-12T20:58:01","guid":{"rendered":"http:\/\/www.spak.art.pl\/?p=1771"},"modified":"2013-09-13T08:20:50","modified_gmt":"2013-09-13T08:20:50","slug":"frackiewicz-wygral-w-hajfie","status":"publish","type":"post","link":"http:\/\/www.spak.art.pl\/?p=1771","title":{"rendered":"Fr\u0105ckiewicz wygra\u0142 w Hajfie"},"content":{"rendered":"<p><strong>Jacek Fr\u0105ckiewicz<\/strong> dosta\u0142 wyr\u00f3\u017cnienie &#8211; dyplom izraelskiego UNESCO, podczas 19-ej edycji mi\u0119dzynarodowego konkursu organizowanego przez Urz\u0105d Miasta Hajfy, kt\u00f3rego tematem przewodnim by\u0142a turystyka. Nagrod\u0119 odbierze osobi\u015bcie &#8211; w dniach 26 &#8211; 28 wrze\u015bnia b\u0119dzie go\u015bci\u0142 w Hajfie jako go\u015b\u0107 specjalny festiwalu.<\/p>\n<p>Fr\u0105ckiewicz otrzyma\u0142 nagrod\u0119 specjaln\u0105\u00a0 izraelskich karykaturzyst\u00f3w PENCOM w 18. edycji tego konkursu odbywaj\u0105cego si\u0119 w roku 2012 pod has\u0142em \u201eSprawiedliwo\u015b\u0107 spo\u0142eczna i protest\u201d.<\/p>\n<p>W zesz\u0142ym roku wystawie w Audytorium Hajfy pokazano 800 rysunk\u00f3w autorstwa 240 artyst\u00f3w z 61 kraj\u00f3w.<\/p>\n<div id=\"attachment_1772\" style=\"width: 316px\" class=\"wp-caption alignleft\"><a href=\"http:\/\/www.spak.art.pl\/wp-content\/uploads\/2013\/09\/melon.jpg\"><img loading=\"lazy\" decoding=\"async\" aria-describedby=\"caption-attachment-1772\" class=\"size-full wp-image-1772\" title=\"melon\" src=\"http:\/\/www.spak.art.pl\/wp-content\/uploads\/2013\/09\/melon.jpg\" alt=\"\" width=\"316\" height=\"450\" srcset=\"http:\/\/www.spak.art.pl\/wp-content\/uploads\/2013\/09\/melon.jpg 316w, http:\/\/www.spak.art.pl\/wp-content\/uploads\/2013\/09\/melon-210x300.jpg 210w\" sizes=\"auto, (max-width: 316px) 100vw, 316px\" \/><\/a><p id=\"caption-attachment-1772\" class=\"wp-caption-text\">Nagrodzony rysunek<\/p><\/div>\n","protected":false},"excerpt":{"rendered":"<p>Jacek Fr\u0105ckiewicz dosta\u0142 wyr\u00f3\u017cnienie &#8211; dyplom izraelskiego UNESCO, podczas 19-ej edycji mi\u0119dzynarodowego konkursu organizowanego przez Urz\u0105d Miasta Hajfy, kt\u00f3rego tematem przewodnim by\u0142a turystyka. Nagrod\u0119 odbierze osobi\u015bcie &#8211; w dniach 26 &#8211; 28 wrze\u015bnia b\u0119dzie go\u015bci\u0142 w Hajfie jako go\u015b\u0107 specjalny festiwalu. Fr\u0105ckiewicz otrzyma\u0142 nagrod\u0119 specjaln\u0105\u00a0 izraelskich karykaturzyst\u00f3w PENCOM w 18. edycji tego konkursu odbywaj\u0105cego si\u0119 &hellip; <\/p>\n<p><a class=\"more-link btn\" href=\"http:\/\/www.spak.art.pl\/?p=1771\">Kontynuuj czytanie<\/a><\/p>\n","protected":false},"author":1,"featured_media":0,"comment_status":"closed","ping_status":"closed","sticky":false,"template":"","format":"standard","meta":{"ngg_post_thumbnail":0,"footnotes":""},"categories":[9],"tags":[],"class_list":["post-1771","post","type-post","status-publish","format-standard","hentry","category-aktualnosci","nodate","item-wrap"],"_links":{"self":[{"href":"http:\/\/www.spak.art.pl\/index.php?rest_route=\/wp\/v2\/posts\/1771","targetHints":{"allow":["GET"]}}],"collection":[{"href":"http:\/\/www.spak.art.pl\/index.php?rest_route=\/wp\/v2\/posts"}],"about":[{"href":"http:\/\/www.spak.art.pl\/index.php?rest_route=\/wp\/v2\/types\/post"}],"author":[{"embeddable":true,"href":"http:\/\/www.spak.art.pl\/index.php?rest_route=\/wp\/v2\/users\/1"}],"replies":[{"embeddable":true,"href":"http:\/\/www.spak.art.pl\/index.php?rest_route=%2Fwp%2Fv2%2Fcomments&post=1771"}],"version-history":[{"count":3,"href":"http:\/\/www.spak.art.pl\/index.php?rest_route=\/wp\/v2\/posts\/1771\/revisions"}],"predecessor-version":[{"id":1774,"href":"http:\/\/www.spak.art.pl\/index.php?rest_route=\/wp\/v2\/posts\/1771\/revisions\/1774"}],"wp:attachment":[{"href":"http:\/\/www.spak.art.pl\/index.php?rest_route=%2Fwp%2Fv2%2Fmedia&parent=1771"}],"wp:term":[{"taxonomy":"category","embeddable":true,"href":"http:\/\/www.spak.art.pl\/index.php?rest_route=%2Fwp%2Fv2%2Fcategories&post=1771"},{"taxonomy":"post_tag","embeddable":true,"href":"http:\/\/www.spak.art.pl\/index.php?rest_route=%2Fwp%2Fv2%2Ftags&post=1771"}],"curies":[{"name":"wp","href":"https:\/\/api.w.org\/{rel}","templated":true}]}}