{"id":2061,"date":"2013-11-20T14:21:38","date_gmt":"2013-11-20T14:21:38","guid":{"rendered":"http:\/\/www.spak.art.pl\/?p=2061"},"modified":"2013-11-20T14:21:38","modified_gmt":"2013-11-20T14:21:38","slug":"frankowski-w-poczesnej","status":"publish","type":"post","link":"http:\/\/www.spak.art.pl\/?p=2061","title":{"rendered":"Frankowski w Poczesnej"},"content":{"rendered":"<p>Stowarzyszenie Polskich Artyst\u00f3w Karykatury przyzna\u0142o Honorow\u0105 Odznak\u0119 SPAK &#8211; z prawem do noszenia &#8211; w\u00f3jtowi Gminy Poczesna \u2013 Krzysztofowi Ujmie.<\/p>\n<p>Wyr\u00f3\u017cnienie to wr\u0119czy\u0142 \u2013 <strong>Jacek Frankowski<\/strong>. Wyr\u00f3\u017cnienie to zosta\u0142o przyznane Krzysztofowi Ujmie za krzewienie kultury i propagowanie sztuki karykatury na terenie Gminy Poczesna. W miejscowym Centrum Kultury, na przestrzeni kilku miesi\u0119cy, mo\u017cna ogl\u0105da\u0107 ju\u017c drug\u0105 wystaw\u0119 karykatur.<\/p>\n<p>Wyr\u00f3\u017cnienie dla w\u00f3jta Ujmy, zosta\u0142o przyznane podczas VI Balu Charytatywnego, kt\u00f3ry odby\u0142 si\u0119 w Poczesnej 16 listopada, a z kt\u00f3rego doch\u00f3d przeznaczony zostanie na doposa\u017cenie gabinetu rehabilitacyjnego, kt\u00f3ry powstanie na terenie Gminy Poczesna. Bal by\u0142 te\u017c okazj\u0105 do uroczystego otwarcia wystawy karykatury. Wst\u0119g\u0119 przecina\u0142a przewodnicz\u0105ca Rady Gminy &#8211; Lidia Ka\u017amierczak, Jacek Frankowski oraz Krzysztof Ujma. \u201eArtystyczn\u0105 terapi\u0119 \u015bmiechem\u201d, czyli wystaw\u0119 karykatur Jacka Frankowskiego, mo\u017cna ogl\u0105da\u0107 do ko\u0144ca 2013 roku w Gminnym Centrum Kultury, Informacji i Rekreacji w Poczesnej (ul. Modrzewiowa 3).<\/p>\n<p><em>(\u017ar\u00f3d\u0142o: <a href=\"http:\/\/www.poczesna,.pl\/\">www.poczesna,.pl<\/a>, fot. poczesna.pl)<\/em><\/p>\n<div id=\"attachment_2063\" style=\"width: 300px\" class=\"wp-caption alignleft\"><a href=\"http:\/\/www.spak.art.pl\/wp-content\/uploads\/2013\/11\/poczesna4.jpg\"><img loading=\"lazy\" decoding=\"async\" aria-describedby=\"caption-attachment-2063\" class=\"size-full wp-image-2063\" title=\"poczesna4\" src=\"http:\/\/www.spak.art.pl\/wp-content\/uploads\/2013\/11\/poczesna4.jpg\" alt=\"\" width=\"300\" height=\"450\" srcset=\"http:\/\/www.spak.art.pl\/wp-content\/uploads\/2013\/11\/poczesna4.jpg 300w, http:\/\/www.spak.art.pl\/wp-content\/uploads\/2013\/11\/poczesna4-200x300.jpg 200w\" sizes=\"auto, (max-width: 300px) 100vw, 300px\" \/><\/a><p id=\"caption-attachment-2063\" class=\"wp-caption-text\">Fragment wystawy karykatur Jacka Frankowskiego<\/p><\/div>\n<div id=\"attachment_2062\" style=\"width: 300px\" class=\"wp-caption alignleft\"><a href=\"http:\/\/www.spak.art.pl\/wp-content\/uploads\/2013\/11\/poczesna3.jpg\"><img loading=\"lazy\" decoding=\"async\" aria-describedby=\"caption-attachment-2062\" class=\"size-full wp-image-2062\" title=\"poczesna3\" src=\"http:\/\/www.spak.art.pl\/wp-content\/uploads\/2013\/11\/poczesna3.jpg\" alt=\"\" width=\"300\" height=\"450\" srcset=\"http:\/\/www.spak.art.pl\/wp-content\/uploads\/2013\/11\/poczesna3.jpg 300w, http:\/\/www.spak.art.pl\/wp-content\/uploads\/2013\/11\/poczesna3-200x300.jpg 200w\" sizes=\"auto, (max-width: 300px) 100vw, 300px\" \/><\/a><p id=\"caption-attachment-2062\" class=\"wp-caption-text\">Jacek Frankowski (z prawej) przypina Honorow\u0105 Odznak\u0119 SPAK w\u00f3jtowi Gminy Poczesna - Krzysztofowi Ujmie<\/p><\/div>\n","protected":false},"excerpt":{"rendered":"<p>Stowarzyszenie Polskich Artyst\u00f3w Karykatury przyzna\u0142o Honorow\u0105 Odznak\u0119 SPAK &#8211; z prawem do noszenia &#8211; w\u00f3jtowi Gminy Poczesna \u2013 Krzysztofowi Ujmie. Wyr\u00f3\u017cnienie to wr\u0119czy\u0142 \u2013 Jacek Frankowski. Wyr\u00f3\u017cnienie to zosta\u0142o przyznane Krzysztofowi Ujmie za krzewienie kultury i propagowanie sztuki karykatury na terenie Gminy Poczesna. W miejscowym Centrum Kultury, na przestrzeni kilku miesi\u0119cy, mo\u017cna ogl\u0105da\u0107 ju\u017c drug\u0105 &hellip; <\/p>\n<p><a class=\"more-link btn\" href=\"http:\/\/www.spak.art.pl\/?p=2061\">Kontynuuj czytanie<\/a><\/p>\n","protected":false},"author":1,"featured_media":0,"comment_status":"closed","ping_status":"closed","sticky":false,"template":"","format":"standard","meta":{"ngg_post_thumbnail":0,"footnotes":""},"categories":[9],"tags":[],"class_list":["post-2061","post","type-post","status-publish","format-standard","hentry","category-aktualnosci","nodate","item-wrap"],"_links":{"self":[{"href":"http:\/\/www.spak.art.pl\/index.php?rest_route=\/wp\/v2\/posts\/2061","targetHints":{"allow":["GET"]}}],"collection":[{"href":"http:\/\/www.spak.art.pl\/index.php?rest_route=\/wp\/v2\/posts"}],"about":[{"href":"http:\/\/www.spak.art.pl\/index.php?rest_route=\/wp\/v2\/types\/post"}],"author":[{"embeddable":true,"href":"http:\/\/www.spak.art.pl\/index.php?rest_route=\/wp\/v2\/users\/1"}],"replies":[{"embeddable":true,"href":"http:\/\/www.spak.art.pl\/index.php?rest_route=%2Fwp%2Fv2%2Fcomments&post=2061"}],"version-history":[{"count":2,"href":"http:\/\/www.spak.art.pl\/index.php?rest_route=\/wp\/v2\/posts\/2061\/revisions"}],"predecessor-version":[{"id":2065,"href":"http:\/\/www.spak.art.pl\/index.php?rest_route=\/wp\/v2\/posts\/2061\/revisions\/2065"}],"wp:attachment":[{"href":"http:\/\/www.spak.art.pl\/index.php?rest_route=%2Fwp%2Fv2%2Fmedia&parent=2061"}],"wp:term":[{"taxonomy":"category","embeddable":true,"href":"http:\/\/www.spak.art.pl\/index.php?rest_route=%2Fwp%2Fv2%2Fcategories&post=2061"},{"taxonomy":"post_tag","embeddable":true,"href":"http:\/\/www.spak.art.pl\/index.php?rest_route=%2Fwp%2Fv2%2Ftags&post=2061"}],"curies":[{"name":"wp","href":"https:\/\/api.w.org\/{rel}","templated":true}]}}