{"id":2067,"date":"2013-11-24T14:41:56","date_gmt":"2013-11-24T14:41:56","guid":{"rendered":"http:\/\/www.spak.art.pl\/?p=2067"},"modified":"2013-11-24T14:41:56","modified_gmt":"2013-11-24T14:41:56","slug":"graczyk-wygral-%e2%80%9ezlota-szpile-2013","status":"publish","type":"post","link":"http:\/\/www.spak.art.pl\/?p=2067","title":{"rendered":"Graczyk wygra\u0142 \u201eZ\u0142ot\u0105 Szpil\u0119\u201d 2013"},"content":{"rendered":"<p><a href=\"http:\/\/www.spak.art.pl\/wp-content\/uploads\/2013\/11\/zlota-szpila-plakat.jpg\"><img loading=\"lazy\" decoding=\"async\" class=\"alignleft size-full wp-image-2068\" title=\"zlota szpila plakat\" src=\"http:\/\/www.spak.art.pl\/wp-content\/uploads\/2013\/11\/zlota-szpila-plakat.jpg\" alt=\"\" width=\"318\" height=\"450\" srcset=\"http:\/\/www.spak.art.pl\/wp-content\/uploads\/2013\/11\/zlota-szpila-plakat.jpg 318w, http:\/\/www.spak.art.pl\/wp-content\/uploads\/2013\/11\/zlota-szpila-plakat-212x300.jpg 212w\" sizes=\"auto, (max-width: 318px) 100vw, 318px\" \/><\/a>Micha\u0142 Graczyk wygra\u0142 XVI Og\u00f3lnopolski Turniej Satyry im. I. Krasickiego \u201eO Z\u0142ot\u0105 Szpil\u0119\u201d (Centrum Kulturalne w Przemy\u015blu). Jury, kt\u00f3remu przewodniczy\u0142 Henryk Cebula (w sk\u0142adzie: Halina Paszkowska, Helena Piaskowska) przyzna\u0142o nast\u0119puj\u0105ce nagrody:<\/p>\n<p>W kategorii doros\u0142ych:<\/p>\n<p>1 nagroda \u2013 Micha\u0142 Graczyk, za zestaw prac<\/p>\n<p>II nagroda \u2013 Miros\u0142aw Hajnos, za zestaw prac<\/p>\n<p>III nagroda \u2013 Jacek Fr\u0105ckiewicz \u2013 za zestaw prac<\/p>\n<p>Wyr\u00f3\u017cnienia: Grzegorz Wach, Jan Surma i Zbigniew Piszczako.<\/p>\n<p>W kategorii uczni\u00f3w i student\u00f3w szk\u00f3\u0142 artystycznych:<\/p>\n<p>I nagroda ex aequo:<\/p>\n<p>Sylwia Grzelakowska \u2013 ZSP Jaros\u0142aw<\/p>\n<p>Agata Ogierman \u2013 ZSP Katowice<\/p>\n<p>II nagroda ex aequo:<\/p>\n<p>Paulina Sobel \u2013 ZSP Katowice<\/p>\n<p>Zuzanna Lichota \u2013 ZSP Katowice<\/p>\n<p>III nagroda<\/p>\n<p>Julia Kempa \u2013 Mys\u0142owice<\/p>\n<p>Wr\u0119czenie nagr\u00f3d odby\u0142o si\u0119 w sobot\u0119, 23 listopada, w Jaros\u0142awiu, w Centrum Kultury i Promocji (Rynek 5).<\/p>\n<p>Natomiast otwarcie wystawy pokonkursowej odb\u0119dzie w Jaros\u0142awiu, w Galerii \u201ePirania\u201d, si\u0119 <strong>29 listopada (pi\u0105tek), o godz. 18.45<\/strong>. Towarzyszy\u0107 temu b\u0119dzie otwarcie wystawy rysunk\u00f3w Henryka Cebuli i Marka Gliwy p.t. \u201eJajka z Miko\u0142ajka\u201d.<\/p>\n<p>Zapraszamy<\/p>\n","protected":false},"excerpt":{"rendered":"<p>Micha\u0142 Graczyk wygra\u0142 XVI Og\u00f3lnopolski Turniej Satyry im. I. Krasickiego \u201eO Z\u0142ot\u0105 Szpil\u0119\u201d (Centrum Kulturalne w Przemy\u015blu). Jury, kt\u00f3remu przewodniczy\u0142 Henryk Cebula (w sk\u0142adzie: Halina Paszkowska, Helena Piaskowska) przyzna\u0142o nast\u0119puj\u0105ce nagrody: W kategorii doros\u0142ych: 1 nagroda \u2013 Micha\u0142 Graczyk, za zestaw prac II nagroda \u2013 Miros\u0142aw Hajnos, za zestaw prac III nagroda \u2013 Jacek Fr\u0105ckiewicz &hellip; <\/p>\n<p><a class=\"more-link btn\" href=\"http:\/\/www.spak.art.pl\/?p=2067\">Kontynuuj czytanie<\/a><\/p>\n","protected":false},"author":1,"featured_media":0,"comment_status":"closed","ping_status":"closed","sticky":false,"template":"","format":"standard","meta":{"ngg_post_thumbnail":0,"footnotes":""},"categories":[9],"tags":[],"class_list":["post-2067","post","type-post","status-publish","format-standard","hentry","category-aktualnosci","nodate","item-wrap"],"_links":{"self":[{"href":"http:\/\/www.spak.art.pl\/index.php?rest_route=\/wp\/v2\/posts\/2067","targetHints":{"allow":["GET"]}}],"collection":[{"href":"http:\/\/www.spak.art.pl\/index.php?rest_route=\/wp\/v2\/posts"}],"about":[{"href":"http:\/\/www.spak.art.pl\/index.php?rest_route=\/wp\/v2\/types\/post"}],"author":[{"embeddable":true,"href":"http:\/\/www.spak.art.pl\/index.php?rest_route=\/wp\/v2\/users\/1"}],"replies":[{"embeddable":true,"href":"http:\/\/www.spak.art.pl\/index.php?rest_route=%2Fwp%2Fv2%2Fcomments&post=2067"}],"version-history":[{"count":2,"href":"http:\/\/www.spak.art.pl\/index.php?rest_route=\/wp\/v2\/posts\/2067\/revisions"}],"predecessor-version":[{"id":2070,"href":"http:\/\/www.spak.art.pl\/index.php?rest_route=\/wp\/v2\/posts\/2067\/revisions\/2070"}],"wp:attachment":[{"href":"http:\/\/www.spak.art.pl\/index.php?rest_route=%2Fwp%2Fv2%2Fmedia&parent=2067"}],"wp:term":[{"taxonomy":"category","embeddable":true,"href":"http:\/\/www.spak.art.pl\/index.php?rest_route=%2Fwp%2Fv2%2Fcategories&post=2067"},{"taxonomy":"post_tag","embeddable":true,"href":"http:\/\/www.spak.art.pl\/index.php?rest_route=%2Fwp%2Fv2%2Ftags&post=2067"}],"curies":[{"name":"wp","href":"https:\/\/api.w.org\/{rel}","templated":true}]}}