{"id":2072,"date":"2013-11-26T16:11:18","date_gmt":"2013-11-26T16:11:18","guid":{"rendered":"http:\/\/www.spak.art.pl\/?p=2072"},"modified":"2013-11-26T16:11:18","modified_gmt":"2013-11-26T16:11:18","slug":"%e2%80%9ekurorty-i-kuracjusze-zmiana-terminu-wreczenia-nagrod","status":"publish","type":"post","link":"http:\/\/www.spak.art.pl\/?p=2072","title":{"rendered":"\u201eKurorty i kuracjusze\u201d \u2013 zmiana terminu wr\u0119czenia nagr\u00f3d"},"content":{"rendered":"<p>Ze wzgl\u0119du na remont Miejskiej Biblioteki Publicznej w Polanicy-Zdroju, wr\u0119czenie nagr\u00f3d i otwarcie wystawy pokonkursowej <strong>I <\/strong>Polanickiego Biennale Rysunku Satyrycznego \u201eKurorty i kuracjusze\u201d, kt\u00f3re mia\u0142o si\u0119 odby\u0107 6 grudnia 2013 roku, zostaje przesuni\u0119te na II po\u0142ow\u0119 stycznia 2014. \u00a0Impreza zostanie po\u0142\u0105czona z uroczystym otwarciem nowej biblioteki. O dok\u0142adnym terminie uroczysto\u015bci wszyscy laureaci zostan\u0105 indywidualnie powiadomieni.<\/p>\n","protected":false},"excerpt":{"rendered":"<p>Ze wzgl\u0119du na remont Miejskiej Biblioteki Publicznej w Polanicy-Zdroju, wr\u0119czenie nagr\u00f3d i otwarcie wystawy pokonkursowej I Polanickiego Biennale Rysunku Satyrycznego \u201eKurorty i kuracjusze\u201d, kt\u00f3re mia\u0142o si\u0119 odby\u0107 6 grudnia 2013 roku, zostaje przesuni\u0119te na II po\u0142ow\u0119 stycznia 2014. \u00a0Impreza zostanie po\u0142\u0105czona z uroczystym otwarciem nowej biblioteki. O dok\u0142adnym terminie uroczysto\u015bci wszyscy laureaci zostan\u0105 indywidualnie powiadomieni.<\/p>\n","protected":false},"author":1,"featured_media":0,"comment_status":"closed","ping_status":"closed","sticky":false,"template":"","format":"standard","meta":{"ngg_post_thumbnail":0,"footnotes":""},"categories":[9],"tags":[],"class_list":["post-2072","post","type-post","status-publish","format-standard","hentry","category-aktualnosci","nodate","item-wrap"],"_links":{"self":[{"href":"http:\/\/www.spak.art.pl\/index.php?rest_route=\/wp\/v2\/posts\/2072","targetHints":{"allow":["GET"]}}],"collection":[{"href":"http:\/\/www.spak.art.pl\/index.php?rest_route=\/wp\/v2\/posts"}],"about":[{"href":"http:\/\/www.spak.art.pl\/index.php?rest_route=\/wp\/v2\/types\/post"}],"author":[{"embeddable":true,"href":"http:\/\/www.spak.art.pl\/index.php?rest_route=\/wp\/v2\/users\/1"}],"replies":[{"embeddable":true,"href":"http:\/\/www.spak.art.pl\/index.php?rest_route=%2Fwp%2Fv2%2Fcomments&post=2072"}],"version-history":[{"count":3,"href":"http:\/\/www.spak.art.pl\/index.php?rest_route=\/wp\/v2\/posts\/2072\/revisions"}],"predecessor-version":[{"id":2075,"href":"http:\/\/www.spak.art.pl\/index.php?rest_route=\/wp\/v2\/posts\/2072\/revisions\/2075"}],"wp:attachment":[{"href":"http:\/\/www.spak.art.pl\/index.php?rest_route=%2Fwp%2Fv2%2Fmedia&parent=2072"}],"wp:term":[{"taxonomy":"category","embeddable":true,"href":"http:\/\/www.spak.art.pl\/index.php?rest_route=%2Fwp%2Fv2%2Fcategories&post=2072"},{"taxonomy":"post_tag","embeddable":true,"href":"http:\/\/www.spak.art.pl\/index.php?rest_route=%2Fwp%2Fv2%2Ftags&post=2072"}],"curies":[{"name":"wp","href":"https:\/\/api.w.org\/{rel}","templated":true}]}}