{"id":2204,"date":"2014-01-13T18:07:16","date_gmt":"2014-01-13T18:07:16","guid":{"rendered":"http:\/\/www.spak.art.pl\/?p=2204"},"modified":"2014-01-13T18:07:16","modified_gmt":"2014-01-13T18:07:16","slug":"luczynski-zasluzony","status":"publish","type":"post","link":"http:\/\/www.spak.art.pl\/?p=2204","title":{"rendered":"\u0141uczy\u0144ski zas\u0142u\u017cony"},"content":{"rendered":"<p><strong><a href=\"http:\/\/www.spak.art.pl\/wp-content\/uploads\/2014\/01\/luczynski-medal.jpg\"><img loading=\"lazy\" decoding=\"async\" class=\"alignleft size-full wp-image-2205\" title=\"OLYMPUS DIGITAL CAMERA\" src=\"http:\/\/www.spak.art.pl\/wp-content\/uploads\/2014\/01\/luczynski-medal.jpg\" alt=\"\" width=\"350\" height=\"450\" srcset=\"http:\/\/www.spak.art.pl\/wp-content\/uploads\/2014\/01\/luczynski-medal.jpg 350w, http:\/\/www.spak.art.pl\/wp-content\/uploads\/2014\/01\/luczynski-medal-233x300.jpg 233w\" sizes=\"auto, (max-width: 350px) 100vw, 350px\" \/><\/a>S\u0142awomir \u0141uczy\u0144ski<\/strong> otrzyma\u0142 odznak\u0119 &#8222;Zas\u0142u\u017cony dla Kultury Polskiej&#8221; nadan\u0105 przez ministra kultury i dziedzictwa narodowego.<br \/>\nWr\u0119czenie odby\u0142o si\u0119 podczas jubileuszowej gali z okazji 50-lecia Towarzystwa Przyjaci\u00f3\u0142 Pabianic.<\/p>\n","protected":false},"excerpt":{"rendered":"<p>S\u0142awomir \u0141uczy\u0144ski otrzyma\u0142 odznak\u0119 &#8222;Zas\u0142u\u017cony dla Kultury Polskiej&#8221; nadan\u0105 przez ministra kultury i dziedzictwa narodowego. Wr\u0119czenie odby\u0142o si\u0119 podczas jubileuszowej gali z okazji 50-lecia Towarzystwa Przyjaci\u00f3\u0142 Pabianic.<\/p>\n","protected":false},"author":1,"featured_media":0,"comment_status":"closed","ping_status":"closed","sticky":false,"template":"","format":"standard","meta":{"ngg_post_thumbnail":0,"footnotes":""},"categories":[9],"tags":[],"class_list":["post-2204","post","type-post","status-publish","format-standard","hentry","category-aktualnosci","nodate","item-wrap"],"_links":{"self":[{"href":"http:\/\/www.spak.art.pl\/index.php?rest_route=\/wp\/v2\/posts\/2204","targetHints":{"allow":["GET"]}}],"collection":[{"href":"http:\/\/www.spak.art.pl\/index.php?rest_route=\/wp\/v2\/posts"}],"about":[{"href":"http:\/\/www.spak.art.pl\/index.php?rest_route=\/wp\/v2\/types\/post"}],"author":[{"embeddable":true,"href":"http:\/\/www.spak.art.pl\/index.php?rest_route=\/wp\/v2\/users\/1"}],"replies":[{"embeddable":true,"href":"http:\/\/www.spak.art.pl\/index.php?rest_route=%2Fwp%2Fv2%2Fcomments&post=2204"}],"version-history":[{"count":2,"href":"http:\/\/www.spak.art.pl\/index.php?rest_route=\/wp\/v2\/posts\/2204\/revisions"}],"predecessor-version":[{"id":2207,"href":"http:\/\/www.spak.art.pl\/index.php?rest_route=\/wp\/v2\/posts\/2204\/revisions\/2207"}],"wp:attachment":[{"href":"http:\/\/www.spak.art.pl\/index.php?rest_route=%2Fwp%2Fv2%2Fmedia&parent=2204"}],"wp:term":[{"taxonomy":"category","embeddable":true,"href":"http:\/\/www.spak.art.pl\/index.php?rest_route=%2Fwp%2Fv2%2Fcategories&post=2204"},{"taxonomy":"post_tag","embeddable":true,"href":"http:\/\/www.spak.art.pl\/index.php?rest_route=%2Fwp%2Fv2%2Ftags&post=2204"}],"curies":[{"name":"wp","href":"https:\/\/api.w.org\/{rel}","templated":true}]}}