{"id":2341,"date":"2014-02-24T18:20:31","date_gmt":"2014-02-24T18:20:31","guid":{"rendered":"http:\/\/www.spak.art.pl\/?p=2341"},"modified":"2014-02-24T18:20:31","modified_gmt":"2014-02-24T18:20:31","slug":"wernisaz-krzycha-relacja","status":"publish","type":"post","link":"http:\/\/www.spak.art.pl\/?p=2341","title":{"rendered":"Wernisa\u017c Krzycha \u2013 relacja"},"content":{"rendered":"<p><strong><a href=\"http:\/\/www.spak.art.pl\/wp-content\/uploads\/2014\/02\/krzych-2014.jpg\"><img loading=\"lazy\" decoding=\"async\" class=\"alignleft size-full wp-image-2342\" title=\"krzych 2014\" src=\"http:\/\/www.spak.art.pl\/wp-content\/uploads\/2014\/02\/krzych-2014.jpg\" alt=\"\" width=\"357\" height=\"450\" srcset=\"http:\/\/www.spak.art.pl\/wp-content\/uploads\/2014\/02\/krzych-2014.jpg 357w, http:\/\/www.spak.art.pl\/wp-content\/uploads\/2014\/02\/krzych-2014-238x300.jpg 238w\" sizes=\"auto, (max-width: 357px) 100vw, 357px\" \/><\/a>15 lutego<\/strong>, w Galerii u Attavantich, w Jaros\u0142awiu (Centrum Kultury i Promocji, Rynek 5), odby\u0142 si\u0119 wernisa\u017c wystawy w rocznic\u0119 \u015bmierci <strong>Krzysztofa Krzycha<\/strong> (1956 \u2013 2013), znakomitego rysownika, portrecisty i malarza.<\/p>\n<p>Wystaw\u0119 mo\u017cna ogl\u0105da\u0107 do 12 marca.<\/p>\n<p>Wi\u0119cej zdj\u0119\u0107 oraz filmow\u0105 relacj\u0119 z wernisa\u017cu mo\u017cna obejrze\u0107 na stronie <a href=\"http:\/\/twojatv.info\/aktualnosci,457.html\">http:\/\/twojatv.info\/aktualnosci,457.html<\/a><\/p>\n","protected":false},"excerpt":{"rendered":"<p>15 lutego, w Galerii u Attavantich, w Jaros\u0142awiu (Centrum Kultury i Promocji, Rynek 5), odby\u0142 si\u0119 wernisa\u017c wystawy w rocznic\u0119 \u015bmierci Krzysztofa Krzycha (1956 \u2013 2013), znakomitego rysownika, portrecisty i malarza. Wystaw\u0119 mo\u017cna ogl\u0105da\u0107 do 12 marca. Wi\u0119cej zdj\u0119\u0107 oraz filmow\u0105 relacj\u0119 z wernisa\u017cu mo\u017cna obejrze\u0107 na stronie http:\/\/twojatv.info\/aktualnosci,457.html<\/p>\n","protected":false},"author":1,"featured_media":0,"comment_status":"closed","ping_status":"closed","sticky":false,"template":"","format":"standard","meta":{"ngg_post_thumbnail":0,"footnotes":""},"categories":[9],"tags":[],"class_list":["post-2341","post","type-post","status-publish","format-standard","hentry","category-aktualnosci","nodate","item-wrap"],"_links":{"self":[{"href":"http:\/\/www.spak.art.pl\/index.php?rest_route=\/wp\/v2\/posts\/2341","targetHints":{"allow":["GET"]}}],"collection":[{"href":"http:\/\/www.spak.art.pl\/index.php?rest_route=\/wp\/v2\/posts"}],"about":[{"href":"http:\/\/www.spak.art.pl\/index.php?rest_route=\/wp\/v2\/types\/post"}],"author":[{"embeddable":true,"href":"http:\/\/www.spak.art.pl\/index.php?rest_route=\/wp\/v2\/users\/1"}],"replies":[{"embeddable":true,"href":"http:\/\/www.spak.art.pl\/index.php?rest_route=%2Fwp%2Fv2%2Fcomments&post=2341"}],"version-history":[{"count":2,"href":"http:\/\/www.spak.art.pl\/index.php?rest_route=\/wp\/v2\/posts\/2341\/revisions"}],"predecessor-version":[{"id":2344,"href":"http:\/\/www.spak.art.pl\/index.php?rest_route=\/wp\/v2\/posts\/2341\/revisions\/2344"}],"wp:attachment":[{"href":"http:\/\/www.spak.art.pl\/index.php?rest_route=%2Fwp%2Fv2%2Fmedia&parent=2341"}],"wp:term":[{"taxonomy":"category","embeddable":true,"href":"http:\/\/www.spak.art.pl\/index.php?rest_route=%2Fwp%2Fv2%2Fcategories&post=2341"},{"taxonomy":"post_tag","embeddable":true,"href":"http:\/\/www.spak.art.pl\/index.php?rest_route=%2Fwp%2Fv2%2Ftags&post=2341"}],"curies":[{"name":"wp","href":"https:\/\/api.w.org\/{rel}","templated":true}]}}