{"id":2587,"date":"2014-05-11T18:20:44","date_gmt":"2014-05-11T18:20:44","guid":{"rendered":"http:\/\/www.spak.art.pl\/?p=2587"},"modified":"2014-05-11T18:20:44","modified_gmt":"2014-05-11T18:20:44","slug":"plener-satyryczny-w-sulejowie","status":"publish","type":"post","link":"http:\/\/www.spak.art.pl\/?p=2587","title":{"rendered":"Plener satyryczny w Sulejowie"},"content":{"rendered":"<p><a href=\"http:\/\/www.spak.art.pl\/wp-content\/uploads\/2014\/05\/sulejow-plener-2014.jpg\"><img loading=\"lazy\" decoding=\"async\" class=\"alignleft size-full wp-image-2588\" title=\"sulejow plener 2014\" src=\"http:\/\/www.spak.art.pl\/wp-content\/uploads\/2014\/05\/sulejow-plener-2014.jpg\" alt=\"\" width=\"450\" height=\"247\" srcset=\"http:\/\/www.spak.art.pl\/wp-content\/uploads\/2014\/05\/sulejow-plener-2014.jpg 450w, http:\/\/www.spak.art.pl\/wp-content\/uploads\/2014\/05\/sulejow-plener-2014-300x164.jpg 300w\" sizes=\"auto, (max-width: 450px) 100vw, 450px\" \/><\/a><\/p>\n<p>W dniach od 27 kwietnia do 4 maja odbywa\u0142 si\u0119 II Mi\u0119dzynarodowy Plener Artyst\u00f3w Karykaturzyst\u00f3w Piotrk\u00f3w Trybunalski &#8211; W\u0142odzimierz\u00f3w &#8211; Sulej\u00f3w, w kt\u00f3rym uczestniczyli: <strong>Janusz Mrozowski, Sergiusz Kaszkowski, Zenon \u017byburtowicz, Jacek Lanckoro\u0144ski, Tomasz Rzeszutek, Micha\u0142 Graczyk, Pawe\u0142 Kuczy\u0144ski, S\u0142awomir \u0141uczy\u0144ski, Jakub Wiejacki, Bart\u0142omiej Belniak, Wies\u0142aw Lipecki, Szczepan Sadurski<\/strong> oraz czescy rysownicy <strong>Jiri Novak i Lubomir Lichy<\/strong>.<br \/>\nG\u0142\u00f3wn\u0105 baz\u0105 pleneru by\u0142 hotel &#8222;Zielony Go\u015bciniec&#8221; we W\u0142odzimierzowie (woj. \u0142\u00f3dzkie), ale program pleneru by\u0142 intensywnie wype\u0142niony &#8211; rysownicy co dzie\u0144 byli w innym miejscu. W poniedzia\u0142ek, 28.04, zawitali do Piotrkowa Trybunalskiego, gdzie na Rynku Trybunalskim i Galerii przy Rynku mia\u0142o miejsce otwarcie pleneru i wystawy przedplenerowej. Wieczorem uczestniczyli w koncercie Lubomira Lichego, kt\u00f3ry z powodzeniem \u0142\u0105czy muzyk\u0119 z rysowaniem. Na scenie towarzyszyli mu zaprzyja\u017anieni bluesmani.<br \/>\nNast\u0119pny dzie\u0144, to praca tw\u00f3rcza, czyli rysowanie na terenie kompleksu hotelowo-rekreacyjnego &#8222;Zielony Go\u015bciniec&#8221;. Arty\u015bci byli na tamie na zbiorniku sulejowskim w Smardzewicach, w Hucie Finezja w Wolborzu i stadninie koni w Bogus\u0142awicach.<br \/>\nW dniu \u015awi\u0119ta Ludzi Pracy, 1 maja, udali si\u0119 na poch\u00f3d pierwszomajowy, kt\u00f3ry sami zorganizowali. Maszerowali po okolicach &#8222;Zielonego Go\u015bci\u0144ca&#8221;. W dniu kolejnym zamienili p\u0119dzle na wios\u0142a \u2013 odby\u0142 si\u0119 wtedy sp\u0142yw kajakowy rzek\u0105 Pilic\u0105 w okolicach Przedborza i biesiada w Podklasztorzu.<br \/>\nPlener sfinalizowano rysowaniem karykatur w Sulejowie i wystaw\u0105 prac poplenerowych.<\/p>\n<p><em>(\u0179r\u00f3d\u0142o: <a href=\"http:\/\/www.hajnos.pl\/\">www.hajnos.pl<\/a>)<\/em><\/p>\n","protected":false},"excerpt":{"rendered":"<p>W dniach od 27 kwietnia do 4 maja odbywa\u0142 si\u0119 II Mi\u0119dzynarodowy Plener Artyst\u00f3w Karykaturzyst\u00f3w Piotrk\u00f3w Trybunalski &#8211; W\u0142odzimierz\u00f3w &#8211; Sulej\u00f3w, w kt\u00f3rym uczestniczyli: Janusz Mrozowski, Sergiusz Kaszkowski, Zenon \u017byburtowicz, Jacek Lanckoro\u0144ski, Tomasz Rzeszutek, Micha\u0142 Graczyk, Pawe\u0142 Kuczy\u0144ski, S\u0142awomir \u0141uczy\u0144ski, Jakub Wiejacki, Bart\u0142omiej Belniak, Wies\u0142aw Lipecki, Szczepan Sadurski oraz czescy rysownicy Jiri Novak i Lubomir &hellip; <\/p>\n<p><a class=\"more-link btn\" href=\"http:\/\/www.spak.art.pl\/?p=2587\">Kontynuuj czytanie<\/a><\/p>\n","protected":false},"author":1,"featured_media":0,"comment_status":"closed","ping_status":"closed","sticky":false,"template":"","format":"standard","meta":{"ngg_post_thumbnail":0,"footnotes":""},"categories":[9],"tags":[],"class_list":["post-2587","post","type-post","status-publish","format-standard","hentry","category-aktualnosci","nodate","item-wrap"],"_links":{"self":[{"href":"http:\/\/www.spak.art.pl\/index.php?rest_route=\/wp\/v2\/posts\/2587","targetHints":{"allow":["GET"]}}],"collection":[{"href":"http:\/\/www.spak.art.pl\/index.php?rest_route=\/wp\/v2\/posts"}],"about":[{"href":"http:\/\/www.spak.art.pl\/index.php?rest_route=\/wp\/v2\/types\/post"}],"author":[{"embeddable":true,"href":"http:\/\/www.spak.art.pl\/index.php?rest_route=\/wp\/v2\/users\/1"}],"replies":[{"embeddable":true,"href":"http:\/\/www.spak.art.pl\/index.php?rest_route=%2Fwp%2Fv2%2Fcomments&post=2587"}],"version-history":[{"count":2,"href":"http:\/\/www.spak.art.pl\/index.php?rest_route=\/wp\/v2\/posts\/2587\/revisions"}],"predecessor-version":[{"id":2590,"href":"http:\/\/www.spak.art.pl\/index.php?rest_route=\/wp\/v2\/posts\/2587\/revisions\/2590"}],"wp:attachment":[{"href":"http:\/\/www.spak.art.pl\/index.php?rest_route=%2Fwp%2Fv2%2Fmedia&parent=2587"}],"wp:term":[{"taxonomy":"category","embeddable":true,"href":"http:\/\/www.spak.art.pl\/index.php?rest_route=%2Fwp%2Fv2%2Fcategories&post=2587"},{"taxonomy":"post_tag","embeddable":true,"href":"http:\/\/www.spak.art.pl\/index.php?rest_route=%2Fwp%2Fv2%2Ftags&post=2587"}],"curies":[{"name":"wp","href":"https:\/\/api.w.org\/{rel}","templated":true}]}}