{"id":2599,"date":"2014-05-15T08:17:43","date_gmt":"2014-05-15T08:17:43","guid":{"rendered":"http:\/\/www.spak.art.pl\/?p=2599"},"modified":"2014-05-15T08:17:43","modified_gmt":"2014-05-15T08:17:43","slug":"polacy-w-strumicy","status":"publish","type":"post","link":"http:\/\/www.spak.art.pl\/?p=2599","title":{"rendered":"Polacy w Strumicy"},"content":{"rendered":"<p><a href=\"http:\/\/www.spak.art.pl\/wp-content\/uploads\/2014\/05\/macedonia-strimnica-2014.jpg\"><img loading=\"lazy\" decoding=\"async\" class=\"alignleft size-full wp-image-2600\" title=\"macedonia strimnica 2014\" src=\"http:\/\/www.spak.art.pl\/wp-content\/uploads\/2014\/05\/macedonia-strimnica-2014.jpg\" alt=\"\" width=\"308\" height=\"450\" srcset=\"http:\/\/www.spak.art.pl\/wp-content\/uploads\/2014\/05\/macedonia-strimnica-2014.jpg 308w, http:\/\/www.spak.art.pl\/wp-content\/uploads\/2014\/05\/macedonia-strimnica-2014-205x300.jpg 205w\" sizes=\"auto, (max-width: 308px) 100vw, 308px\" \/><\/a>Dotar\u0142 do nas katalog z Mi\u0119dzynarodowego Festiwalu Aforyzmu i Karykatury w Macedonii &#8211; Strumica 2014.<\/p>\n<p>Opr\u00f3cz z nagrodzonego Z\u0142ot\u0105 Plakiet\u0105 rysunku <strong>Henryka Cebuli<\/strong>, znalaz\u0142y si\u0119 tam prace: <strong>Micha\u0142a Graczyka, Tadeusza Krotosa <\/strong>i<strong> Jacka Fr\u0105ckiewicza<\/strong>.<\/p>\n<p>Na ilustracji &#8211; ok\u0142adka katalogu.<\/p>\n","protected":false},"excerpt":{"rendered":"<p>Dotar\u0142 do nas katalog z Mi\u0119dzynarodowego Festiwalu Aforyzmu i Karykatury w Macedonii &#8211; Strumica 2014. Opr\u00f3cz z nagrodzonego Z\u0142ot\u0105 Plakiet\u0105 rysunku Henryka Cebuli, znalaz\u0142y si\u0119 tam prace: Micha\u0142a Graczyka, Tadeusza Krotosa i Jacka Fr\u0105ckiewicza. Na ilustracji &#8211; ok\u0142adka katalogu.<\/p>\n","protected":false},"author":1,"featured_media":0,"comment_status":"closed","ping_status":"closed","sticky":false,"template":"","format":"standard","meta":{"ngg_post_thumbnail":0,"footnotes":""},"categories":[9],"tags":[],"class_list":["post-2599","post","type-post","status-publish","format-standard","hentry","category-aktualnosci","nodate","item-wrap"],"_links":{"self":[{"href":"http:\/\/www.spak.art.pl\/index.php?rest_route=\/wp\/v2\/posts\/2599","targetHints":{"allow":["GET"]}}],"collection":[{"href":"http:\/\/www.spak.art.pl\/index.php?rest_route=\/wp\/v2\/posts"}],"about":[{"href":"http:\/\/www.spak.art.pl\/index.php?rest_route=\/wp\/v2\/types\/post"}],"author":[{"embeddable":true,"href":"http:\/\/www.spak.art.pl\/index.php?rest_route=\/wp\/v2\/users\/1"}],"replies":[{"embeddable":true,"href":"http:\/\/www.spak.art.pl\/index.php?rest_route=%2Fwp%2Fv2%2Fcomments&post=2599"}],"version-history":[{"count":2,"href":"http:\/\/www.spak.art.pl\/index.php?rest_route=\/wp\/v2\/posts\/2599\/revisions"}],"predecessor-version":[{"id":2602,"href":"http:\/\/www.spak.art.pl\/index.php?rest_route=\/wp\/v2\/posts\/2599\/revisions\/2602"}],"wp:attachment":[{"href":"http:\/\/www.spak.art.pl\/index.php?rest_route=%2Fwp%2Fv2%2Fmedia&parent=2599"}],"wp:term":[{"taxonomy":"category","embeddable":true,"href":"http:\/\/www.spak.art.pl\/index.php?rest_route=%2Fwp%2Fv2%2Fcategories&post=2599"},{"taxonomy":"post_tag","embeddable":true,"href":"http:\/\/www.spak.art.pl\/index.php?rest_route=%2Fwp%2Fv2%2Ftags&post=2599"}],"curies":[{"name":"wp","href":"https:\/\/api.w.org\/{rel}","templated":true}]}}