{"id":2652,"date":"2014-06-06T09:09:33","date_gmt":"2014-06-06T09:09:33","guid":{"rendered":"http:\/\/www.spak.art.pl\/?p=2652"},"modified":"2014-06-06T09:09:33","modified_gmt":"2014-06-06T09:09:33","slug":"wystawa-satyry-w-gubinie","status":"publish","type":"post","link":"http:\/\/www.spak.art.pl\/?p=2652","title":{"rendered":"Wystawa satyry w Gubinie"},"content":{"rendered":"<p>W Gubinie (lubuskie) w dniach <strong>6-8 czerwiec<\/strong> br. odb\u0119dzie si\u0119 tradycyjne \u015bwi\u0119to miasta, czyli\u00a053. Wiosna nad Nys\u0105.<br \/>\nJedn\u0105 z imprez b\u0119dzie prezentowana w Galerii &#8222;Ratusz&#8221; wystawa rysunk\u00f3w satyrycznych. Na ekspozycj\u0119 z\u0142o\u017cy\u0142y si\u0119 prace powsta\u0142e podczas trzech spotka\u0144 satyrycznych, kt\u00f3re mia\u0142y miejsce przed kilkoma laty w Gubinie.<br \/>\nPokazane zostan\u0105 na niej prace miejscowych satyryk\u00f3w: organizatorki wystawy <strong>Doroty Chwa\u0142ek<\/strong>, <strong>Eweliny Mroczkowskiej, Stanis\u0142awa Ko\u015bcieszy, Tomasza Wo\u0142oszyna<\/strong> (aktualnie &#8211; Niemcy), <strong>Tadeusza Raczkiewicza, Jerzego Fedro<\/strong> oraz rysownik\u00f3w &#8222;z Polski&#8221;: <strong>Ma\u0142gorzaty Gny\u015b<\/strong> (od jakiego\u015b czasu &#8211; Francja), <strong>Krzysztofa Tobo\u0142y, Jaros\u0142awa Hnidziejko, Daniela Strzelczyka, Dariusza W\u00f3jcika, Zbigniewa Pietrzyka, Dariusza Pietrzaka, Miros\u0142awa Krzy\u015bk\u00f3w, Adama Or\u0142amowskiego, Jaros\u0142awa Wojtasi\u0144skiego, Tadeusza Krotosa, Jakuba Wiejackiego, Andrzeja Graniaka, S\u0142awomira \u0141uczy\u0144skiego, Grzegorza Sobczaka <\/strong>i<strong> Miros\u0142awa Hajnosa<\/strong>.<br \/>\n\u015awi\u0105teczne dni, to tak\u017ce okazja do tradycyjnego spotkania malarzy i rysownik\u00f3w z Gubina i Guben na mo\u015bcie granicznym, gdzie b\u0119d\u0105 prezentowa\u0107 swoje prace. B\u0119dzie to tak\u017ce czas na refleksje i przemy\u015blenia, a to za spraw\u0105 inicjatywy maj\u0105cej upami\u0119tnia\u0107 zmar\u0142ych Jolant\u0119 Kucharsk\u0105 i Floriana Firleja. Na ich cze\u015b\u0107 plastycy posadz\u0105 Magnoli\u0119 Gubi\u0144sk\u0105 &#8211; dla Jolanty i \u015aliwk\u0119 Gubink\u0119 dla Floriana.<\/p>\n<p><em>(\u0179r\u00f3d\u0142o: <a href=\"http:\/\/www.hajnos.pl\/\">www.hajnos.pl<\/a>)<\/em><\/p>\n","protected":false},"excerpt":{"rendered":"<p>W Gubinie (lubuskie) w dniach 6-8 czerwiec br. odb\u0119dzie si\u0119 tradycyjne \u015bwi\u0119to miasta, czyli\u00a053. Wiosna nad Nys\u0105. Jedn\u0105 z imprez b\u0119dzie prezentowana w Galerii &#8222;Ratusz&#8221; wystawa rysunk\u00f3w satyrycznych. Na ekspozycj\u0119 z\u0142o\u017cy\u0142y si\u0119 prace powsta\u0142e podczas trzech spotka\u0144 satyrycznych, kt\u00f3re mia\u0142y miejsce przed kilkoma laty w Gubinie. Pokazane zostan\u0105 na niej prace miejscowych satyryk\u00f3w: organizatorki wystawy &hellip; <\/p>\n<p><a class=\"more-link btn\" href=\"http:\/\/www.spak.art.pl\/?p=2652\">Kontynuuj czytanie<\/a><\/p>\n","protected":false},"author":1,"featured_media":0,"comment_status":"closed","ping_status":"closed","sticky":false,"template":"","format":"standard","meta":{"ngg_post_thumbnail":0,"footnotes":""},"categories":[9],"tags":[],"class_list":["post-2652","post","type-post","status-publish","format-standard","hentry","category-aktualnosci","nodate","item-wrap"],"_links":{"self":[{"href":"http:\/\/www.spak.art.pl\/index.php?rest_route=\/wp\/v2\/posts\/2652","targetHints":{"allow":["GET"]}}],"collection":[{"href":"http:\/\/www.spak.art.pl\/index.php?rest_route=\/wp\/v2\/posts"}],"about":[{"href":"http:\/\/www.spak.art.pl\/index.php?rest_route=\/wp\/v2\/types\/post"}],"author":[{"embeddable":true,"href":"http:\/\/www.spak.art.pl\/index.php?rest_route=\/wp\/v2\/users\/1"}],"replies":[{"embeddable":true,"href":"http:\/\/www.spak.art.pl\/index.php?rest_route=%2Fwp%2Fv2%2Fcomments&post=2652"}],"version-history":[{"count":2,"href":"http:\/\/www.spak.art.pl\/index.php?rest_route=\/wp\/v2\/posts\/2652\/revisions"}],"predecessor-version":[{"id":2654,"href":"http:\/\/www.spak.art.pl\/index.php?rest_route=\/wp\/v2\/posts\/2652\/revisions\/2654"}],"wp:attachment":[{"href":"http:\/\/www.spak.art.pl\/index.php?rest_route=%2Fwp%2Fv2%2Fmedia&parent=2652"}],"wp:term":[{"taxonomy":"category","embeddable":true,"href":"http:\/\/www.spak.art.pl\/index.php?rest_route=%2Fwp%2Fv2%2Fcategories&post=2652"},{"taxonomy":"post_tag","embeddable":true,"href":"http:\/\/www.spak.art.pl\/index.php?rest_route=%2Fwp%2Fv2%2Ftags&post=2652"}],"curies":[{"name":"wp","href":"https:\/\/api.w.org\/{rel}","templated":true}]}}