{"id":3074,"date":"2014-11-06T22:24:11","date_gmt":"2014-11-06T22:24:11","guid":{"rendered":"http:\/\/www.spak.art.pl\/?p=3074"},"modified":"2014-11-06T22:24:11","modified_gmt":"2014-11-06T22:24:11","slug":"swiat-wedlug-frackiewicza","status":"publish","type":"post","link":"http:\/\/www.spak.art.pl\/?p=3074","title":{"rendered":"\u015awiat wed\u0142ug Fr\u0105ckiewicza"},"content":{"rendered":"<div id=\"attachment_3075\" style=\"width: 450px\" class=\"wp-caption alignleft\"><a href=\"http:\/\/www.spak.art.pl\/wp-content\/uploads\/2014\/11\/frackiewicz-wyspa.jpg\"><img loading=\"lazy\" decoding=\"async\" aria-describedby=\"caption-attachment-3075\" class=\"size-full wp-image-3075\" title=\"frackiewicz wyspa\" src=\"http:\/\/www.spak.art.pl\/wp-content\/uploads\/2014\/11\/frackiewicz-wyspa.jpg\" alt=\"\" width=\"450\" height=\"316\" srcset=\"http:\/\/www.spak.art.pl\/wp-content\/uploads\/2014\/11\/frackiewicz-wyspa.jpg 450w, http:\/\/www.spak.art.pl\/wp-content\/uploads\/2014\/11\/frackiewicz-wyspa-300x210.jpg 300w\" sizes=\"auto, (max-width: 450px) 100vw, 450px\" \/><\/a><p id=\"caption-attachment-3075\" class=\"wp-caption-text\">Rys. J. Fr\u0105ckiewicz<\/p><\/div>\n<p>Od <strong>4 do 30 listopada<\/strong> b.r., w Muzeum Miasta i Rzeki Warty, w Warcie (ul. 20 Stycznia 26) \u00a0mo\u017cna ogl\u0105da\u0107 wystaw\u0119 rysunk\u00f3w metaforyczno-satyrycznych\u00a0<strong>Jacka Fr\u0105ckiewicza<\/strong> p.t. &#8222;\u015awiat wed\u0142ug Jacka Fr\u0105ckiewicza&#8221;.<\/p>\n<p>Zapraszamy.<\/p>\n","protected":false},"excerpt":{"rendered":"<p>Od 4 do 30 listopada b.r., w Muzeum Miasta i Rzeki Warty, w Warcie (ul. 20 Stycznia 26) \u00a0mo\u017cna ogl\u0105da\u0107 wystaw\u0119 rysunk\u00f3w metaforyczno-satyrycznych\u00a0Jacka Fr\u0105ckiewicza p.t. &#8222;\u015awiat wed\u0142ug Jacka Fr\u0105ckiewicza&#8221;. Zapraszamy.<\/p>\n","protected":false},"author":1,"featured_media":0,"comment_status":"closed","ping_status":"closed","sticky":false,"template":"","format":"standard","meta":{"ngg_post_thumbnail":0,"footnotes":""},"categories":[9],"tags":[],"class_list":["post-3074","post","type-post","status-publish","format-standard","hentry","category-aktualnosci","nodate","item-wrap"],"_links":{"self":[{"href":"http:\/\/www.spak.art.pl\/index.php?rest_route=\/wp\/v2\/posts\/3074","targetHints":{"allow":["GET"]}}],"collection":[{"href":"http:\/\/www.spak.art.pl\/index.php?rest_route=\/wp\/v2\/posts"}],"about":[{"href":"http:\/\/www.spak.art.pl\/index.php?rest_route=\/wp\/v2\/types\/post"}],"author":[{"embeddable":true,"href":"http:\/\/www.spak.art.pl\/index.php?rest_route=\/wp\/v2\/users\/1"}],"replies":[{"embeddable":true,"href":"http:\/\/www.spak.art.pl\/index.php?rest_route=%2Fwp%2Fv2%2Fcomments&post=3074"}],"version-history":[{"count":2,"href":"http:\/\/www.spak.art.pl\/index.php?rest_route=\/wp\/v2\/posts\/3074\/revisions"}],"predecessor-version":[{"id":3077,"href":"http:\/\/www.spak.art.pl\/index.php?rest_route=\/wp\/v2\/posts\/3074\/revisions\/3077"}],"wp:attachment":[{"href":"http:\/\/www.spak.art.pl\/index.php?rest_route=%2Fwp%2Fv2%2Fmedia&parent=3074"}],"wp:term":[{"taxonomy":"category","embeddable":true,"href":"http:\/\/www.spak.art.pl\/index.php?rest_route=%2Fwp%2Fv2%2Fcategories&post=3074"},{"taxonomy":"post_tag","embeddable":true,"href":"http:\/\/www.spak.art.pl\/index.php?rest_route=%2Fwp%2Fv2%2Ftags&post=3074"}],"curies":[{"name":"wp","href":"https:\/\/api.w.org\/{rel}","templated":true}]}}