{"id":3492,"date":"2015-05-01T17:28:26","date_gmt":"2015-05-01T17:28:26","guid":{"rendered":"http:\/\/www.spak.art.pl\/?p=3492"},"modified":"2015-05-01T17:34:52","modified_gmt":"2015-05-01T17:34:52","slug":"aluzyjnie-i-dygresyjnie-czyli-otwarcie-wystawy-leszka-oldaka-w-galerii-resursa","status":"publish","type":"post","link":"http:\/\/www.spak.art.pl\/?p=3492","title":{"rendered":"Aluzyjnie i dygresyjnie, czyli otwarcie wystawy Leszka O\u0142daka w Galerii ,,Resursa\u201d"},"content":{"rendered":"<p>Galeria ,,Resursa\u201d po raz kolejny prezentuje indywidualn\u0105 wystaw\u0119 ,,klasyka\u201d polskiego rysunku satyrycznego i ilustracji, jakim bez w\u0105tpienia jest Leszek O\u0142dak, urodzony w 1942 roku<\/p>\n<p>w Zamo\u015bciu, a mieszkaj\u0105cy i pracuj\u0105cy od wielu lat w Opolu. Uroczyste otwarcie wystawy pod tajemniczym tytu\u0142em ,,Aluzje, dygresje i szuflady\u201d mia\u0142o miejsce 19 kwietnia 2015 roku.<\/p>\n<p>Autor podczas ceremonii otwarcia osobi\u015bcie obja\u015bni\u0142 genez\u0119 tytu\u0142u \u017cyrardowskiej wystawy, nawi\u0105zuj\u0105cego do pogmatwanych los\u00f3w jego artystycznej kariery. Ten znakomity grafik, plakacista, rysownik, ilustrator i scenograf jako karykaturzysta zadebiutowa\u0142 w 1974 roku w kultowych ju\u017c dzi\u015b ,,Szpilkach\u201d. Wsp\u00f3\u0142pracowa\u0142 z takimi tytu\u0142ami, jak: ,,Ty i ja\u201d, ,,ITD.\u201d, ,,Radar\u201d, ,,Przegl\u0105d Techniczny\u201d, ,,Trybuna Opolska\u201d, ,,Wprost\u201d i ,,Gazeta Wyborcza\u201d. Zosta\u0142 laureatem wielu presti\u017cowych nagr\u00f3d krajowych i zagranicznych.<\/p>\n<p>Uroczysto\u015b\u0107 sw\u0105 obecno\u015bci\u0105 u\u015bwietnili mi\u0119dzy innymi: El\u017cbieta Laskowska &#8211; Dyrektor Muzeum Karykatury im. Eryka Lipi\u0144skiego w Warszawie, Wies\u0142awa Bi\u0144kowska-Chudy &#8211; radna miejska,<\/p>\n<p>Jaros\u0142aw Szafaryn &#8211; Naczelnik Wydzia\u0142u Promocji i Kultury Miasta \u017byrardowa.<\/p>\n<p>Ogromn\u0105 rado\u015b\u0107 autorowi sprawili swym przybyciem do \u017byrardowa arty\u015bci zwi\u0105zani z zamojskimi plenerami ilustrator\u00f3w: Irena \u0141akomiec-Kami\u0144ska, Krystyna Lipka Sztarba\u0142\u0142o, Halina i Bart\u0142omiej Ku\u017aniccy. Kurator artystyczny Galerii ,,Resursa\u201d \u2013 Zbigniew Ko\u0142aczek zwr\u00f3ci\u0142 uwag\u0119 zebranych na fakt, \u017ce obecna ekspozycja jest Nagrod\u0105 Specjaln\u0105 w ubieg\u0142orocznym V Og\u00f3lnopolskim Konkursie Satyrycznym ,,Manufaktura Satyry\u201d zorganizowanym przez Miasto \u017byrard\u00f3w. Obecni mieli okazj\u0119 zobaczy\u0107 orygina\u0142y nagrodzonych prac, kt\u00f3re bezpo\u015brednio sw\u0105 tematyk\u0105 nawi\u0105zywa\u0142y do industrialnych tradycji naszego miasta. Uwag\u0119 zebranych zwraca\u0142 \u017cartobliwy ,,Poczet kr\u00f3l\u00f3w<\/p>\n<p>i ksi\u0105\u017c\u0105t polskich\u201d. Wiele prac w spos\u00f3b ironiczny porusza\u0142o r\u00f3\u017cne aspekty naszego \u017cycia. Oczywi\u015bcie ulubionym tematem \u00a0Leszka O\u0142daka jest \u017cycie naszych elit politycznych, o kt\u00f3rym opowiada w spos\u00f3b ironiczny i aluzyjny.<\/p>\n<p>,,<em>Leszek O\u0142dak jest tym artyst\u0105, kt\u00f3ry idealnie pasuje do wyobra\u017ce\u0144 dr Jekylla i mister Hyde&#8217;a. Podczas gdy jego zewn\u0119trzne fizis zapowiada posiadanie etatu np. dyrektora od wodoci\u0105g\u00f3w, wewn\u0105trz walcz\u0105 \u017cywio\u0142y: T\u0119pi\u0107 G\u0142upot\u0119, Ujarzmi\u0107 Nonsens, Sekowa\u0107 Zad\u0119cia. Pod nobliw\u0105, budz\u0105c\u0105 zaufanie pow\u0142ok\u0105 zewn\u0119trzn\u0105 drzemie diabe\u0142ek ci\u0105gn\u0105cy z nas, pe\u0142nych pr\u00f3\u017cno\u015bci i buty, niezgorszego \u0142acha\u201d <\/em>\u2013 tak scharakteryzowa\u0142 artyst\u0119 Zdzis\u0142aw Smekta\u0142a.<\/p>\n<p>Artysta stworzy\u0142 rozpoznawalny na pierwszy rzut oka styl przypominaj\u0105cy stare drzeworyty. Cho\u0107 m\u00f3wi o czasach nam wsp\u00f3\u0142czesnych, akcja jego prac osadzona jest w okresie \u015bredniowiecza, co dodatkowo wzmacnia ekspresj\u0119 przekazu. Zebrani byli pe\u0142ni uznania dla warsztatu i kunsztu tego niezwyk\u0142ego tw\u00f3rcy.<\/p>\n<p>Warto przypomnie\u0107, \u017ce obecna wystawa to ju\u017c czwarta indywidualna prezentacja dorobku wybitnego tw\u00f3rcy polskiego rysunku satyrycznego i ilustracji w \u017cyrardowskiej galerii.<\/p>\n<p>Dotychczas zaprezentowano ,,Zestaw powi\u0119kszony\u201d Paw\u0142a Kuczy\u0144skiego (2012), ,,Prace domowe IV\u201d Janusza Stannego (2013) i ,,Metafory i kolory\u201d Jacka Fr\u0105ckiewicza (2014).<\/p>\n<p>Wystawa czynna do 10 maja b.r.<\/p>\n<p>Relacja z wernisa\u017cu znajduje si\u0119 w zak\u0142adce Galerii ,,Resursa\u201d pod adresem:<\/p>\n<p>http:\/\/www.resursa.zyrardow.pl\/index.php?id=146<\/p>\n<p>ALUZJE, DYGRESJE I SZUFLADY<\/p>\n<p>Dlaczego taki tytu\u0142? Pomys\u0142 pojawi\u0142 si\u0119 w momencie, gdy zacz\u0105\u0142em analizowa\u0107 charakter mojej wystawy, i gdy Organizator zwr\u00f3ci\u0142 si\u0119 do mnie z pro\u015bb\u0105 o okre\u015blenie jej tytu\u0142u. Pomy\u015bla\u0142em sobie w\u00f3wczas, \u017ce moja przygoda rysunkowa, zwi\u0105zana g\u0142\u00f3wnie z grafik\u0105 prasow\u0105, zacz\u0119\u0142a si\u0119 od prac wykonywanych \u201edo szuflady\u201d. Prace te, aluzyjne i dygresyjne z uwagi na charakter rysunku prasowego, powstawa\u0142y w mojej g\u0142owie pod wp\u0142ywem r\u00f3\u017cnych impuls\u00f3w. Z tych szuflad z czasem wyci\u0105ga\u0142em swoje prace i kierowa\u0142em je w r\u00f3\u017cnych kierunkach. Uzbiera\u0142a si\u0119 spora ilo\u015b\u0107 realizacji, kt\u00f3rych cz\u0119\u015b\u0107 mog\u0119 teraz Pa\u0144stwu zaprezentowa\u0107.<\/p>\n<p>Studiowa\u0142em na Wydziale Architektury Politechniki Wroc\u0142awskiej i by\u0142em zafascynowany polskim plakatem i polsk\u0105 ilustracj\u0105 ksi\u0105\u017ckow\u0105. Na sw\u00f3j prywatny u\u017cytek tworzy\u0142em w\u0142asne wersje plakat\u00f3w, ok\u0142adek ulubionych tytu\u0142\u00f3w prasowych. L\u0105dowa\u0142y one oczywi\u015bcie w szufladzie<\/p>\n<p>z napisem <em>\u201dPRYWATNE &#8211; OG\u00d3LNEGO STOSOWANIA\u201d<\/em>.<\/p>\n<p>By\u0142 rok 1969. W tym roku zanotowa\u0142em sw\u00f3j debiut prasowy. Pojawi\u0142em si\u0119 w redakcji miesi\u0119cznika \u201eTy i ja\u201d, dzi\u015b miesi\u0119cznika niemal \u201ekultowego\u201d, przedstawiaj\u0105c swoje projekty ok\u0142adek. Ku mojej rado\u015bci kilka z nich zosta\u0142o przyj\u0119tych do realizacji.<\/p>\n<p>Szuflada z napisem <em>\u201eOK\u0141ADKI CZASOPISM\u201d<\/em> zacz\u0119\u0142a si\u0119 zape\u0142nia\u0107. Pojawi\u0142y si\u0119 \u201eITD.\u201d, \u201eJazz\u201d, \u201ePolska\u201d, \u201eSzpilki\u201d \u2013 moje ulubione czasopisma. Zainteresowa\u0142em si\u0119 te\u017c rysunkiem satyrycznym.<\/p>\n<p>W roku 1974 zadebiutowa\u0142em na \u0142amach \u201eSzpilek\u201d rysunkiem po\u015bwi\u0119conym polskiej ekranizacji \u201ePotopu\u201d. Pojawi\u0142a si\u0119 szuflada <em>\u201eSZPILKI\u201d<\/em>, a gdzie\u015b \u201ew tyle g\u0142owy\u201d marzy\u0142o mi si\u0119 ilustrowanie ksi\u0105\u017cek\u2026<\/p>\n<p>W mi\u0119dzyczasie, za namow\u0105 koleg\u00f3w ze studi\u00f3w, wpad\u0142em do szuflady z napisem <em>\u201eSCENOGRAFIA\u201d<\/em>. Pocz\u0105tkowo pracowa\u0142em jako scenograf filmowy, a po przeniesieniu si\u0119 z rodzin\u0105 z \u0141odzi do Opola, rozpocz\u0105\u0142em tak\u017ce przygod\u0119 ze scenografi\u0105 teatraln\u0105. Czu\u0142em jednak, \u017ce najwa\u017cniejszym impulsem pozostaj\u0105 dla mnie formy graficzne.<\/p>\n<p>Moje marzenia o ilustrowaniu ksi\u0105\u017cek spe\u0142ni\u0142y si\u0119 w latach osiemdziesi\u0105tych (ubieg\u0142ego stulecia) w postaci wsp\u00f3\u0142pracy z Wydawnictwem \u201eNasza Ksi\u0119garnia\u201d, a tak\u017ce udzia\u0142ami w Og\u00f3lnopolskich Plenerach Ilustrator\u00f3w. Zetkni\u0119cie si\u0119 z najznakomitszymi Tw\u00f3rcami Polskiej Ilustracji by\u0142o dla mnie niezapomnian\u0105 szko\u0142\u0105 my\u015blenia o kszta\u0142cie i roli ilustracji. Zaowocowa\u0142o to tak\u017ce w moim p\u00f3\u017aniejszym, opolskim okresie realizacjami tworzonymi na potrzeby r\u00f3\u017cnych wydawnictw.<\/p>\n<p>Opole to dla mnie nie tylko obecne miejsce zamieszkania. To tak\u017ce miasto, w kt\u00f3rym zaznaczy\u0142em sw\u0105 obecno\u015b\u0107 wydawnictwami teatralnymi: projektami graficznymi program\u00f3w teatralnych, plakatami muzycznymi i teatralnymi, projektowanymi dla opolskich instytucji kulturalnych. To tak\u017ce miasto, w kt\u00f3rym na \u0142amach miejscowej prasy cotygodniowo prezentowa\u0142em swe autorskie rubryki rysunku satyrycznego. W Opolu te\u017c, w 1994 roku, otworzy\u0142em kolejn\u0105 szuflad\u0119 z napisem <em>\u201eKONKURSY RYSUNKU SATYRYCZNEGO\u201d<\/em>.<\/p>\n<p>Z czasem oka\u017ce si\u0119, \u017ce pos\u0142uguj\u0105c si\u0119 szufladami, cz\u0142owiek mimowolnie zostaje \u201ezaszufladkowany\u201d. Wydaje mi si\u0119, \u017ce do tej, ostatniej z przeze mnie wspomnianych , zosta\u0142em przypisany najmocniej . Nie przez przypadek przecie\u017c prezentuj\u0119 teraz swoje prace w Galerii \u201eResursa\u201d, jako laureat ostatniej \u201eManufaktury Satyry\u201d w \u017byrardowie.<\/p>\n<p>Zapraszam do obejrzenia wystawy moich prac.<\/p>\n<p>O SOBIE<\/p>\n<p>Urodzi\u0142em si\u0119 w 1942 roku w Zamo\u015bciu, aby z ustaniem huku armat znale\u017a\u0107 si\u0119 w centrum Polski.<\/p>\n<p>Nauki podstawowe pobiera\u0142em bardzo blisko domu, a \u015brednie przy zupe\u0142nie innej ulicy. Kszta\u0142ci\u0142em si\u0119 w zawodzie architekta w ca\u0142kiem innym mie\u015bcie po to, by zawodowo zajmowa\u0107 si\u0119 plastyk\u0105.<\/p>\n<p>Gdy uczono mnie budowa\u0107 domy \u2013 malowa\u0142em ok\u0142adki i plakaty.<\/p>\n<p>Gdy teraz zawodowo rysuj\u0119 i maluj\u0119 \u2013 chcia\u0142bym wybudowa\u0107 dom.<\/p>\n<p>W 1980 roku osiad\u0142em w Opolu, by teraz dowiedzie\u0107 si\u0119, \u017ce przenosimy si\u0119 do Unii Europejskiej i czego\u015b tam jeszcze.<\/p>\n<p>Kiedy istnia\u0142a cenzura \u2013 stara\u0142em si\u0119 j\u0105 chytrze obej\u015b\u0107. Gdy t\u0119 instytucj\u0119 zlikwidowano \u2013 obchodz\u0119 z daleka niekt\u00f3rych ludzi, a cenzur\u0119 nosz\u0119 w sobie.<\/p>\n<p>Szanowni Pa\u0144stwo !<\/p>\n<p>Czy ten splot r\u00f3\u017cnych przypadk\u00f3w nie upowa\u017cnia mnie do tego, aby na co dzie\u0144 zajmowa\u0107 si\u0119 rysunkiem satyrycznym ?!?<\/p>\n<p><em>Leszek O\u0142dak<\/em><\/p>\n<div id=\"attachment_3494\" style=\"width: 450px\" class=\"wp-caption alignleft\"><a href=\"http:\/\/www.spak.art.pl\/wp-content\/uploads\/2015\/05\/oldak1.jpg\"><img loading=\"lazy\" decoding=\"async\" aria-describedby=\"caption-attachment-3494\" class=\"size-full wp-image-3494\" title=\"oldak1\" src=\"http:\/\/www.spak.art.pl\/wp-content\/uploads\/2015\/05\/oldak1.jpg\" alt=\"\" width=\"450\" height=\"300\" srcset=\"http:\/\/www.spak.art.pl\/wp-content\/uploads\/2015\/05\/oldak1.jpg 450w, http:\/\/www.spak.art.pl\/wp-content\/uploads\/2015\/05\/oldak1-300x200.jpg 300w\" sizes=\"auto, (max-width: 450px) 100vw, 450px\" \/><\/a><p id=\"caption-attachment-3494\" class=\"wp-caption-text\">Na zdj\u0119ciu m.in.: w \u015brodku Leszek O\u0142dak, pierwsza od prawej - El\u017cbieta Laskowska - dyrektor Muzeum Karykatury, w Warszawie<\/p><\/div>\n<p><a href=\"http:\/\/www.spak.art.pl\/wp-content\/uploads\/2015\/05\/oldak2.jpg\"><img loading=\"lazy\" decoding=\"async\" class=\"alignleft size-full wp-image-3493\" title=\"oldak2\" src=\"http:\/\/www.spak.art.pl\/wp-content\/uploads\/2015\/05\/oldak2.jpg\" alt=\"\" width=\"450\" height=\"300\" srcset=\"http:\/\/www.spak.art.pl\/wp-content\/uploads\/2015\/05\/oldak2.jpg 450w, http:\/\/www.spak.art.pl\/wp-content\/uploads\/2015\/05\/oldak2-300x200.jpg 300w\" sizes=\"auto, (max-width: 450px) 100vw, 450px\" \/><\/a><\/p>\n","protected":false},"excerpt":{"rendered":"<p>Galeria ,,Resursa\u201d po raz kolejny prezentuje indywidualn\u0105 wystaw\u0119 ,,klasyka\u201d polskiego rysunku satyrycznego i ilustracji, jakim bez w\u0105tpienia jest Leszek O\u0142dak, urodzony w 1942 roku w Zamo\u015bciu, a mieszkaj\u0105cy i pracuj\u0105cy od wielu lat w Opolu. Uroczyste otwarcie wystawy pod tajemniczym tytu\u0142em ,,Aluzje, dygresje i szuflady\u201d mia\u0142o miejsce 19 kwietnia 2015 roku. Autor podczas ceremonii otwarcia &hellip; <\/p>\n<p><a class=\"more-link btn\" href=\"http:\/\/www.spak.art.pl\/?p=3492\">Kontynuuj czytanie<\/a><\/p>\n","protected":false},"author":1,"featured_media":0,"comment_status":"closed","ping_status":"closed","sticky":false,"template":"","format":"standard","meta":{"ngg_post_thumbnail":0,"footnotes":""},"categories":[9],"tags":[],"class_list":["post-3492","post","type-post","status-publish","format-standard","hentry","category-aktualnosci","nodate","item-wrap"],"_links":{"self":[{"href":"http:\/\/www.spak.art.pl\/index.php?rest_route=\/wp\/v2\/posts\/3492","targetHints":{"allow":["GET"]}}],"collection":[{"href":"http:\/\/www.spak.art.pl\/index.php?rest_route=\/wp\/v2\/posts"}],"about":[{"href":"http:\/\/www.spak.art.pl\/index.php?rest_route=\/wp\/v2\/types\/post"}],"author":[{"embeddable":true,"href":"http:\/\/www.spak.art.pl\/index.php?rest_route=\/wp\/v2\/users\/1"}],"replies":[{"embeddable":true,"href":"http:\/\/www.spak.art.pl\/index.php?rest_route=%2Fwp%2Fv2%2Fcomments&post=3492"}],"version-history":[{"count":4,"href":"http:\/\/www.spak.art.pl\/index.php?rest_route=\/wp\/v2\/posts\/3492\/revisions"}],"predecessor-version":[{"id":3504,"href":"http:\/\/www.spak.art.pl\/index.php?rest_route=\/wp\/v2\/posts\/3492\/revisions\/3504"}],"wp:attachment":[{"href":"http:\/\/www.spak.art.pl\/index.php?rest_route=%2Fwp%2Fv2%2Fmedia&parent=3492"}],"wp:term":[{"taxonomy":"category","embeddable":true,"href":"http:\/\/www.spak.art.pl\/index.php?rest_route=%2Fwp%2Fv2%2Fcategories&post=3492"},{"taxonomy":"post_tag","embeddable":true,"href":"http:\/\/www.spak.art.pl\/index.php?rest_route=%2Fwp%2Fv2%2Ftags&post=3492"}],"curies":[{"name":"wp","href":"https:\/\/api.w.org\/{rel}","templated":true}]}}