{"id":3619,"date":"2015-06-12T13:57:44","date_gmt":"2015-06-12T13:57:44","guid":{"rendered":"http:\/\/www.spak.art.pl\/?p=3619"},"modified":"2015-06-12T13:57:44","modified_gmt":"2015-06-12T13:57:44","slug":"burzenin-relacja-z-wystawy-pokonkursowej","status":"publish","type":"post","link":"http:\/\/www.spak.art.pl\/?p=3619","title":{"rendered":"Burzenin \u2013 relacja z wystawy pokonkursowej"},"content":{"rendered":"<p>6 czerwca odby\u0142a si\u0119 uroczysto\u015b\u0107 otwarcia plenerowej wystawy i wr\u0119czenia nagr\u00f3d konkursie \u201eBurzenin \u2013 kraina mlekiem i miodem p\u0142yn\u0105ca\u201d, zorganizowanym przez Stowarzyszenie \u201eIkar\u201d, z Widawy i Gmin\u0119 Burzenin. Impreza odbywa\u0142a si\u0119 na stadionie w Strumianach, s\u0105siaduj\u0105cym z Burzeninem, podczas Festynu Rodzinnego. Tam te\u017c uczestnicy imprezy mogli obejrze\u0107 wystaw\u0119 plenerow\u0105 prac, b\u0119d\u0105c\u0105 plonem konkursu. Z laureat\u00f3w przybyli: Jakub Wiejacki (I nagroda) i Dariusz Pietrzak (III nagroda), kt\u00f3rzy odebrali laury z r\u0105k w\u00f3jta gminy Burzenin \u2013 Jaros\u0142awa Janiaka.<\/p>\n<p>Wystawa w okresie od 6.06 do 30.07 b\u0119dzie prezentowana w Widawie, w Galerii \u201ePod rur\u0105\u201d (ul. Pomorska 2), prowadzonej przez Ma\u0142gorzat\u0119 i Jacka Fr\u0105ckiewicz\u00f3w.<\/p>\n<p>Poni\u017cej publikujemy kilka zdj\u0119\u0107 z imprezy (fot. Ma\u0142gorzata Fr\u0105ckiewicz i ugburzenin.pl).<\/p>\n<div id=\"attachment_3622\" style=\"width: 450px\" class=\"wp-caption alignleft\"><a href=\"http:\/\/www.spak.art.pl\/wp-content\/uploads\/2015\/06\/burzen2.jpg\"><img loading=\"lazy\" decoding=\"async\" aria-describedby=\"caption-attachment-3622\" class=\"size-full wp-image-3622\" title=\"burzen2\" src=\"http:\/\/www.spak.art.pl\/wp-content\/uploads\/2015\/06\/burzen2.jpg\" alt=\"\" width=\"450\" height=\"258\" srcset=\"http:\/\/www.spak.art.pl\/wp-content\/uploads\/2015\/06\/burzen2.jpg 450w, http:\/\/www.spak.art.pl\/wp-content\/uploads\/2015\/06\/burzen2-300x172.jpg 300w\" sizes=\"auto, (max-width: 450px) 100vw, 450px\" \/><\/a><p id=\"caption-attachment-3622\" class=\"wp-caption-text\">Od lewej: Jacek Fr\u0105ckiewicz, Jakub Wiejacki i Dariusz Pietrzak<\/p><\/div>\n<div id=\"attachment_3621\" style=\"width: 450px\" class=\"wp-caption alignleft\"><a href=\"http:\/\/www.spak.art.pl\/wp-content\/uploads\/2015\/06\/burzen3.jpg\"><img loading=\"lazy\" decoding=\"async\" aria-describedby=\"caption-attachment-3621\" class=\"size-full wp-image-3621\" title=\"burzen3\" src=\"http:\/\/www.spak.art.pl\/wp-content\/uploads\/2015\/06\/burzen3.jpg\" alt=\"\" width=\"450\" height=\"235\" srcset=\"http:\/\/www.spak.art.pl\/wp-content\/uploads\/2015\/06\/burzen3.jpg 450w, http:\/\/www.spak.art.pl\/wp-content\/uploads\/2015\/06\/burzen3-300x156.jpg 300w\" sizes=\"auto, (max-width: 450px) 100vw, 450px\" \/><\/a><p id=\"caption-attachment-3621\" class=\"wp-caption-text\">Fragment wystawy<\/p><\/div>\n<div id=\"attachment_3620\" style=\"width: 450px\" class=\"wp-caption alignleft\"><a href=\"http:\/\/www.spak.art.pl\/wp-content\/uploads\/2015\/06\/burz5.jpg\"><img loading=\"lazy\" decoding=\"async\" aria-describedby=\"caption-attachment-3620\" class=\"size-full wp-image-3620\" title=\"burz5\" src=\"http:\/\/www.spak.art.pl\/wp-content\/uploads\/2015\/06\/burz5.jpg\" alt=\"\" width=\"450\" height=\"300\" srcset=\"http:\/\/www.spak.art.pl\/wp-content\/uploads\/2015\/06\/burz5.jpg 450w, http:\/\/www.spak.art.pl\/wp-content\/uploads\/2015\/06\/burz5-300x200.jpg 300w\" sizes=\"auto, (max-width: 450px) 100vw, 450px\" \/><\/a><p id=\"caption-attachment-3620\" class=\"wp-caption-text\">Od lewej: Jaros\u0142aw Janiak (w\u00f3jt Burzenina), Dariusz Pietrzak, Jakub Wiejacki i Jacek Fr\u0105ckiewicz (Stowarzyszenie &quot;Ikar&quot;)<\/p><\/div>\n","protected":false},"excerpt":{"rendered":"<p>6 czerwca odby\u0142a si\u0119 uroczysto\u015b\u0107 otwarcia plenerowej wystawy i wr\u0119czenia nagr\u00f3d konkursie \u201eBurzenin \u2013 kraina mlekiem i miodem p\u0142yn\u0105ca\u201d, zorganizowanym przez Stowarzyszenie \u201eIkar\u201d, z Widawy i Gmin\u0119 Burzenin. Impreza odbywa\u0142a si\u0119 na stadionie w Strumianach, s\u0105siaduj\u0105cym z Burzeninem, podczas Festynu Rodzinnego. Tam te\u017c uczestnicy imprezy mogli obejrze\u0107 wystaw\u0119 plenerow\u0105 prac, b\u0119d\u0105c\u0105 plonem konkursu. Z laureat\u00f3w &hellip; <\/p>\n<p><a class=\"more-link btn\" href=\"http:\/\/www.spak.art.pl\/?p=3619\">Kontynuuj czytanie<\/a><\/p>\n","protected":false},"author":1,"featured_media":0,"comment_status":"closed","ping_status":"closed","sticky":false,"template":"","format":"standard","meta":{"ngg_post_thumbnail":0,"footnotes":""},"categories":[9],"tags":[],"class_list":["post-3619","post","type-post","status-publish","format-standard","hentry","category-aktualnosci","nodate","item-wrap"],"_links":{"self":[{"href":"http:\/\/www.spak.art.pl\/index.php?rest_route=\/wp\/v2\/posts\/3619","targetHints":{"allow":["GET"]}}],"collection":[{"href":"http:\/\/www.spak.art.pl\/index.php?rest_route=\/wp\/v2\/posts"}],"about":[{"href":"http:\/\/www.spak.art.pl\/index.php?rest_route=\/wp\/v2\/types\/post"}],"author":[{"embeddable":true,"href":"http:\/\/www.spak.art.pl\/index.php?rest_route=\/wp\/v2\/users\/1"}],"replies":[{"embeddable":true,"href":"http:\/\/www.spak.art.pl\/index.php?rest_route=%2Fwp%2Fv2%2Fcomments&post=3619"}],"version-history":[{"count":2,"href":"http:\/\/www.spak.art.pl\/index.php?rest_route=\/wp\/v2\/posts\/3619\/revisions"}],"predecessor-version":[{"id":3624,"href":"http:\/\/www.spak.art.pl\/index.php?rest_route=\/wp\/v2\/posts\/3619\/revisions\/3624"}],"wp:attachment":[{"href":"http:\/\/www.spak.art.pl\/index.php?rest_route=%2Fwp%2Fv2%2Fmedia&parent=3619"}],"wp:term":[{"taxonomy":"category","embeddable":true,"href":"http:\/\/www.spak.art.pl\/index.php?rest_route=%2Fwp%2Fv2%2Fcategories&post=3619"},{"taxonomy":"post_tag","embeddable":true,"href":"http:\/\/www.spak.art.pl\/index.php?rest_route=%2Fwp%2Fv2%2Ftags&post=3619"}],"curies":[{"name":"wp","href":"https:\/\/api.w.org\/{rel}","templated":true}]}}