{"id":3626,"date":"2015-06-16T09:06:38","date_gmt":"2015-06-16T09:06:38","guid":{"rendered":"http:\/\/www.spak.art.pl\/?p=3626"},"modified":"2015-06-16T09:06:38","modified_gmt":"2015-06-16T09:06:38","slug":"zamach-na-muzeum-karykatury-glos-w-sprawie","status":"publish","type":"post","link":"http:\/\/www.spak.art.pl\/?p=3626","title":{"rendered":"Zamach na Muzeum Karykatury \u2013 g\u0142os w sprawie"},"content":{"rendered":"<p><a href=\"http:\/\/www.spak.art.pl\/wp-content\/uploads\/2015\/06\/logo-m-karyk.jpg\"><img loading=\"lazy\" decoding=\"async\" class=\"alignleft size-full wp-image-3627\" title=\"logo m karyk\" src=\"http:\/\/www.spak.art.pl\/wp-content\/uploads\/2015\/06\/logo-m-karyk.jpg\" alt=\"\" width=\"208\" height=\"197\" \/><\/a>Ewa Barciszewska w trakcie konferencji prasowej po\u015bwi\u0119conej obronie autonomii Muzeum Karykatury, przed zakusami w\u0142adz warszawskich zmierzaj\u0105cymi do wt\u0142oczenia go w struktury tworzonego molocha jakim jest Muzeum Warszawy, zwr\u00f3ci\u0142a uwag\u0119 na og\u00f3lnikowo\u015b\u0107 uzasadnienia tego pomys\u0142u b\u0119d\u0105cego za\u0142\u0105cznikiem do projektu uchwa\u0142y Rady m. st. Warszawy. Ewa stwierdzi\u0142a, \u017ce sformu\u0142owania u\u017cyte w uzasadnieniu mog\u0142yby by\u0107 zastosowane przy wszelkiego rodzaju pr\u00f3bach \u0142\u0105czenia wszystkiego ze wszystkim, tylko brakuje w nim szczeg\u00f3lnych wzgl\u0119d\u00f3w uzasadniaj\u0105cych \u0142\u0105czenie Muzeum Karykatury z Muzeum Warszawy. \u017beby sprawdzi\u0107 prawdziwo\u015b\u0107 stwierdzenia Ewy Barciszewskiej przeprowadzili\u015bmy test, wykorzystuj\u0105c meritum fragmentu uzasadnienia dla ewentualnego zamiaru po\u0142\u0105czenia pietruszki z marchewk\u0105. I rzeczywi\u015bcie, genialna uniwersalno\u015b\u0107 urz\u0119dniczego uzasadnienia tak mnie przekona\u0142a do intencji po\u0142\u0105czenia pietruszki z marchewk\u0105, \u017ce a\u017c si\u0119 dziwi\u0119, \u017ce do tej pory w\u0142adze samorz\u0105dowe m. st. Warszawy nie podj\u0119\u0142y tego tematu. A co Pa\u0144stwo o tym s\u0105dzicie?<\/p>\n<p align=\"left\">\n<p align=\"left\">\u00a0\u00a0\u00a0\u00a0\u00a0\u00a0\u00a0\u00a0\u00a0\u00a0\u00a0\u00a0\u00a0 \u00a0Og\u0142oszenie o zamiarze po\u0142\u0105czenia instytucji kultury dzia\u0142aj\u0105cych na terenie m.st. Warszawy<\/p>\n<p>(<em>fragment uzasadnienia uchwa\u0142y Rady m. st. Warszawy o po\u0142\u0105czeniu Muzeum Karykatury z Muzeum Warszawy<\/em>). Oczekiwanym skutkiem po\u0142\u0105czenia instytucji kultury b\u0119dzie racjonalizacja i usprawnienie zarz\u0105dzania warszawskimi, samorz\u0105dowymi instytucjami kultury z uwzgl\u0119dnieniem aktualnych potrzeb muzeum, zwi\u0119kszenie efektywno\u015bci pracy kadry, zmniejszenie koszt\u00f3w zarz\u0105dzania, skomasowanie s\u0142u\u017cb finansowo \u2013 ksi\u0119gowych, racjonalne i efektywne wykorzystanie \u015brodk\u00f3w publicznych, maksymalne wykorzystanie posiadanej infrastruktury kulturalnej, mo\u017cliwo\u015b\u0107 lepszej i skuteczniejszej promocji podejmowanych dzia\u0142a\u0144 kulturalnych.<\/p>\n<p align=\"center\">\n<p align=\"left\">\u00a0\u00a0\u00a0\u00a0\u00a0\u00a0\u00a0\u00a0\u00a0\u00a0\u00a0\u00a0\u00a0\u00a0\u00a0\u00a0 Og\u0142oszenie o zamiarze po\u0142\u0105czenia pietruszki z marchewk\u0105 na terenie m.st. Warszawy<\/p>\n<p>(<em>fragment propozycji uzasadnienia uchwa\u0142y o po\u0142\u0105czeniu pietruszki z marchewk\u0105)<\/em> Oczekiwanym skutkiem po\u0142\u0105czenia <strong>pietruszki z marchewk\u0105 <\/strong>b\u0119dzie racjonalizacja i usprawnienie zarz\u0105dzania warszawskimi, samorz\u0105dowymi instytucjami <strong>kulinarnymi<\/strong> z uwzgl\u0119dnieniem aktualnych potrzeb <strong>kuchni<\/strong>, zwi\u0119kszenie efektywno\u015bci pracy kadry, zmniejszenie koszt\u00f3w zarz\u0105dzania, skomasowanie s\u0142u\u017cb finansowo \u2013 ksi\u0119gowych, racjonalne i efektywne wykorzystanie \u015brodk\u00f3w publicznych, maksymalne wykorzystanie posiadanej infrastruktury <strong>kulinarnej<\/strong>, mo\u017cliwo\u015b\u0107 lepszej i skuteczniejszej promocji podejmowanych dzia\u0142a\u0144 <strong>kulinarnych<\/strong>. <em>(Jacek Frankowski &#8211; prezes honorowy SPAK)<\/em><\/p>\n","protected":false},"excerpt":{"rendered":"<p>Ewa Barciszewska w trakcie konferencji prasowej po\u015bwi\u0119conej obronie autonomii Muzeum Karykatury, przed zakusami w\u0142adz warszawskich zmierzaj\u0105cymi do wt\u0142oczenia go w struktury tworzonego molocha jakim jest Muzeum Warszawy, zwr\u00f3ci\u0142a uwag\u0119 na og\u00f3lnikowo\u015b\u0107 uzasadnienia tego pomys\u0142u b\u0119d\u0105cego za\u0142\u0105cznikiem do projektu uchwa\u0142y Rady m. st. Warszawy. Ewa stwierdzi\u0142a, \u017ce sformu\u0142owania u\u017cyte w uzasadnieniu mog\u0142yby by\u0107 zastosowane przy wszelkiego &hellip; <\/p>\n<p><a class=\"more-link btn\" href=\"http:\/\/www.spak.art.pl\/?p=3626\">Kontynuuj czytanie<\/a><\/p>\n","protected":false},"author":1,"featured_media":0,"comment_status":"closed","ping_status":"closed","sticky":false,"template":"","format":"standard","meta":{"ngg_post_thumbnail":0,"footnotes":""},"categories":[9],"tags":[],"class_list":["post-3626","post","type-post","status-publish","format-standard","hentry","category-aktualnosci","nodate","item-wrap"],"_links":{"self":[{"href":"http:\/\/www.spak.art.pl\/index.php?rest_route=\/wp\/v2\/posts\/3626","targetHints":{"allow":["GET"]}}],"collection":[{"href":"http:\/\/www.spak.art.pl\/index.php?rest_route=\/wp\/v2\/posts"}],"about":[{"href":"http:\/\/www.spak.art.pl\/index.php?rest_route=\/wp\/v2\/types\/post"}],"author":[{"embeddable":true,"href":"http:\/\/www.spak.art.pl\/index.php?rest_route=\/wp\/v2\/users\/1"}],"replies":[{"embeddable":true,"href":"http:\/\/www.spak.art.pl\/index.php?rest_route=%2Fwp%2Fv2%2Fcomments&post=3626"}],"version-history":[{"count":3,"href":"http:\/\/www.spak.art.pl\/index.php?rest_route=\/wp\/v2\/posts\/3626\/revisions"}],"predecessor-version":[{"id":3630,"href":"http:\/\/www.spak.art.pl\/index.php?rest_route=\/wp\/v2\/posts\/3626\/revisions\/3630"}],"wp:attachment":[{"href":"http:\/\/www.spak.art.pl\/index.php?rest_route=%2Fwp%2Fv2%2Fmedia&parent=3626"}],"wp:term":[{"taxonomy":"category","embeddable":true,"href":"http:\/\/www.spak.art.pl\/index.php?rest_route=%2Fwp%2Fv2%2Fcategories&post=3626"},{"taxonomy":"post_tag","embeddable":true,"href":"http:\/\/www.spak.art.pl\/index.php?rest_route=%2Fwp%2Fv2%2Ftags&post=3626"}],"curies":[{"name":"wp","href":"https:\/\/api.w.org\/{rel}","templated":true}]}}