{"id":3716,"date":"2015-07-07T20:53:33","date_gmt":"2015-07-07T20:53:33","guid":{"rendered":"http:\/\/www.spak.art.pl\/?p=3716"},"modified":"2015-07-08T19:53:37","modified_gmt":"2015-07-08T19:53:37","slug":"skarga-na-uchwale-rady-miasta-stolecznego-warszawy","status":"publish","type":"post","link":"http:\/\/www.spak.art.pl\/?p=3716","title":{"rendered":"SKARGA na Uchwa\u0142\u0119 Rady Miasta Sto\u0142ecznego Warszawy"},"content":{"rendered":"<p>L. dz. 89\/SPAK\/2015\/MK\/SW\u00a0\u00a0\u00a0\u00a0\u00a0\u00a0\u00a0\u00a0\u00a0\u00a0\u00a0\u00a0\u00a0\u00a0\u00a0\u00a0\u00a0\u00a0\u00a0\u00a0\u00a0\u00a0\u00a0\u00a0\u00a0\u00a0\u00a0\u00a0\u00a0\u00a0\u00a0\u00a0\u00a0\u00a0\u00a0\u00a0\u00a0\u00a0\u00a0\u00a0\u00a0\u00a0\u00a0\u00a0\u00a0\u00a0\u00a0\u00a0\u00a0\u00a0\u00a0\u00a0\u00a0\u00a0\u00a0\u00a0\u00a0\u00a0\u00a0\u00a0\u00a0\u00a0\u00a0\u00a0\u00a0\u00a0\u00a0\u00a0\u00a0\u00a0 \u00a0\u00a0\u00a0\u00a0\u00a0\u00a0\u00a0\u00a0\u00a0\u00a0\u00a0\u00a0\u00a0\u00a0\u00a0\u00a0\u00a0\u00a0\u00a0Warszawa, 22.06.2015<\/p>\n<p><strong>W. Pan<br \/>\nJacek Koz\u0142owski<\/strong><\/p>\n<p><strong>\u00a0\u00a0\u00a0\u00a0\u00a0\u00a0\u00a0\u00a0\u00a0\u00a0\u00a0\u00a0\u00a0\u00a0\u00a0\u00a0\u00a0\u00a0\u00a0\u00a0\u00a0\u00a0\u00a0\u00a0\u00a0\u00a0\u00a0\u00a0\u00a0\u00a0\u00a0\u00a0\u00a0\u00a0\u00a0\u00a0\u00a0\u00a0\u00a0\u00a0\u00a0\u00a0\u00a0\u00a0\u00a0\u00a0\u00a0\u00a0\u00a0\u00a0\u00a0\u00a0\u00a0\u00a0\u00a0\u00a0\u00a0\u00a0\u00a0\u00a0\u00a0\u00a0\u00a0\u00a0\u00a0 Wojewoda Mazowiecki\u00a0\u00a0 <\/strong><\/p>\n<p><strong>\u00a0\u00a0\u00a0\u00a0\u00a0\u00a0\u00a0\u00a0\u00a0\u00a0\u00a0\u00a0\u00a0\u00a0\u00a0\u00a0\u00a0\u00a0\u00a0\u00a0\u00a0\u00a0\u00a0\u00a0\u00a0\u00a0\u00a0\u00a0\u00a0\u00a0\u00a0\u00a0\u00a0\u00a0\u00a0\u00a0\u00a0\u00a0\u00a0\u00a0\u00a0\u00a0\u00a0\u00a0\u00a0\u00a0\u00a0\u00a0\u00a0\u00a0\u00a0\u00a0\u00a0\u00a0\u00a0\u00a0\u00a0\u00a0\u00a0\u00a0\u00a0\u00a0\u00a0\u00a0\u00a0 Plac Bankowy 3\/5<\/strong><\/p>\n<p><strong>\u00a0\u00a0\u00a0\u00a0\u00a0\u00a0\u00a0\u00a0\u00a0\u00a0\u00a0\u00a0\u00a0\u00a0\u00a0\u00a0\u00a0\u00a0\u00a0\u00a0\u00a0\u00a0\u00a0\u00a0\u00a0\u00a0\u00a0\u00a0\u00a0\u00a0\u00a0\u00a0\u00a0\u00a0\u00a0\u00a0\u00a0\u00a0\u00a0\u00a0\u00a0\u00a0\u00a0\u00a0\u00a0\u00a0\u00a0\u00a0\u00a0\u00a0\u00a0\u00a0\u00a0\u00a0\u00a0\u00a0\u00a0\u00a0\u00a0\u00a0\u00a0\u00a0\u00a0\u00a0\u00a0 00-950 Warszawa<\/strong><\/p>\n<p>&nbsp;<\/p>\n<p>&nbsp;<\/p>\n<p align=\"center\">\u00a0<strong>S\u00a0 K\u00a0 A\u00a0 R\u00a0 G\u00a0 A\u00a0 <\/strong><\/p>\n<p align=\"center\"><strong><span style=\"text-decoration: underline;\">na Uchwa\u0142\u0119 Rady Miasta Sto\u0142ecznego Warszawy nr XII\/240\/2015 z dnia 28 maja 2015 r<\/span><\/strong><strong>.<\/strong><\/p>\n<p>Dzia\u0142aj\u0105c na podstawie art. 86 ustawy o samorz\u0105dzie gminnym z dn. 28.03.1990 r (Dz. U. 1999, nr 16 poz. 95) oraz art. 3 ust. 4 ustawy o wojewodzie i administracji rz\u0105dowej w wojew\u00f3dztwie z dn. 23.01.2009 r. (Dz. U. 2009 nr 31 poz. 206) w imieniu Stowarzyszenia Polskich Artyst\u00f3w Karykatury, wnosimy o uchylenie uchwa\u0142y Rady m. st. Warszawy nr XII\/240\/2015 z dnia 28 maja 2015 dotycz\u0105cej<strong> zamiaru po\u0142\u0105czenia instytucji kultury m.st. Warszawy pn. Muzeum Karykatury im. Eryka Lipi\u0144skiego w Warszawie z instytucj\u0105 kultury m.st. Warszawy pn. Muzeum Warszawy, w nast\u0119puj\u0105cym brzmieniu:<\/strong><\/p>\n<p align=\"center\">\u00a0\u00a0\u00a0\u00a0 &#8222;<strong><em>UCHWA\u0141A NR XII\/240\/2015<\/em><\/strong><\/p>\n<p align=\"center\"><strong><em>RADY MIASTA STO\u0141ECZNEGO WARSZAWY<\/em><\/strong><\/p>\n<p><em>z dnia 28 maja 2015 r.<\/em><\/p>\n<p align=\"center\"><strong><em>w sprawie zamiaru po\u0142\u0105czenia instytucji kultury m.st. Warszawy pn. Muzeum Karykatury im. Eryka Lipi\u0144skiego w Warszawie z instytucj\u0105 kultury m.st. Warszawy pn. Muzeum Warszawy<\/em><\/strong><\/p>\n<p><em>Na podstawie art. 18 ust. 2 pkt 9 lit. h ustawy z dnia 8 marca 1990 r. o samorz\u0105dzie gminnym (Dz. U. z 2013 r., poz. 594, z p\u00f3\u017an. zm<strong>[1]<\/strong><sup>)<\/sup>), art. 18 ust. 1 i 3 ustawy z dnia 25 pa\u017adziernika 1991 r. o organizowaniu i prowadzeniu dzia\u0142alno\u015bci kulturalnej (Dz. U. z 2012 r. poz. 406 oraz z 2014 r. poz. 423) uchwala si\u0119, co nast\u0119puje:<\/em><\/p>\n<p><strong><em>\u00a7 1.<\/em><\/strong><em> W celu efektywnego wykonywania zada\u0144 zwi\u0105zanych z zaspakajaniem potrzeb mieszka\u0144c\u00f3w w zakresie kultury oraz zapewnienia pe\u0142niejszego wykorzystania dotychczasowych zasob\u00f3w materialnych i merytorycznych wyra\u017ca si\u0119 zamiar po\u0142\u0105czenia instytucji kultury o\u00a0nazwach: Muzeum Karykatury im. Eryka Lipi\u0144skiego w Warszawie oraz Muzeum Warszawy w jedn\u0105 instytucj\u0119 kultury o nazwie: Muzeum Warszawy, w ramach kt\u00f3rej funkcjonowa\u0142 b\u0119dzie Oddzia\u0142 Muzeum Karykatury im. Eryka Lipi\u0144skiego.<\/em><\/p>\n<p><strong><em>\u00a0\u00a0 \u00a7 2.<\/em><\/strong><em> Og\u0142oszenie o zamiarze i przyczynach po\u0142\u0105czenia instytucji kultury, w\u00a0brzmieniu okre\u015blonym w za-\u0142\u0105czniku do uchwa\u0142y, zostanie podane do publicznej wiadomo\u015bci poprzez zamieszczenie w Biuletynie Informacji Publicznej m.st. Warszawy oraz wywieszenie na tablicach og\u0142oszeniowych <\/em><em>Muzeum Karykatury im. Eryka Lipi\u0144skiego w Warszawie oraz Muzeum Warszawy co najmniej na 3 miesi\u0105ce przed wydaniem aktu o\u00a0po\u0142\u0105czeniu instytucji.<\/em><\/p>\n<p><strong><em>\u00a0\u00a0\u00a0\u00a0\u00a0\u00a0\u00a0\u00a0\u00a0\u00a0\u00a0 \u00a7 3.<\/em><\/strong><em> Wykonanie uchwa\u0142y powierza si\u0119 Prezydentowi m.st. Warszawy.<\/em><\/p>\n<p><strong><em>\u00a0\u00a0\u00a0\u00a0\u00a0\u00a0\u00a0\u00a0\u00a0\u00a0\u00a0 \u00a7 4.<\/em><\/strong><em> 1. Uchwa\u0142a podlega publikacji w Biuletynie Informacji Publicznej m. st. Warszawy.<\/em><\/p>\n<p><em>\u00a0\u00a0\u00a0\u00a0\u00a0\u00a0\u00a0\u00a0\u00a0 \u00a0\u00a0\u00a0\u00a0\u00a0\u00a0\u00a0\u00a0\u00a02. Uchwa\u0142a wchodzi w \u017cycie z dniem podj\u0119cia.<\/em><\/p>\n<p align=\"center\"><em>\u00a0 Przewodnicz\u0105ca<\/em><\/p>\n<p align=\"center\"><em>Rady m.st. Warszawy<\/em><\/p>\n<p align=\"center\"><em>(-) Ewa Malinowska-Grupi\u0144ska&#8221;<\/em><\/p>\n<p>&nbsp;<\/p>\n<table cellspacing=\"0\" cellpadding=\"0\" align=\"left\">\n<tbody>\n<tr>\n<td width=\"2\" height=\"3\"><\/td>\n<\/tr>\n<tr>\n<td><\/td>\n<td><\/td>\n<\/tr>\n<\/tbody>\n<\/table>\n<p><em><sup>\u00a0<\/sup><\/em><\/p>\n<p><em><strong>[1]<\/strong><\/em><em><sup>) <\/sup><\/em><em>Zmiany tekstu jednolitego wymienionej ustawy zosta\u0142y og\u0142oszone w Dz. U. z 2013 r. poz. 645 i 1318 oraz z 2014 r. poz. 379 i 1072.<\/em><\/p>\n<p><strong>\u00a0\u00a0\u00a0\u00a0\u00a0\u00a0\u00a0\u00a0\u00a0\u00a0\u00a0\u00a0\u00a0\u00a0\u00a0\u00a0\u00a0\u00a0\u00a0\u00a0\u00a0\u00a0\u00a0\u00a0\u00a0\u00a0\u00a0\u00a0\u00a0\u00a0\u00a0\u00a0\u00a0\u00a0\u00a0\u00a0\u00a0\u00a0\u00a0\u00a0\u00a0\u00a0\u00a0\u00a0\u00a0\u00a0\u00a0\u00a0\u00a0\u00a0\u00a0\u00a0\u00a0\u00a0\u00a0\u00a0\u00a0\u00a0\u00a0\u00a0\u00a0\u00a0\u00a0\u00a0\u00a0\u00a0\u00a0\u00a0\u00a0\u00a0\u00a0\u00a0<\/strong><\/p>\n<p><strong>\u00a0\u00a0\u00a0\u00a0\u00a0\u00a0\u00a0\u00a0\u00a0\u00a0\u00a0\u00a0\u00a0\u00a0\u00a0\u00a0\u00a0\u00a0\u00a0\u00a0\u00a0\u00a0\u00a0\u00a0\u00a0\u00a0\u00a0\u00a0\u00a0\u00a0\u00a0\u00a0\u00a0\u00a0\u00a0\u00a0\u00a0\u00a0\u00a0\u00a0\u00a0\u00a0\u00a0\u00a0\u00a0\u00a0\u00a0\u00a0\u00a0\u00a0\u00a0\u00a0\u00a0\u00a0\u00a0\u00a0\u00a0\u00a0\u00a0\u00a0\u00a0\u00a0\u00a0\u00a0\u00a0\u00a0 \u00a0<\/strong><\/p>\n<p><strong>\u00a0<\/strong><\/p>\n<p align=\"center\"><strong><span style=\"text-decoration: underline;\">Uzasadnienie<\/span><\/strong><\/p>\n<p align=\"center\"><strong>\u00a0<\/strong><\/p>\n<ol>\n<li>Zgodnie art. 18 ust. 3 ustawy o organizowaniu i prowadzeniu dzia\u0142alno\u015bci kulturalnej z dn. 25.10. 1991, (Dz. U. 1991 nr 114 poz. 493), kt\u00f3ry brzmi: <em>&#8222;Organizator jest obowi\u0105zany na 3 miesi\u0105ce przed<\/em> <em>wydaniem aktu o po\u0142\u0105czeniu lub podziale instytucji kultury poda\u0107 do publicznej wiadomo\u015bci informacj\u0119 o<\/em> <em>zamiarze i <strong>przyczynach<\/strong> takiej decyzji&#8221;.<\/em> Tymczasem za\u0142\u0105cznik do uchwa\u0142y, cytowany poni\u017cej, kt\u00f3ry powinien zawiera\u0107 informacj\u0119 i zamiarze i przyczynach podj\u0119cia uchwa\u0142y, m\u00f3wi\u0105c o zamiarze i wymieniaj\u0105c cele i skutki <strong>nie podaje przyczyn<\/strong> po\u0142\u0105czenia funkcjonuj\u0105cych dotychczas oddzielnie instytucji kultury.<\/li>\n<\/ol>\n<p><em>\u00a0\u00a0\u00a0\u00a0\u00a0\u00a0\u00a0\u00a0\u00a0\u00a0\u00a0\u00a0\u00a0\u00a0\u00a0\u00a0\u00a0\u00a0\u00a0\u00a0\u00a0\u00a0\u00a0\u00a0\u00a0\u00a0\u00a0\u00a0\u00a0\u00a0\u00a0\u00a0\u00a0\u00a0\u00a0\u00a0\u00a0\u00a0\u00a0\u00a0\u00a0\u00a0\u00a0\u00a0\u00a0\u00a0\u00a0\u00a0\u00a0\u00a0\u00a0\u00a0\u00a0\u00a0\u00a0\u00a0\u00a0\u00a0\u00a0\u00a0\u00a0\u00a0\u00a0\u00a0\u00a0\u00a0\u00a0\u00a0\u00a0\u00a0\u00a0\u00a0\u00a0\u00a0\u00a0\u00a0\u00a0\u00a0\u00a0\u00a0\u00a0\u00a0\u00a0\u00a0\u00a0\u00a0\u00a0\u00a0\u00a0\u00a0\u00a0\u00a0\u00a0\u00a0\u00a0\u00a0\u00a0\u00a0\u00a0\u00a0\u00a0\u00a0\u00a0\u00a0\u00a0\u00a0\u00a0\u00a0\u00a0\u00a0\u00a0\u00a0\u00a0\u00a0\u00a0\u00a0\u00a0\u00a0\u00a0\u00a0\u00a0\u00a0\u00a0\u00a0\u00a0\u00a0\u00a0\u00a0\u00a0\u00a0\u00a0\u00a0 &#8222;Za\u0142\u0105cznik<\/em><\/p>\n<p><em>do uchwa\u0142y nr XII\/240\/2015<\/em><\/p>\n<p><em>\u00a0\u00a0\u00a0\u00a0\u00a0\u00a0\u00a0\u00a0\u00a0\u00a0\u00a0\u00a0\u00a0\u00a0\u00a0\u00a0\u00a0 \u00a0Rady Miasta Sto\u0142ecznego Warszawy<\/em><\/p>\n<p><em>\u00a0\u00a0\u00a0\u00a0\u00a0\u00a0\u00a0\u00a0\u00a0\u00a0\u00a0\u00a0\u00a0\u00a0\u00a0\u00a0\u00a0\u00a0 z dnia 28 maja 2015 r.<\/em><\/p>\n<p><em>\u00a0<\/em><\/p>\n<p align=\"left\"><em>\u00a0\u00a0\u00a0\u00a0\u00a0 Og\u0142oszenie o zamiarze po\u0142\u0105czenia instytucji kultury dzia\u0142aj\u0105cych na terenie m.st. Warszawy<\/em><\/p>\n<p align=\"left\"><em>\u00a0<\/em><\/p>\n<p><em>Og\u0142asza si\u0119 zamiar po\u0142\u0105czenia instytucji kultury dzia\u0142aj\u0105cych na terenie m.st. Warszawy:<\/em><\/p>\n<p><em>\u00a0\u00a0\u00a0 1) Muzeum Karykatury im. Eryka Lipi\u0144skiego w Warszawie,<\/em><\/p>\n<p><em>\u00a0\u00a0\u00a0 2) Muzeum Warszawy<\/em><\/p>\n<p><em>\u00a0\u00a0 w jedn\u0105 instytucj\u0119 kultury pod nazw\u0105 Muzeum Warszawy, w ramach kt\u00f3rej utworzony zostanie \u00a0<\/em><\/p>\n<p><em>\u00a0\u00a0 Oddzia\u0142 \u2013 Muzeum Karykatury im. Eryka Lipi\u0144skiego.<\/em><\/p>\n<p><em>\u00a0<\/em><\/p>\n<p><em>\u00a0\u00a0\u00a0 W celu efektywnego wykonywania zada\u0144 zwi\u0105zanych z zaspakajaniem potrzeb mieszka\u0144c\u00f3w w zakresie kultury oraz zapewnienia pe\u0142niejszego wykorzystania dotychczasowych zasob\u00f3w materialnych i merytorycznych, maj\u0105c na uwadze usprawnienie zarz\u0105dzania warszawskimi instytucjami kultury<\/em> <em>i\u00a0racjonalizacj\u0119 koszt\u00f3w oraz id\u0105c w \u015blad za\u00a0uchwalonym przez Rad\u0119 m.st. Warszawy programem \u201eMiasto kultury i obywateli. Program rozwoju kultury w Warszawie do roku 2020. Za\u0142o\u017cenia\u201d (uchwa\u0142a nr\u00a0XXXIV\/839\/2012 z dnia 29 marca 2012 r.) uznajemy za uzasadnione po\u0142\u0105czenie dw\u00f3ch miejskich instytucji kultury: Muzeum Karykatury im. Eryka Lipi\u0144skiego w Warszawie z\u00a0Muzeum Warszawy.<\/em><\/p>\n<p><em>\u00a0\u00a0 Oczekiwanym skutkiem po\u0142\u0105czenia instytucji kultury b\u0119dzie racjonalizacja i usprawnienie zarz\u0105dzania warszawskimi, samorz\u0105dowymi instytucjami kultury z uwzgl\u0119dnieniem aktualnych potrzeb muzeum, zwi\u0119kszenie efektywno\u015bci pracy kadry, zmniejszenie koszt\u00f3w zarz\u0105dzania, skomasowanie s\u0142u\u017cb finansowo \u2013 ksi\u0119gowych, racjonalne i efektywne wykorzystanie \u015brodk\u00f3w publicznych, maksymalne wykorzystanie posiadanej infrastruktury kulturalnej, mo\u017cliwo\u015b\u0107 lepszej i skuteczniejszej promocji podejmowanych dzia\u0142a\u0144 kulturalnych&#8221;.<\/em><\/p>\n<p>&nbsp;<\/p>\n<ol>\n<li><strong>2.\u00a0\u00a0\u00a0\u00a0\u00a0 <\/strong>Podczas XII Sesji Rady m. st. Warszawy w trakcie dyskusji nad projektem powy\u017cszej uchwa\u0142y\u00a0 wnioskodawca Tomasz Thun-Janowski dyrektor Biura Kultury m. st. Warszawy, udzielaj\u0105c wyja\u015bnie\u0144 przed g\u0142osowaniem dwukrotnie przedstawi\u0142 niezgodne z prawd\u0119 informacje, kt\u00f3re mog\u0142y mie\u0107 wp\u0142yw na decyzj\u0119 radnych podczas g\u0142osowania. Cytaty wypowiedzi zawieraj\u0105ce nieprawdziwe informacje poni\u017cej:<strong> <\/strong><\/li>\n<\/ol>\n<p><strong>\u00a0<\/strong><\/p>\n<p>Cytat I:<strong> <\/strong>Tomasz Thun-Janowski \u2013 <em>(\u2026) Chcia\u0142bym powiedzie\u0107 bardzo kr\u00f3tko o intencji, kt\u00f3ra towarzyszy projektowi po\u0142\u0105czenia obydwu plac\u00f3wek (\u2026), kt\u00f3rej celem jest wzmocnienie Muzeum Karykatury, a nie jego os\u0142abienie. M\u00f3wimy bowiem o po\u0142\u0105czeniu dw\u00f3ch struktur, <strong>z kt\u00f3rych jedna zatrudnia 13 os\u00f3b, z kt\u00f3rych 9 zajmuje si\u0119 kwestiami i prac\u0105 organizacyjn\u0105 i administracyjn\u0105, a tylko trzy osoby merytoryczn\u0105 stron\u0105 pracy tego Muzeum.\u00a0 <\/strong><\/em><strong>\u00a0\u00a0\u00a0\u00a0\u00a0<\/strong><\/p>\n<p><strong>\u00a0<\/strong><\/p>\n<p><strong>\u00a0<\/strong><\/p>\n<p><strong>\u00a0 <\/strong><\/p>\n<pre><\/pre>\n<pre><\/pre>\n<pre><\/pre>\n<pre><span style=\"font-family: arial,helvetica,sans-serif; font-size: 12px;\">Powy\u017csza wypowied\u017a sugeruje niezdolno\u015b\u0107 Muzeum Karykatury do prowadzenia w\u0142a\u015bciwej pracy zgodnie z wymogami Ustawy o Muzeach. \r\nTymczasem w\u0142a\u015bciwy stan zatrudnienia w Muzeum Karykatury przedstawia si\u0119 nast\u0119puj\u0105co: zatrudnionych jest 12 pracownik\u00f3w na 11 \r\netatach, z kt\u00f3rych 5 pracownik\u00f3w wykonuje zadania merytoryczne a 7 administracyjno organizacyjne. W etatach podzia\u0142 jest nast\u0119puj\u0105cy: \r\n5 etat\u00f3w merytorycznych i 6 administracyjno organizacyjnych.<\/span><\/pre>\n<pre><\/pre>\n<p>Cytat II<strong>: <\/strong>Tomasz Thun-Janowski \u2013 <em>Chcia\u0142em tylko przekaza\u0107 informacj\u0119 na konkretne pytanie Pana, \u017ce <strong>oczywi\u015bcie 80% zbior\u00f3w Muzeum Karykatury jest digitalizowanych w zewn\u0119trznych laboratoriach.<\/strong> Muzeum Warszawy ma dwie w\u0142asne pracownie digitalizacji zbior\u00f3w. To jest dodatkowa korzy\u015b\u0107, o kt\u00f3rej m\u00f3wimy, \u017ce Muzeum Karykatury w\u0142\u0105czone w struktury nie b\u0119dzie musia\u0142o na zewn\u0105trz zleca\u0107 cz\u0119\u015bci prac, kt\u00f3re musieli robi\u0107.<\/em><\/p>\n<p>Powy\u017cszy cytat jest fragmentem odpowiedzi na pytanie radnego Cezarego Jurewicza dotycz\u0105ce sytuacji z digitalizacj\u0105 zbior\u00f3w w Muzeum Karykatury. Odpowied\u017a dyrektora Tomasza Thun-Janow-skiego, \u017ce Muzeum Karykatury nie posiada pracowni digitalizacji zbior\u00f3w wprowadza radnych w b\u0142\u0105d. Muzeum Karykatury prowadzi digitalizacj\u0119 zbior\u00f3w w\u0142asnymi si\u0142ami i na w\u0142asnym sprz\u0119cie ze spe\u0142niaj\u0105cym wymogi oprogramowaniem od 2004 r., i ma zdigitalizowane ponad 80% zbior\u00f3w. Kontynuowane s\u0105 prace digitalizacyjne we w\u0142asnym zakresie bez potrzeby korzystania z pracowni digitalizacyjnych Muzeum Warszawy.<\/p>\n<p>Bior\u0105c pod uwag\u0119 <strong>brak podania<\/strong> w za\u0142\u0105czniku do uchwa\u0142y nr XII\/240\/2015, a wcze\u015bniej w uzasadnieniu do projektu uchwa\u0142y, <strong>przyczyn<\/strong> \u0142\u0105czenia Muzeum Karykatury z Muzeum Warszawy, w powi\u0105zaniu z przytoczonymi faktami <strong>przekazywania radnym nieprawdziwych informacji<\/strong> dotycz\u0105cych sytuacji Muzeum Karykatury, maj\u0105cych wp\u0142yw na uzyskanie pozytywnego dla wnioskodawcy wyniku g\u0142osowania, zwracamy si\u0119 o uchylenie powy\u017cszej uchwa\u0142y, co pozwoli podj\u0105\u0107 Biuru Kultury m. st. Warszawy zgodne z prawem dzia\u0142ania naprawcze oraz ponownie przeprowadzi\u0107 dyskusj\u0119 nad projektem, z uwzgl\u0119dnieniem prawdziwej struktury zatrudnienia i sytuacji digitalizacyjnej Muzeum Karykatury.<\/p>\n<p>\/-\/ Dariusz Pietrzak\u00a0\u00a0\u00a0\u00a0\u00a0\u00a0\u00a0\u00a0\u00a0\u00a0\u00a0\u00a0\u00a0\u00a0\u00a0\u00a0\u00a0\u00a0\u00a0\u00a0\u00a0\u00a0\u00a0\u00a0\u00a0\u00a0\u00a0\u00a0\u00a0\u00a0\u00a0\u00a0\u00a0\u00a0\u00a0\u00a0\u00a0\u00a0\u00a0\u00a0\u00a0\u00a0\u00a0\u00a0\u00a0\u00a0\u00a0\u00a0\u00a0\u00a0 \/- Witold Mysyrowicz<\/p>\n<p>Sekretarz SPAK\u00a0\u00a0\u00a0\u00a0\u00a0\u00a0\u00a0\u00a0\u00a0\u00a0\u00a0\u00a0\u00a0\u00a0\u00a0\u00a0\u00a0\u00a0\u00a0\u00a0\u00a0\u00a0\u00a0\u00a0\u00a0\u00a0\u00a0\u00a0\u00a0\u00a0\u00a0\u00a0\u00a0\u00a0\u00a0\u00a0\u00a0\u00a0\u00a0\u00a0\u00a0\u00a0\u00a0\u00a0\u00a0\u00a0\u00a0\u00a0\u00a0\u00a0\u00a0\u00a0\u00a0\u00a0 \u00a0\u00a0Prezes SPAK<\/p>\n","protected":false},"excerpt":{"rendered":"<p>L. dz. 89\/SPAK\/2015\/MK\/SW\u00a0\u00a0\u00a0\u00a0\u00a0\u00a0\u00a0\u00a0\u00a0\u00a0\u00a0\u00a0\u00a0\u00a0\u00a0\u00a0\u00a0\u00a0\u00a0\u00a0\u00a0\u00a0\u00a0\u00a0\u00a0\u00a0\u00a0\u00a0\u00a0\u00a0\u00a0\u00a0\u00a0\u00a0\u00a0\u00a0\u00a0\u00a0\u00a0\u00a0\u00a0\u00a0\u00a0\u00a0\u00a0\u00a0\u00a0\u00a0\u00a0\u00a0\u00a0\u00a0\u00a0\u00a0\u00a0\u00a0\u00a0\u00a0\u00a0\u00a0\u00a0\u00a0\u00a0\u00a0\u00a0\u00a0\u00a0\u00a0\u00a0\u00a0 \u00a0\u00a0\u00a0\u00a0\u00a0\u00a0\u00a0\u00a0\u00a0\u00a0\u00a0\u00a0\u00a0\u00a0\u00a0\u00a0\u00a0\u00a0\u00a0Warszawa, 22.06.2015 W. Pan Jacek Koz\u0142owski \u00a0\u00a0\u00a0\u00a0\u00a0\u00a0\u00a0\u00a0\u00a0\u00a0\u00a0\u00a0\u00a0\u00a0\u00a0\u00a0\u00a0\u00a0\u00a0\u00a0\u00a0\u00a0\u00a0\u00a0\u00a0\u00a0\u00a0\u00a0\u00a0\u00a0\u00a0\u00a0\u00a0\u00a0\u00a0\u00a0\u00a0\u00a0\u00a0\u00a0\u00a0\u00a0\u00a0\u00a0\u00a0\u00a0\u00a0\u00a0\u00a0\u00a0\u00a0\u00a0\u00a0\u00a0\u00a0\u00a0\u00a0\u00a0\u00a0\u00a0\u00a0\u00a0\u00a0\u00a0\u00a0 Wojewoda Mazowiecki\u00a0\u00a0 \u00a0\u00a0\u00a0\u00a0\u00a0\u00a0\u00a0\u00a0\u00a0\u00a0\u00a0\u00a0\u00a0\u00a0\u00a0\u00a0\u00a0\u00a0\u00a0\u00a0\u00a0\u00a0\u00a0\u00a0\u00a0\u00a0\u00a0\u00a0\u00a0\u00a0\u00a0\u00a0\u00a0\u00a0\u00a0\u00a0\u00a0\u00a0\u00a0\u00a0\u00a0\u00a0\u00a0\u00a0\u00a0\u00a0\u00a0\u00a0\u00a0\u00a0\u00a0\u00a0\u00a0\u00a0\u00a0\u00a0\u00a0\u00a0\u00a0\u00a0\u00a0\u00a0\u00a0\u00a0\u00a0 Plac Bankowy 3\/5 \u00a0\u00a0\u00a0\u00a0\u00a0\u00a0\u00a0\u00a0\u00a0\u00a0\u00a0\u00a0\u00a0\u00a0\u00a0\u00a0\u00a0\u00a0\u00a0\u00a0\u00a0\u00a0\u00a0\u00a0\u00a0\u00a0\u00a0\u00a0\u00a0\u00a0\u00a0\u00a0\u00a0\u00a0\u00a0\u00a0\u00a0\u00a0\u00a0\u00a0\u00a0\u00a0\u00a0\u00a0\u00a0\u00a0\u00a0\u00a0\u00a0\u00a0\u00a0\u00a0\u00a0\u00a0\u00a0\u00a0\u00a0\u00a0\u00a0\u00a0\u00a0\u00a0\u00a0\u00a0\u00a0 00-950 Warszawa &nbsp; &nbsp; \u00a0S\u00a0 K\u00a0 A\u00a0 R\u00a0 G\u00a0 A\u00a0 na Uchwa\u0142\u0119 Rady Miasta Sto\u0142ecznego Warszawy nr XII\/240\/2015 z dnia 28 maja 2015 r. Dzia\u0142aj\u0105c na podstawie art. 86 ustawy o samorz\u0105dzie gminnym z dn. 28.03.1990 r (Dz. &hellip; <\/p>\n<p><a class=\"more-link btn\" href=\"http:\/\/www.spak.art.pl\/?p=3716\">Kontynuuj czytanie<\/a><\/p>\n","protected":false},"author":1,"featured_media":0,"comment_status":"closed","ping_status":"closed","sticky":false,"template":"","format":"standard","meta":{"ngg_post_thumbnail":0,"footnotes":""},"categories":[9],"tags":[],"class_list":["post-3716","post","type-post","status-publish","format-standard","hentry","category-aktualnosci","nodate","item-wrap"],"_links":{"self":[{"href":"http:\/\/www.spak.art.pl\/index.php?rest_route=\/wp\/v2\/posts\/3716","targetHints":{"allow":["GET"]}}],"collection":[{"href":"http:\/\/www.spak.art.pl\/index.php?rest_route=\/wp\/v2\/posts"}],"about":[{"href":"http:\/\/www.spak.art.pl\/index.php?rest_route=\/wp\/v2\/types\/post"}],"author":[{"embeddable":true,"href":"http:\/\/www.spak.art.pl\/index.php?rest_route=\/wp\/v2\/users\/1"}],"replies":[{"embeddable":true,"href":"http:\/\/www.spak.art.pl\/index.php?rest_route=%2Fwp%2Fv2%2Fcomments&post=3716"}],"version-history":[{"count":4,"href":"http:\/\/www.spak.art.pl\/index.php?rest_route=\/wp\/v2\/posts\/3716\/revisions"}],"predecessor-version":[{"id":3726,"href":"http:\/\/www.spak.art.pl\/index.php?rest_route=\/wp\/v2\/posts\/3716\/revisions\/3726"}],"wp:attachment":[{"href":"http:\/\/www.spak.art.pl\/index.php?rest_route=%2Fwp%2Fv2%2Fmedia&parent=3716"}],"wp:term":[{"taxonomy":"category","embeddable":true,"href":"http:\/\/www.spak.art.pl\/index.php?rest_route=%2Fwp%2Fv2%2Fcategories&post=3716"},{"taxonomy":"post_tag","embeddable":true,"href":"http:\/\/www.spak.art.pl\/index.php?rest_route=%2Fwp%2Fv2%2Ftags&post=3716"}],"curies":[{"name":"wp","href":"https:\/\/api.w.org\/{rel}","templated":true}]}}