{"id":3932,"date":"2015-10-02T20:58:41","date_gmt":"2015-10-02T20:58:41","guid":{"rendered":"http:\/\/www.spak.art.pl\/?p=3932"},"modified":"2015-10-02T20:58:41","modified_gmt":"2015-10-02T20:58:41","slug":"grzondziel-wygral-karpika-2015","status":"publish","type":"post","link":"http:\/\/www.spak.art.pl\/?p=3932","title":{"rendered":"Grzondziel wygra\u0142 KARPIKA 2015"},"content":{"rendered":"<div id=\"attachment_3933\" style=\"width: 450px\" class=\"wp-caption alignleft\"><a href=\"http:\/\/www.spak.art.pl\/wp-content\/uploads\/2015\/10\/Grand-Prix-Krzysztof-Grzondziel.jpeg\"><img loading=\"lazy\" decoding=\"async\" aria-describedby=\"caption-attachment-3933\" class=\"size-full wp-image-3933\" title=\"Grand Prix - Krzysztof Grzondziel\" src=\"http:\/\/www.spak.art.pl\/wp-content\/uploads\/2015\/10\/Grand-Prix-Krzysztof-Grzondziel.jpeg\" alt=\"\" width=\"450\" height=\"316\" srcset=\"http:\/\/www.spak.art.pl\/wp-content\/uploads\/2015\/10\/Grand-Prix-Krzysztof-Grzondziel.jpeg 450w, http:\/\/www.spak.art.pl\/wp-content\/uploads\/2015\/10\/Grand-Prix-Krzysztof-Grzondziel-300x210.jpg 300w\" sizes=\"auto, (max-width: 450px) 100vw, 450px\" \/><\/a><p id=\"caption-attachment-3933\" class=\"wp-caption-text\">Rys. K. Grzondziel<\/p><\/div>\n<h1><span style=\"font-size: 12px;\">XIII Mi\u0119dzynarodowy Konkurs Rysunku Satyrycznego \u201eKarpik\u201d 2015 &#8211; Protok\u00f3\u0142<\/span><\/h1>\n<p>Jury podczas obrad w dniu 2 pa\u017adziernika 2015 r., w sk\u0142adzie: Zbigniew Wo\u017aniak &#8211; przewodnicz\u0105cy, Micha\u0142 Graczyk, Jaros\u0142aw Stojko, Ma\u0142gorzata Biedro\u0144, Anna Olczyk<strong>, <\/strong>ustali\u0142o, co nast\u0119puje:<\/p>\n<p><strong>GRAND PRIX <\/strong>\u2013<strong> <\/strong>Krzysztof Grzondziel (Polska)<\/p>\n<p><strong>Nagrody g\u0142\u00f3wne:<\/strong><\/p>\n<p>Lubomir Lichy (Czechy)<\/p>\n<p>Tomasz Wo\u0142oszyn (Niemcy)<\/p>\n<p>Dariusz Pietrzak (Polska)<\/p>\n<p><strong>Nagroda Burmistrza Niemodlina<\/strong>\u00a0 &#8211; Wies\u0142aw Lipecki (Polska)<\/p>\n<p><strong>Nagroda\u00a0 Firmy Ornament z Nysy <\/strong>\u2013<strong> <\/strong>Jacek Fr\u0105ckiewicz (Polska)<strong>\u00a0 <\/strong><\/p>\n<p><strong>Nagroda Firmy Hasan z Nysy <\/strong>\u2013<strong> <\/strong>Bretislav Kovarik (Czechy)<\/p>\n<p><strong>Nagroda Stowarzyszenia Ruch Rozwoju Regionu Nysa <\/strong>&#8211;<strong> <\/strong>Henryk Cebula (Polska)<\/p>\n<p><strong>Nagroda Muzeum Karykatury w Warszawie <\/strong>\u2013<strong> <\/strong>Tomasz Rzeszutek (Polska)<\/p>\n<p><strong>Nagrody Agencji Rynku Rolnego Oddzia\u0142u Terenowego w Opolu<\/strong><\/p>\n<p><strong>I nagroda<\/strong> \u2013 Daniel Strzelczyk (Polska)<\/p>\n<p><strong>II nagroda<\/strong> \u2013 Jiri Novak (Czechy)<\/p>\n<p><strong>III nagroda<\/strong> \u2013 Janusz Grysiewicz (Polska)<\/p>\n<p><strong>Wyr\u00f3\u017cnienia honorowe (dyplomy)<\/strong><\/p>\n<p>Anon Anindito (Indonesia)<\/p>\n<p>Chiorean Cornel-Marin (Rumunia)<\/p>\n<p>Ricardo Ferreira (Portugalia)<\/p>\n<p>Galym Boranbayev (Kazachstan)<\/p>\n<p>Zbigniew Piszczako (Polska)<\/p>\n<p>&nbsp;<\/p>\n<p><strong>MA\u0141Y KARPIK\u00a0 2015<\/strong><\/p>\n<p><strong>Protok\u00f3\u0142<\/strong><\/p>\n<p>Jury podczas obrad w dniu 2 pa\u017adziernika 2015 r., w sk\u0142adzie: Zbigniew Wo\u017aniak &#8211; przewodnicz\u0105cy, Micha\u0142 Graczyk, Jaros\u0142aw Stojko, Ma\u0142gorzata Biedro\u0144, Anna Olczyk<strong>, <\/strong>ustali\u0142o, co nast\u0119puje:<\/p>\n<p><strong>GRAND PRIX \u2013 <\/strong>Milena Cempa, SP nr 1 w Niemodlinie, kl. IV<\/p>\n<p><strong>Kat. klasy V-VI<\/strong><\/p>\n<p><strong>Nagrody Agencji Rynku Rolnego Oddzia\u0142u Terenowego w Opolu<\/strong><\/p>\n<p><strong>I miejsce<\/strong> \u2013 Joanna Paluszkiewicz, SP nr 1 w Niemodlinie, kl. V<\/p>\n<p><strong>II miejsce<\/strong> \u2013 Dominika Krzemi\u0144ska, SP nr 3 w Ozimku, kl. VI<\/p>\n<p><strong>III miejsce<\/strong> \u2013 Oliver Sowa, SP w Popielowie, kl. V<\/p>\n<p><strong>Nagroda\u00a0 Firmy Ornament z Nysy <\/strong>&#8211;<strong> <\/strong>Emilia \u0141ukawska, SP nr 1 w Niemodlinie, kl. VI<\/p>\n<p><strong>Nagroda ufundowana przez Ma\u0142gorzat\u0119 i Mariusza Nieckarz\u00f3w <\/strong>\u2013 Katarzyna Dolak, SP nr 1 w Niemodlinie, kl. V<\/p>\n<p><strong>Kat. klasy 0-IV<\/strong><\/p>\n<p><strong>Nagrody Agencji Rynku Rolnego Oddzia\u0142u Terenowego w Opolu<\/strong><\/p>\n<p><strong>I miejsce<\/strong> \u2013 Kaja Wojtas, SP nr 3 w Ozimku, kl. II<\/p>\n<p><strong>II miejsce<\/strong> \u2013 Mateusz Cempa, SP nr 1 w Niemodlinie, kl. III<\/p>\n<p><strong>III miejsce<\/strong> \u2013 Bogumi\u0142 Pustelnik, SP nr 3 w Ozimku, kl. IV<\/p>\n<p><strong>Nagroda\u00a0 Firmy Ornament z Nysy <\/strong>&#8211;<strong> <\/strong>Micha\u0142 Nowak, SP w Skorogoszczy, kl. I<\/p>\n","protected":false},"excerpt":{"rendered":"<p>XIII Mi\u0119dzynarodowy Konkurs Rysunku Satyrycznego \u201eKarpik\u201d 2015 &#8211; Protok\u00f3\u0142 Jury podczas obrad w dniu 2 pa\u017adziernika 2015 r., w sk\u0142adzie: Zbigniew Wo\u017aniak &#8211; przewodnicz\u0105cy, Micha\u0142 Graczyk, Jaros\u0142aw Stojko, Ma\u0142gorzata Biedro\u0144, Anna Olczyk, ustali\u0142o, co nast\u0119puje: GRAND PRIX \u2013 Krzysztof Grzondziel (Polska) Nagrody g\u0142\u00f3wne: Lubomir Lichy (Czechy) Tomasz Wo\u0142oszyn (Niemcy) Dariusz Pietrzak (Polska) Nagroda Burmistrza Niemodlina\u00a0 &hellip; <\/p>\n<p><a class=\"more-link btn\" href=\"http:\/\/www.spak.art.pl\/?p=3932\">Kontynuuj czytanie<\/a><\/p>\n","protected":false},"author":1,"featured_media":0,"comment_status":"closed","ping_status":"closed","sticky":false,"template":"","format":"standard","meta":{"ngg_post_thumbnail":0,"footnotes":""},"categories":[9],"tags":[],"class_list":["post-3932","post","type-post","status-publish","format-standard","hentry","category-aktualnosci","nodate","item-wrap"],"_links":{"self":[{"href":"http:\/\/www.spak.art.pl\/index.php?rest_route=\/wp\/v2\/posts\/3932","targetHints":{"allow":["GET"]}}],"collection":[{"href":"http:\/\/www.spak.art.pl\/index.php?rest_route=\/wp\/v2\/posts"}],"about":[{"href":"http:\/\/www.spak.art.pl\/index.php?rest_route=\/wp\/v2\/types\/post"}],"author":[{"embeddable":true,"href":"http:\/\/www.spak.art.pl\/index.php?rest_route=\/wp\/v2\/users\/1"}],"replies":[{"embeddable":true,"href":"http:\/\/www.spak.art.pl\/index.php?rest_route=%2Fwp%2Fv2%2Fcomments&post=3932"}],"version-history":[{"count":2,"href":"http:\/\/www.spak.art.pl\/index.php?rest_route=\/wp\/v2\/posts\/3932\/revisions"}],"predecessor-version":[{"id":3935,"href":"http:\/\/www.spak.art.pl\/index.php?rest_route=\/wp\/v2\/posts\/3932\/revisions\/3935"}],"wp:attachment":[{"href":"http:\/\/www.spak.art.pl\/index.php?rest_route=%2Fwp%2Fv2%2Fmedia&parent=3932"}],"wp:term":[{"taxonomy":"category","embeddable":true,"href":"http:\/\/www.spak.art.pl\/index.php?rest_route=%2Fwp%2Fv2%2Fcategories&post=3932"},{"taxonomy":"post_tag","embeddable":true,"href":"http:\/\/www.spak.art.pl\/index.php?rest_route=%2Fwp%2Fv2%2Ftags&post=3932"}],"curies":[{"name":"wp","href":"https:\/\/api.w.org\/{rel}","templated":true}]}}