{"id":4110,"date":"2015-12-31T14:58:45","date_gmt":"2015-12-31T14:58:45","guid":{"rendered":"http:\/\/www.spak.art.pl\/?p=4110"},"modified":"2015-12-31T14:58:45","modified_gmt":"2015-12-31T14:58:45","slug":"sadurski-w-australii","status":"publish","type":"post","link":"http:\/\/www.spak.art.pl\/?p=4110","title":{"rendered":"Sadurski w Australii"},"content":{"rendered":"<p><a href=\"http:\/\/www.spak.art.pl\/wp-content\/uploads\/2015\/12\/sadurski-australia.jpg\"><img loading=\"lazy\" decoding=\"async\" class=\"alignleft size-full wp-image-4111\" title=\"sadurski australia\" src=\"http:\/\/www.spak.art.pl\/wp-content\/uploads\/2015\/12\/sadurski-australia.jpg\" alt=\"\" width=\"500\" height=\"376\" srcset=\"http:\/\/www.spak.art.pl\/wp-content\/uploads\/2015\/12\/sadurski-australia.jpg 500w, http:\/\/www.spak.art.pl\/wp-content\/uploads\/2015\/12\/sadurski-australia-300x225.jpg 300w\" sizes=\"auto, (max-width: 500px) 100vw, 500px\" \/><\/a>W tym roku prze\u0142om grudnia i stycznia w Melbourne w Australii przebiega pod has\u0142em <strong>PolArt 2015 \u2013 13th National Polish Arts Festival<\/strong>.<\/p>\n<p>Festiwal<strong> PolArt<\/strong>, kt\u00f3ry celebruje polsk\u0105 kultur\u0119 i polskie dziedzictwo poprzez taniec, pie\u015b\u0144, film, teatr, literatur\u0119 i sztuki pi\u0119kne, organizowany jest ju\u017c od 40 lat i odbywa si\u0119 co trzy lata w jednej z australijskich stanowych stolic i jest najwi\u0119kszym, poza Polsk\u0105, tego typu festiwalem.<\/p>\n<p>PolArt jest jedynym wydarzeniem \u0142\u0105cz\u0105cym polsk\u0105 i australijsk\u0105 spo\u0142eczno\u015b\u0107 z ca\u0142ej Australii, w kt\u00f3rym g\u0142\u00f3wnymi uczestnikami s\u0105 kolejne pokolenia polskiej m\u0142odzie\u017cy. Festiwale PolArt przyczyni\u0142y si\u0119 do rozwoju wielokulturowego charakteru Australii.<br \/>\nGospodarzem tegorocznego festiwalu, kt\u00f3ry odbywa si\u0119 w dniach od 27 grudnia do 3 stycznia, b\u0119dzie Melbourne, a jednym z go\u015bci festiwalowych jest <strong>Szczepan Sadurski<\/strong>.<\/p>\n<p>Publiczno\u015bci festiwalu b\u0119dzie mog\u0142a zapozna\u0107 si\u0119 z tw\u00f3rczo\u015bci\u0105 artysty, kt\u00f3ry anonsowany jest w materia\u0142ach informacyjnych festiwalu jako <strong>\u201ePoland\u2019s most popular satirists and fastest caricature artist in the world\u201d<\/strong>, podczas czterech oficjalnych spotka\u0144, w czasie kt\u00f3rych Sadurski b\u0119dzie wykonywa\u0142 karykatury \u201ena \u017cywo\u201d. Okazj\u0105 do jednego ze spotka\u0144 jest te\u017c <strong>premiera ksi\u0105\u017cki wydanej z okazji 100 urodzin Andrzeja Gawronskiego<\/strong>, do kt\u00f3rej ilustracje wykona\u0142 Sadurski.<\/p>\n<p><em>(Na podstawie: hajnos.pl)<\/em><\/p>\n","protected":false},"excerpt":{"rendered":"<p>W tym roku prze\u0142om grudnia i stycznia w Melbourne w Australii przebiega pod has\u0142em PolArt 2015 \u2013 13th National Polish Arts Festival. Festiwal PolArt, kt\u00f3ry celebruje polsk\u0105 kultur\u0119 i polskie dziedzictwo poprzez taniec, pie\u015b\u0144, film, teatr, literatur\u0119 i sztuki pi\u0119kne, organizowany jest ju\u017c od 40 lat i odbywa si\u0119 co trzy lata w jednej z &hellip; <\/p>\n<p><a class=\"more-link btn\" href=\"http:\/\/www.spak.art.pl\/?p=4110\">Kontynuuj czytanie<\/a><\/p>\n","protected":false},"author":1,"featured_media":0,"comment_status":"closed","ping_status":"closed","sticky":false,"template":"","format":"standard","meta":{"ngg_post_thumbnail":0,"footnotes":""},"categories":[9],"tags":[],"class_list":["post-4110","post","type-post","status-publish","format-standard","hentry","category-aktualnosci","nodate","item-wrap"],"_links":{"self":[{"href":"http:\/\/www.spak.art.pl\/index.php?rest_route=\/wp\/v2\/posts\/4110","targetHints":{"allow":["GET"]}}],"collection":[{"href":"http:\/\/www.spak.art.pl\/index.php?rest_route=\/wp\/v2\/posts"}],"about":[{"href":"http:\/\/www.spak.art.pl\/index.php?rest_route=\/wp\/v2\/types\/post"}],"author":[{"embeddable":true,"href":"http:\/\/www.spak.art.pl\/index.php?rest_route=\/wp\/v2\/users\/1"}],"replies":[{"embeddable":true,"href":"http:\/\/www.spak.art.pl\/index.php?rest_route=%2Fwp%2Fv2%2Fcomments&post=4110"}],"version-history":[{"count":2,"href":"http:\/\/www.spak.art.pl\/index.php?rest_route=\/wp\/v2\/posts\/4110\/revisions"}],"predecessor-version":[{"id":4113,"href":"http:\/\/www.spak.art.pl\/index.php?rest_route=\/wp\/v2\/posts\/4110\/revisions\/4113"}],"wp:attachment":[{"href":"http:\/\/www.spak.art.pl\/index.php?rest_route=%2Fwp%2Fv2%2Fmedia&parent=4110"}],"wp:term":[{"taxonomy":"category","embeddable":true,"href":"http:\/\/www.spak.art.pl\/index.php?rest_route=%2Fwp%2Fv2%2Fcategories&post=4110"},{"taxonomy":"post_tag","embeddable":true,"href":"http:\/\/www.spak.art.pl\/index.php?rest_route=%2Fwp%2Fv2%2Ftags&post=4110"}],"curies":[{"name":"wp","href":"https:\/\/api.w.org\/{rel}","templated":true}]}}