{"id":4567,"date":"2016-07-19T11:44:07","date_gmt":"2016-07-19T11:44:07","guid":{"rendered":"http:\/\/www.spak.art.pl\/?p=4567"},"modified":"2016-07-19T11:44:07","modified_gmt":"2016-07-19T11:44:07","slug":"luczynski-laureatem-w-czechach","status":"publish","type":"post","link":"http:\/\/www.spak.art.pl\/?p=4567","title":{"rendered":"\u0141uczy\u0144ski laureatem w Czechach"},"content":{"rendered":"<p>W dniach 11 &#8211; 17 lipca, we Franciszkowych \u0141a\u017aniach (Czechy), uzdrowisku, odby\u0142 si\u0119 <strong>Mi\u0119dzynarodowy Festiwal Humoru Rysunkowego. <\/strong>G\u0142\u00f3wnym punktem festiwalu by\u0142a mi\u0119dzynarodowa wystawa, na kt\u00f3rej zosta\u0142o zaprezentowanych <strong>450<\/strong> prac<strong> <\/strong><strong>45<\/strong> rysownik\u00f3w z Czech i z 7 kraj\u00f3w europejskich. W gronie artyst\u00f3w\u00a0 znalaz\u0142 si\u0119 jeden Polak \u2013 <strong>S\u0142awomir \u0141uczy\u0144ski, <\/strong><strong>kt\u00f3ry zdoby\u0142 1. Nagrod\u0119 w jednej z kategorii \u2013 Z\u0142otego Tapira<\/strong>. Jednym z juror\u00f3w konkursu by\u0142 <strong>Sergiusz Kaszkowski<\/strong>. Opr\u00f3cz wystawy i uroczysto\u015bci wr\u0119czania nagr\u00f3d nie zabrak\u0142o koncert\u00f3w muzycznych i tworzenia rysunk\u00f3w i karykatur na \u017cywo, w czasie trwania festiwalu.<\/p>\n<p><strong>Mezinarodni Festival Kresleneho Humoru \u2013 Franti\u0161kovy L\u00e1zne 11-17. 07. 2016 \/ Czechy, laureaci:<\/strong><\/p>\n<p><strong>Nagroda Vtip roku:<\/strong><\/p>\n<p><strong>1.Vladimir Libal<\/strong><\/p>\n<p><strong>2. Mirek Vostry<\/strong><\/p>\n<p><strong>3. Damir Novak<\/strong><strong><\/strong><\/p>\n<p><strong>\u00a0Nagroda Zlaty Tapir ctenaru:<\/strong><\/p>\n<p><strong>1. S\u0142awomir Luczy\u0144ski, <\/strong><\/p>\n<p><strong>2.<\/strong><strong> Borek Fryba, <\/strong><\/p>\n<p><strong>3. Borek Fryba<\/strong><strong> <\/strong><\/p>\n<p><strong>Nagroda Zlaty Pramen:<\/strong><\/p>\n<p><strong>1. Borek Fryba <\/strong><\/p>\n<p><strong>2. Vladimir Libal<\/strong><\/p>\n<p><strong>3. Petr Slaba<\/strong><\/p>\n<p><strong>Nagroda Hlavni Zlaty Tapir:<\/strong><\/p>\n<p><strong>1. Borek Fryba<\/strong><\/p>\n<p><strong>2. Vladimir Libal<\/strong><\/p>\n<p><strong>3. Mirek Vostry<\/strong><\/p>\n<p>Uczestnicy:<br \/>\n<strong>Stefan Wenczel<\/strong>, <strong>Klaus Pitter<\/strong> \/ Austria;<br \/>\n<strong>Damir Novak<\/strong>, <strong>Nenad Ostojic<\/strong> \/ Chorwacja;<br \/>\n<strong>S\u0142awomir \u0141uczy\u0144ski<\/strong> \/ Polska;<br \/>\n<strong>Victor Bogorad<\/strong>, <strong>Marina Bondarenko<\/strong> \/ Rosja;<br \/>\n<strong>Frantisek Bojnican<\/strong>, <strong>Vlado Mach<\/strong>, <strong>Vladimir Pavlik<\/strong>,<strong> Stanislav Remeselnik,<\/strong> <strong>Peter Sedlak<\/strong>, <strong>Ivan Simek<\/strong> \/ S\u0142owacja;<br \/>\n<strong>Oleg Goutsol<\/strong> \/ Ukraina;<br \/>\n<strong>Paolo Dalponte<\/strong> \/ W\u0142ochy;<br \/>\n<strong>Anner<\/strong>, <strong>Vladimir Balcar<\/strong>, <strong>Pepa Bilek<\/strong>, <strong>Evzen David<\/strong>, <strong>Oldrich Dvorak<\/strong>, <strong>Borek Fryba<\/strong>, <strong>Roman Gadas<\/strong>, <strong>Pavel Hanak<\/strong>, <strong>Zdenek Janca<\/strong>, <strong>Roman Kelbich<\/strong>, <strong>Milan Kocmanek<\/strong>, <strong>Frantisek Krotochvil<\/strong>, <strong>Roman Kubec<\/strong>, <strong>Kvapke<\/strong>, <strong>Vladimir Libal<\/strong>, <strong>Vaclav Novak<\/strong>, <strong>Pata<\/strong>, <strong>Pasta<\/strong>, <strong>Tomas Pekarek<\/strong>,<strong> Jiri Pirkl<\/strong>, <strong>Pavel Richtarik<\/strong>, <strong>Petr Slaba<\/strong>, <strong>Jiri Srna<\/strong>,<strong> Pavel Smakal<\/strong>, <strong>Mira Sticha<\/strong>,<strong> Petr Suta<\/strong>, <strong>Josef Svec<\/strong>, <strong>Borivoj Sveda<\/strong>, <strong>Karel Urban<\/strong>, <strong>Vhrsti<\/strong>, <strong>Mirek Vostry<\/strong> \/ Czechy.<\/p>\n<p>Poni\u017cej publikujemy kilka zdj\u0119\u0107 z imprezy.<\/p>\n<p><a href=\"http:\/\/www.spak.art.pl\/wp-content\/uploads\/2016\/07\/tapir3.jpg\"><img loading=\"lazy\" decoding=\"async\" class=\"alignleft size-full wp-image-4574\" title=\"tapir3\" src=\"http:\/\/www.spak.art.pl\/wp-content\/uploads\/2016\/07\/tapir3.jpg\" alt=\"\" width=\"500\" height=\"233\" srcset=\"http:\/\/www.spak.art.pl\/wp-content\/uploads\/2016\/07\/tapir3.jpg 500w, http:\/\/www.spak.art.pl\/wp-content\/uploads\/2016\/07\/tapir3-300x139.jpg 300w\" sizes=\"auto, (max-width: 500px) 100vw, 500px\" \/><\/a><\/p>\n<div id=\"attachment_4573\" style=\"width: 398px\" class=\"wp-caption alignleft\"><a href=\"http:\/\/www.spak.art.pl\/wp-content\/uploads\/2016\/07\/tapir2.jpg\"><img loading=\"lazy\" decoding=\"async\" aria-describedby=\"caption-attachment-4573\" class=\"size-full wp-image-4573\" title=\"tapir2\" src=\"http:\/\/www.spak.art.pl\/wp-content\/uploads\/2016\/07\/tapir2.jpg\" alt=\"\" width=\"398\" height=\"500\" srcset=\"http:\/\/www.spak.art.pl\/wp-content\/uploads\/2016\/07\/tapir2.jpg 398w, http:\/\/www.spak.art.pl\/wp-content\/uploads\/2016\/07\/tapir2-238x300.jpg 238w\" sizes=\"auto, (max-width: 398px) 100vw, 398px\" \/><\/a><p id=\"caption-attachment-4573\" class=\"wp-caption-text\">Sergiusz Kaszkowski i S\u0142awomir \u0141uczy\u0144ski<\/p><\/div>\n<p><a href=\"http:\/\/www.spak.art.pl\/wp-content\/uploads\/2016\/07\/tapir5.jpg\"><img loading=\"lazy\" decoding=\"async\" class=\"alignleft size-full wp-image-4572\" title=\"tapir5\" src=\"http:\/\/www.spak.art.pl\/wp-content\/uploads\/2016\/07\/tapir5.jpg\" alt=\"\" width=\"500\" height=\"333\" srcset=\"http:\/\/www.spak.art.pl\/wp-content\/uploads\/2016\/07\/tapir5.jpg 500w, http:\/\/www.spak.art.pl\/wp-content\/uploads\/2016\/07\/tapir5-300x199.jpg 300w\" sizes=\"auto, (max-width: 500px) 100vw, 500px\" \/><\/a><\/p>\n<p><a href=\"http:\/\/www.spak.art.pl\/wp-content\/uploads\/2016\/07\/tapir6.jpg\"><img loading=\"lazy\" decoding=\"async\" class=\"alignleft size-full wp-image-4571\" title=\"tapir6\" src=\"http:\/\/www.spak.art.pl\/wp-content\/uploads\/2016\/07\/tapir6.jpg\" alt=\"\" width=\"333\" height=\"500\" srcset=\"http:\/\/www.spak.art.pl\/wp-content\/uploads\/2016\/07\/tapir6.jpg 333w, http:\/\/www.spak.art.pl\/wp-content\/uploads\/2016\/07\/tapir6-199x300.jpg 199w\" sizes=\"auto, (max-width: 333px) 100vw, 333px\" \/><\/a><\/p>\n<p><a href=\"http:\/\/www.spak.art.pl\/wp-content\/uploads\/2016\/07\/tapir8.jpg\"><img loading=\"lazy\" decoding=\"async\" class=\"alignleft size-full wp-image-4570\" title=\"tapir8\" src=\"http:\/\/www.spak.art.pl\/wp-content\/uploads\/2016\/07\/tapir8.jpg\" alt=\"\" width=\"333\" height=\"500\" srcset=\"http:\/\/www.spak.art.pl\/wp-content\/uploads\/2016\/07\/tapir8.jpg 333w, http:\/\/www.spak.art.pl\/wp-content\/uploads\/2016\/07\/tapir8-199x300.jpg 199w\" sizes=\"auto, (max-width: 333px) 100vw, 333px\" \/><\/a><\/p>\n<p><a href=\"http:\/\/www.spak.art.pl\/wp-content\/uploads\/2016\/07\/tapir7.jpg\"><img loading=\"lazy\" decoding=\"async\" class=\"alignleft size-full wp-image-4569\" title=\"tapir7\" src=\"http:\/\/www.spak.art.pl\/wp-content\/uploads\/2016\/07\/tapir7.jpg\" alt=\"\" width=\"500\" height=\"375\" srcset=\"http:\/\/www.spak.art.pl\/wp-content\/uploads\/2016\/07\/tapir7.jpg 500w, http:\/\/www.spak.art.pl\/wp-content\/uploads\/2016\/07\/tapir7-300x225.jpg 300w\" sizes=\"auto, (max-width: 500px) 100vw, 500px\" \/><\/a><\/p>\n<p><a href=\"http:\/\/www.spak.art.pl\/wp-content\/uploads\/2016\/07\/tapir4.jpg\"><img loading=\"lazy\" decoding=\"async\" class=\"alignleft size-full wp-image-4568\" title=\"tapir4\" src=\"http:\/\/www.spak.art.pl\/wp-content\/uploads\/2016\/07\/tapir4.jpg\" alt=\"\" width=\"371\" height=\"500\" srcset=\"http:\/\/www.spak.art.pl\/wp-content\/uploads\/2016\/07\/tapir4.jpg 371w, http:\/\/www.spak.art.pl\/wp-content\/uploads\/2016\/07\/tapir4-222x300.jpg 222w\" sizes=\"auto, (max-width: 371px) 100vw, 371px\" \/><\/a><\/p>\n","protected":false},"excerpt":{"rendered":"<p>W dniach 11 &#8211; 17 lipca, we Franciszkowych \u0141a\u017aniach (Czechy), uzdrowisku, odby\u0142 si\u0119 Mi\u0119dzynarodowy Festiwal Humoru Rysunkowego. G\u0142\u00f3wnym punktem festiwalu by\u0142a mi\u0119dzynarodowa wystawa, na kt\u00f3rej zosta\u0142o zaprezentowanych 450 prac 45 rysownik\u00f3w z Czech i z 7 kraj\u00f3w europejskich. W gronie artyst\u00f3w\u00a0 znalaz\u0142 si\u0119 jeden Polak \u2013 S\u0142awomir \u0141uczy\u0144ski, kt\u00f3ry zdoby\u0142 1. Nagrod\u0119 w jednej z &hellip; <\/p>\n<p><a class=\"more-link btn\" href=\"http:\/\/www.spak.art.pl\/?p=4567\">Kontynuuj czytanie<\/a><\/p>\n","protected":false},"author":1,"featured_media":0,"comment_status":"closed","ping_status":"closed","sticky":false,"template":"","format":"standard","meta":{"ngg_post_thumbnail":0,"footnotes":""},"categories":[9],"tags":[],"class_list":["post-4567","post","type-post","status-publish","format-standard","hentry","category-aktualnosci","nodate","item-wrap"],"_links":{"self":[{"href":"http:\/\/www.spak.art.pl\/index.php?rest_route=\/wp\/v2\/posts\/4567","targetHints":{"allow":["GET"]}}],"collection":[{"href":"http:\/\/www.spak.art.pl\/index.php?rest_route=\/wp\/v2\/posts"}],"about":[{"href":"http:\/\/www.spak.art.pl\/index.php?rest_route=\/wp\/v2\/types\/post"}],"author":[{"embeddable":true,"href":"http:\/\/www.spak.art.pl\/index.php?rest_route=\/wp\/v2\/users\/1"}],"replies":[{"embeddable":true,"href":"http:\/\/www.spak.art.pl\/index.php?rest_route=%2Fwp%2Fv2%2Fcomments&post=4567"}],"version-history":[{"count":2,"href":"http:\/\/www.spak.art.pl\/index.php?rest_route=\/wp\/v2\/posts\/4567\/revisions"}],"predecessor-version":[{"id":4576,"href":"http:\/\/www.spak.art.pl\/index.php?rest_route=\/wp\/v2\/posts\/4567\/revisions\/4576"}],"wp:attachment":[{"href":"http:\/\/www.spak.art.pl\/index.php?rest_route=%2Fwp%2Fv2%2Fmedia&parent=4567"}],"wp:term":[{"taxonomy":"category","embeddable":true,"href":"http:\/\/www.spak.art.pl\/index.php?rest_route=%2Fwp%2Fv2%2Fcategories&post=4567"},{"taxonomy":"post_tag","embeddable":true,"href":"http:\/\/www.spak.art.pl\/index.php?rest_route=%2Fwp%2Fv2%2Ftags&post=4567"}],"curies":[{"name":"wp","href":"https:\/\/api.w.org\/{rel}","templated":true}]}}