{"id":4623,"date":"2016-08-21T09:16:23","date_gmt":"2016-08-21T09:16:23","guid":{"rendered":"http:\/\/www.spak.art.pl\/?p=4623"},"modified":"2016-08-21T09:16:23","modified_gmt":"2016-08-21T09:16:23","slug":"czeslaw-przezak-czyli-zezoowate-szczescie","status":"publish","type":"post","link":"http:\/\/www.spak.art.pl\/?p=4623","title":{"rendered":"Czes\u0142aw Prz\u0119zak, czyli zezoowate szcz\u0119\u015bcie"},"content":{"rendered":"<p><strong><a href=\"http:\/\/www.spak.art.pl\/wp-content\/uploads\/2016\/08\/plakat+przezak.jpg\"><img loading=\"lazy\" decoding=\"async\" class=\"alignleft size-full wp-image-4624\" title=\"plakat+przezak\" src=\"http:\/\/www.spak.art.pl\/wp-content\/uploads\/2016\/08\/plakat+przezak.jpg\" alt=\"\" width=\"353\" height=\"500\" srcset=\"http:\/\/www.spak.art.pl\/wp-content\/uploads\/2016\/08\/plakat+przezak.jpg 353w, http:\/\/www.spak.art.pl\/wp-content\/uploads\/2016\/08\/plakat+przezak-211x300.jpg 211w\" sizes=\"auto, (max-width: 353px) 100vw, 353px\" \/><\/a>3 wrze\u015bnia 2016 r. (sobota) o godz. 18.00 <\/strong>w Klubie Pod Kolumnami (Wroc\u0142aw, pl.\u015bw. Macieja 21) zostanie otwarta wystawa <strong>&#8222;Czes\u0142aw Prz\u0119zak czyli Zezoowate Szcz\u0119\u015bcie. Wystawa z okazji 30 lecia tw\u00f3rczo\u015bci satyrycznej 1986-2016&#8221;<\/strong>. Na wystawie b\u0119dzie mo\u017cna ogl\u0105da\u0107 100 rysunk\u00f3w autora, powsta\u0142ych na przestrzeni wielu lat. Wernisa\u017c u\u015bwietni wyst\u0119p duetu jazzowego Szymon Witczy\u0144ski (gitara elektryczna) i Piotr Narajowski (kontrabas), kt\u00f3ry zagra jazzowe standardy w starych i nowych aran\u017cacjach. Wystaw\u0119 mo\u017cna b\u0119dzie ogl\u0105da\u0107 do 30 wrze\u015bnia.<\/p>\n<p><strong><em>Czes\u0142aw Prz\u0119zak<\/em><\/strong><strong> <\/strong>jest artyst\u0105 plastykiem, malarzem, karykaturzyst\u0105, cz\u0142onkiem Stowarzyszenia Polskich Artyst\u00f3w Karykatury. Debiutowa\u0142 rysunkiem prasowym w 1986 roku w nie istniej\u0105cym ju\u017c dzisiaj pi\u015bmie satyrycznym \u201eKaruzela\u201d i r\u00f3wnocze\u015bnie niemieckim pi\u015bmie \u201eEulenspiegel\u201d. W bie\u017c\u0105cym roku przypada 30 lecie jego pracy artystycznej (1986-2016) w dziedzinie rysunku satyrycznego i karykatury. Z tej okazji artysta przygotowa\u0142 wystaw\u0119 monograficzn\u0105 swoich prac. Czes\u0142aw Prz\u0119zak nale\u017cy od lat do czo\u0142\u00f3wki polskich karykaturzyst\u00f3w. Jest artyst\u0105 p\u0142odnym i oryginalnym. Jego dorobek artystyczny jest bardzo du\u017cy i godny uznania. Bra\u0142 on udzia\u0142 w wielu wystawach zbiorowych rysunku satyrycznego w kraju, mi\u0119dzy innymi: Warszawa, Olsztyn, \u017byrard\u00f3w, Wroc\u0142aw, Zielona G\u00f3ra, \u0141\u00f3d\u017a, Szczytno, Legnica, Krak\u00f3w, Be\u0142chat\u00f3w i za granic\u0105 : Turcja, W\u0142ochy, Rumunia, Iran, USA, Rosja, Bu\u0142garia, Belgia, Peru, Brazylia, Anglia, Chorwacja. Otrzyma\u0142 na tych wystawach wiele nagr\u00f3d i wyr\u00f3\u017cnie\u0144. Prace Czes\u0142awa Prz\u0119zaka zosta\u0142y docenione w tak presti\u017cowych konkursach jak legnicki <strong>Satyrykon,<\/strong> czy konkurs <strong>Nasreddin Hodja <\/strong>w Turcji. Wsp\u00f3\u0142pracowa\u0142 \u00a0mi\u0119dzy innymi z Karuzel\u0105, Gazet\u0105 Robotnicz\u0105, Skrzydlat\u0105 Polsk\u0105, Tygodnikiem Solidarno\u015b\u0107, S\u0142owem Polskim, Aid\u0105 i wieloma innymi pismami Jego prace znajduj\u0105 si\u0119 w zbiorach Muzeum Karykatury im. Eryka Lipi\u0144skiego w Warszawie, w wielu muzeach karykatury na \u015bwiecie, a tak\u017ce w zbiorach prywatnych w Austrii i Anglii oraz oczywi\u015bcie w Polsce. Artysta ma tak\u017ce swoje miejsce w pere\u0142ce wydawniczej, \u201eLeksykonie Polskich Artyst\u00f3w Karykatury 1945-2013\u201d wydanym w 2013 roku przez zesp\u00f3\u0142 Muzeum Karykatury w Warszawie, pod kierownictwem Zygmunta Zaradkiewicza. Zapraszaj\u0105c na wystaw\u0119 zatytu\u0142owan\u0105 <strong>\u201eCzes\u0142aw Prz\u0119zak, czyli zezoowate szcz\u0119\u015bcie\u201d <\/strong>z okazji jubileuszu artysty, oddajemy pod Pa\u0144stwa ocen\u0119 niewielk\u0105 cz\u0119\u015b\u0107 jego dorobku ( na wystawie prezentowanych jest 100 prac ), obejmuj\u0105c\u0105 rysunek satyryczny i karykatur\u0119.<\/p>\n","protected":false},"excerpt":{"rendered":"<p>3 wrze\u015bnia 2016 r. (sobota) o godz. 18.00 w Klubie Pod Kolumnami (Wroc\u0142aw, pl.\u015bw. Macieja 21) zostanie otwarta wystawa &#8222;Czes\u0142aw Prz\u0119zak czyli Zezoowate Szcz\u0119\u015bcie. Wystawa z okazji 30 lecia tw\u00f3rczo\u015bci satyrycznej 1986-2016&#8221;. Na wystawie b\u0119dzie mo\u017cna ogl\u0105da\u0107 100 rysunk\u00f3w autora, powsta\u0142ych na przestrzeni wielu lat. Wernisa\u017c u\u015bwietni wyst\u0119p duetu jazzowego Szymon Witczy\u0144ski (gitara elektryczna) i &hellip; <\/p>\n<p><a class=\"more-link btn\" href=\"http:\/\/www.spak.art.pl\/?p=4623\">Kontynuuj czytanie<\/a><\/p>\n","protected":false},"author":1,"featured_media":0,"comment_status":"closed","ping_status":"closed","sticky":false,"template":"","format":"standard","meta":{"ngg_post_thumbnail":0,"footnotes":""},"categories":[9],"tags":[],"class_list":["post-4623","post","type-post","status-publish","format-standard","hentry","category-aktualnosci","nodate","item-wrap"],"_links":{"self":[{"href":"http:\/\/www.spak.art.pl\/index.php?rest_route=\/wp\/v2\/posts\/4623","targetHints":{"allow":["GET"]}}],"collection":[{"href":"http:\/\/www.spak.art.pl\/index.php?rest_route=\/wp\/v2\/posts"}],"about":[{"href":"http:\/\/www.spak.art.pl\/index.php?rest_route=\/wp\/v2\/types\/post"}],"author":[{"embeddable":true,"href":"http:\/\/www.spak.art.pl\/index.php?rest_route=\/wp\/v2\/users\/1"}],"replies":[{"embeddable":true,"href":"http:\/\/www.spak.art.pl\/index.php?rest_route=%2Fwp%2Fv2%2Fcomments&post=4623"}],"version-history":[{"count":2,"href":"http:\/\/www.spak.art.pl\/index.php?rest_route=\/wp\/v2\/posts\/4623\/revisions"}],"predecessor-version":[{"id":4626,"href":"http:\/\/www.spak.art.pl\/index.php?rest_route=\/wp\/v2\/posts\/4623\/revisions\/4626"}],"wp:attachment":[{"href":"http:\/\/www.spak.art.pl\/index.php?rest_route=%2Fwp%2Fv2%2Fmedia&parent=4623"}],"wp:term":[{"taxonomy":"category","embeddable":true,"href":"http:\/\/www.spak.art.pl\/index.php?rest_route=%2Fwp%2Fv2%2Fcategories&post=4623"},{"taxonomy":"post_tag","embeddable":true,"href":"http:\/\/www.spak.art.pl\/index.php?rest_route=%2Fwp%2Fv2%2Ftags&post=4623"}],"curies":[{"name":"wp","href":"https:\/\/api.w.org\/{rel}","templated":true}]}}