{"id":4701,"date":"2016-10-10T21:28:46","date_gmt":"2016-10-10T21:28:46","guid":{"rendered":"http:\/\/www.spak.art.pl\/?p=4701"},"modified":"2016-10-10T21:28:46","modified_gmt":"2016-10-10T21:28:46","slug":"kaszkowski-w-poraju","status":"publish","type":"post","link":"http:\/\/www.spak.art.pl\/?p=4701","title":{"rendered":"Kaszkowski w Poraju"},"content":{"rendered":"<p>7 pa\u017adziernika br. w GOK-u im. Janusza Gniatkowskiego, w Poraju, odby\u0142 si\u0119 wernisa\u017c wystawy portret\u00f3w i karykatur autorstwa <strong>Sergiusza Kaszkowskiego<\/strong>. Na uroczysty wiecz\u00f3r do Galerii Sztuki Wsp\u00f3\u0142czesnej przyby\u0142o wielu go\u015bci, a kilkoro z nich Sergiusz sportretowa\u0142. Obecni byli te\u017c rysownicy: Wies\u0142aw Lipecki (wsp\u00f3\u0142organizator wystawy) oraz S\u0142awek Lizo\u0144.<\/p>\n<p>Ekspozycja cieszy si\u0119 du\u017cym powodzeniem, a czynna b\u0119dzie do 4 listopada br.<\/p>\n<p><a href=\"http:\/\/www.spak.art.pl\/wp-content\/uploads\/2016\/10\/kaszk-por1.jpg\"><img loading=\"lazy\" decoding=\"async\" class=\"alignleft size-full wp-image-4702\" title=\"kaszk por1\" src=\"http:\/\/www.spak.art.pl\/wp-content\/uploads\/2016\/10\/kaszk-por1.jpg\" alt=\"\" width=\"450\" height=\"352\" srcset=\"http:\/\/www.spak.art.pl\/wp-content\/uploads\/2016\/10\/kaszk-por1.jpg 450w, http:\/\/www.spak.art.pl\/wp-content\/uploads\/2016\/10\/kaszk-por1-300x234.jpg 300w\" sizes=\"auto, (max-width: 450px) 100vw, 450px\" \/><\/a><a href=\"http:\/\/www.spak.art.pl\/wp-content\/uploads\/2016\/10\/kaszk-por2.jpg\"><img loading=\"lazy\" decoding=\"async\" class=\"alignleft size-full wp-image-4703\" title=\"kaszk por2\" src=\"http:\/\/www.spak.art.pl\/wp-content\/uploads\/2016\/10\/kaszk-por2.jpg\" alt=\"\" width=\"450\" height=\"317\" srcset=\"http:\/\/www.spak.art.pl\/wp-content\/uploads\/2016\/10\/kaszk-por2.jpg 450w, http:\/\/www.spak.art.pl\/wp-content\/uploads\/2016\/10\/kaszk-por2-300x211.jpg 300w\" sizes=\"auto, (max-width: 450px) 100vw, 450px\" \/><\/a><a href=\"http:\/\/www.spak.art.pl\/wp-content\/uploads\/2016\/10\/kaszk-por3.jpg\"><img loading=\"lazy\" decoding=\"async\" class=\"alignleft size-full wp-image-4704\" title=\"kaszk por3\" src=\"http:\/\/www.spak.art.pl\/wp-content\/uploads\/2016\/10\/kaszk-por3.jpg\" alt=\"\" width=\"450\" height=\"301\" srcset=\"http:\/\/www.spak.art.pl\/wp-content\/uploads\/2016\/10\/kaszk-por3.jpg 450w, http:\/\/www.spak.art.pl\/wp-content\/uploads\/2016\/10\/kaszk-por3-300x200.jpg 300w\" sizes=\"auto, (max-width: 450px) 100vw, 450px\" \/><\/a><\/p>\n","protected":false},"excerpt":{"rendered":"<p>7 pa\u017adziernika br. w GOK-u im. Janusza Gniatkowskiego, w Poraju, odby\u0142 si\u0119 wernisa\u017c wystawy portret\u00f3w i karykatur autorstwa Sergiusza Kaszkowskiego. Na uroczysty wiecz\u00f3r do Galerii Sztuki Wsp\u00f3\u0142czesnej przyby\u0142o wielu go\u015bci, a kilkoro z nich Sergiusz sportretowa\u0142. Obecni byli te\u017c rysownicy: Wies\u0142aw Lipecki (wsp\u00f3\u0142organizator wystawy) oraz S\u0142awek Lizo\u0144. Ekspozycja cieszy si\u0119 du\u017cym powodzeniem, a czynna b\u0119dzie &hellip; <\/p>\n<p><a class=\"more-link btn\" href=\"http:\/\/www.spak.art.pl\/?p=4701\">Kontynuuj czytanie<\/a><\/p>\n","protected":false},"author":1,"featured_media":0,"comment_status":"closed","ping_status":"closed","sticky":false,"template":"","format":"standard","meta":{"ngg_post_thumbnail":0,"footnotes":""},"categories":[9],"tags":[],"class_list":["post-4701","post","type-post","status-publish","format-standard","hentry","category-aktualnosci","nodate","item-wrap"],"_links":{"self":[{"href":"http:\/\/www.spak.art.pl\/index.php?rest_route=\/wp\/v2\/posts\/4701","targetHints":{"allow":["GET"]}}],"collection":[{"href":"http:\/\/www.spak.art.pl\/index.php?rest_route=\/wp\/v2\/posts"}],"about":[{"href":"http:\/\/www.spak.art.pl\/index.php?rest_route=\/wp\/v2\/types\/post"}],"author":[{"embeddable":true,"href":"http:\/\/www.spak.art.pl\/index.php?rest_route=\/wp\/v2\/users\/1"}],"replies":[{"embeddable":true,"href":"http:\/\/www.spak.art.pl\/index.php?rest_route=%2Fwp%2Fv2%2Fcomments&post=4701"}],"version-history":[{"count":2,"href":"http:\/\/www.spak.art.pl\/index.php?rest_route=\/wp\/v2\/posts\/4701\/revisions"}],"predecessor-version":[{"id":4706,"href":"http:\/\/www.spak.art.pl\/index.php?rest_route=\/wp\/v2\/posts\/4701\/revisions\/4706"}],"wp:attachment":[{"href":"http:\/\/www.spak.art.pl\/index.php?rest_route=%2Fwp%2Fv2%2Fmedia&parent=4701"}],"wp:term":[{"taxonomy":"category","embeddable":true,"href":"http:\/\/www.spak.art.pl\/index.php?rest_route=%2Fwp%2Fv2%2Fcategories&post=4701"},{"taxonomy":"post_tag","embeddable":true,"href":"http:\/\/www.spak.art.pl\/index.php?rest_route=%2Fwp%2Fv2%2Ftags&post=4701"}],"curies":[{"name":"wp","href":"https:\/\/api.w.org\/{rel}","templated":true}]}}