{"id":475,"date":"2012-05-26T08:37:43","date_gmt":"2012-05-26T08:37:43","guid":{"rendered":"http:\/\/www.spak.art.pl\/?p=475"},"modified":"2012-05-26T08:45:32","modified_gmt":"2012-05-26T08:45:32","slug":"luczynski-w-polanicy-fotoreportaz","status":"publish","type":"post","link":"http:\/\/www.spak.art.pl\/?p=475","title":{"rendered":"\u0141uczy\u0144ski w Polanicy &#8211; fotoreporta\u017c"},"content":{"rendered":"<p><strong>25 maja (pi\u0105tek)<\/strong>, w Bibliotece Publicznej, w Polanicy \u2013 Zdroju (ul. Wojska Polskiego 23), odby\u0142 si\u0119 wernisa\u017c wystawy rysunk\u00f3w <strong>S\u0142awomira \u0141uczy\u0144skiego<\/strong>.<\/p>\n<p>Podczas wernisa\u017cu odby\u0142a si\u0119 projekcja jego debiutanckiego filmu animowanego, zmontowanego z rysunk\u00f3w autora (film mo\u017cna zobaczy\u0107 na stronie <a href=\"http:\/\/www.youtube.com\/watch?v=foYirQd4rgM&amp;feature=youtu.be\">http:\/\/www.youtube.com\/watch?v=foYirQd4rgM&amp;feature=youtu.be<\/a>).<\/p>\n<p>Poni\u017cej publikujemy kilka zdj\u0119\u0107 z wernisa\u017cu.<\/p>\n<div id=\"attachment_488\" style=\"width: 300px\" class=\"wp-caption alignleft\"><a href=\"http:\/\/www.spak.art.pl\/wp-content\/uploads\/2012\/05\/lucz-polan-11.jpg\"><img loading=\"lazy\" decoding=\"async\" aria-describedby=\"caption-attachment-488\" class=\"size-full wp-image-488\" title=\"lucz polan 1\" src=\"http:\/\/www.spak.art.pl\/wp-content\/uploads\/2012\/05\/lucz-polan-11.jpg\" alt=\"\" width=\"300\" height=\"400\" srcset=\"http:\/\/www.spak.art.pl\/wp-content\/uploads\/2012\/05\/lucz-polan-11.jpg 300w, http:\/\/www.spak.art.pl\/wp-content\/uploads\/2012\/05\/lucz-polan-11-225x300.jpg 225w\" sizes=\"auto, (max-width: 300px) 100vw, 300px\" \/><\/a><p id=\"caption-attachment-488\" class=\"wp-caption-text\">S\u0142awek \u0141yczy\u0144ski i Iwona Mokrzanowska (dyrektor MBP w Polanicy) otwieraj\u0105 wystaw\u0119<\/p><\/div>\n<div id=\"attachment_487\" style=\"width: 300px\" class=\"wp-caption alignleft\"><a href=\"http:\/\/www.spak.art.pl\/wp-content\/uploads\/2012\/05\/lucz-polan-22.jpg\"><img loading=\"lazy\" decoding=\"async\" aria-describedby=\"caption-attachment-487\" class=\"size-full wp-image-487\" title=\"lucz polan 2\" src=\"http:\/\/www.spak.art.pl\/wp-content\/uploads\/2012\/05\/lucz-polan-22.jpg\" alt=\"\" width=\"300\" height=\"400\" srcset=\"http:\/\/www.spak.art.pl\/wp-content\/uploads\/2012\/05\/lucz-polan-22.jpg 300w, http:\/\/www.spak.art.pl\/wp-content\/uploads\/2012\/05\/lucz-polan-22-225x300.jpg 225w\" sizes=\"auto, (max-width: 300px) 100vw, 300px\" \/><\/a><p id=\"caption-attachment-487\" class=\"wp-caption-text\">Micha\u0142 Graczyk i S\u0142awek \u0141uczy\u0144ski<\/p><\/div>\n<div id=\"attachment_486\" style=\"width: 400px\" class=\"wp-caption alignleft\"><a href=\"http:\/\/www.spak.art.pl\/wp-content\/uploads\/2012\/05\/lucz-polan-31.jpg\"><img loading=\"lazy\" decoding=\"async\" aria-describedby=\"caption-attachment-486\" class=\"size-full wp-image-486\" title=\"lucz polan 3\" src=\"http:\/\/www.spak.art.pl\/wp-content\/uploads\/2012\/05\/lucz-polan-31.jpg\" alt=\"\" width=\"400\" height=\"300\" srcset=\"http:\/\/www.spak.art.pl\/wp-content\/uploads\/2012\/05\/lucz-polan-31.jpg 400w, http:\/\/www.spak.art.pl\/wp-content\/uploads\/2012\/05\/lucz-polan-31-300x225.jpg 300w\" sizes=\"auto, (max-width: 400px) 100vw, 400px\" \/><\/a><p id=\"caption-attachment-486\" class=\"wp-caption-text\">Spotkanie z go\u015b\u0107mi wernisa\u017cu i pokaz filmu<\/p><\/div>\n<div class=\"mceTemp\">\n<div id=\"attachment_485\" style=\"width: 400px\" class=\"wp-caption alignleft\"><a href=\"http:\/\/www.spak.art.pl\/wp-content\/uploads\/2012\/05\/lucz-polan-41.jpg\"><img loading=\"lazy\" decoding=\"async\" aria-describedby=\"caption-attachment-485\" class=\"size-full wp-image-485\" title=\"lucz polan 4\" src=\"http:\/\/www.spak.art.pl\/wp-content\/uploads\/2012\/05\/lucz-polan-41.jpg\" alt=\"\" width=\"400\" height=\"297\" srcset=\"http:\/\/www.spak.art.pl\/wp-content\/uploads\/2012\/05\/lucz-polan-41.jpg 400w, http:\/\/www.spak.art.pl\/wp-content\/uploads\/2012\/05\/lucz-polan-41-300x222.jpg 300w\" sizes=\"auto, (max-width: 400px) 100vw, 400px\" \/><\/a><p id=\"caption-attachment-485\" class=\"wp-caption-text\">Fragment wystawy<\/p><\/div>\n<\/div>\n","protected":false},"excerpt":{"rendered":"<p>25 maja (pi\u0105tek), w Bibliotece Publicznej, w Polanicy \u2013 Zdroju (ul. Wojska Polskiego 23), odby\u0142 si\u0119 wernisa\u017c wystawy rysunk\u00f3w S\u0142awomira \u0141uczy\u0144skiego. Podczas wernisa\u017cu odby\u0142a si\u0119 projekcja jego debiutanckiego filmu animowanego, zmontowanego z rysunk\u00f3w autora (film mo\u017cna zobaczy\u0107 na stronie http:\/\/www.youtube.com\/watch?v=foYirQd4rgM&amp;feature=youtu.be). Poni\u017cej publikujemy kilka zdj\u0119\u0107 z wernisa\u017cu.<\/p>\n","protected":false},"author":1,"featured_media":0,"comment_status":"closed","ping_status":"closed","sticky":false,"template":"","format":"standard","meta":{"ngg_post_thumbnail":0,"footnotes":""},"categories":[9],"tags":[],"class_list":["post-475","post","type-post","status-publish","format-standard","hentry","category-aktualnosci","nodate","item-wrap"],"_links":{"self":[{"href":"http:\/\/www.spak.art.pl\/index.php?rest_route=\/wp\/v2\/posts\/475","targetHints":{"allow":["GET"]}}],"collection":[{"href":"http:\/\/www.spak.art.pl\/index.php?rest_route=\/wp\/v2\/posts"}],"about":[{"href":"http:\/\/www.spak.art.pl\/index.php?rest_route=\/wp\/v2\/types\/post"}],"author":[{"embeddable":true,"href":"http:\/\/www.spak.art.pl\/index.php?rest_route=\/wp\/v2\/users\/1"}],"replies":[{"embeddable":true,"href":"http:\/\/www.spak.art.pl\/index.php?rest_route=%2Fwp%2Fv2%2Fcomments&post=475"}],"version-history":[{"count":5,"href":"http:\/\/www.spak.art.pl\/index.php?rest_route=\/wp\/v2\/posts\/475\/revisions"}],"predecessor-version":[{"id":482,"href":"http:\/\/www.spak.art.pl\/index.php?rest_route=\/wp\/v2\/posts\/475\/revisions\/482"}],"wp:attachment":[{"href":"http:\/\/www.spak.art.pl\/index.php?rest_route=%2Fwp%2Fv2%2Fmedia&parent=475"}],"wp:term":[{"taxonomy":"category","embeddable":true,"href":"http:\/\/www.spak.art.pl\/index.php?rest_route=%2Fwp%2Fv2%2Fcategories&post=475"},{"taxonomy":"post_tag","embeddable":true,"href":"http:\/\/www.spak.art.pl\/index.php?rest_route=%2Fwp%2Fv2%2Ftags&post=475"}],"curies":[{"name":"wp","href":"https:\/\/api.w.org\/{rel}","templated":true}]}}