{"id":4821,"date":"2016-12-05T21:15:13","date_gmt":"2016-12-05T21:15:13","guid":{"rendered":"http:\/\/www.spak.art.pl\/?p=4821"},"modified":"2016-12-05T21:15:13","modified_gmt":"2016-12-05T21:15:13","slug":"kalendarz-mysyrowicza","status":"publish","type":"post","link":"http:\/\/www.spak.art.pl\/?p=4821","title":{"rendered":"Kalendarz Mysyrowicza"},"content":{"rendered":"<p><a href=\"http:\/\/www.spak.art.pl\/wp-content\/uploads\/2016\/12\/kalendarz-mysyr-okladka.jpg\"><img loading=\"lazy\" decoding=\"async\" class=\"alignleft size-full wp-image-4822\" title=\"kalendarz mysyr okladka\" src=\"http:\/\/www.spak.art.pl\/wp-content\/uploads\/2016\/12\/kalendarz-mysyr-okladka.jpg\" alt=\"\" width=\"424\" height=\"600\" srcset=\"http:\/\/www.spak.art.pl\/wp-content\/uploads\/2016\/12\/kalendarz-mysyr-okladka.jpg 424w, http:\/\/www.spak.art.pl\/wp-content\/uploads\/2016\/12\/kalendarz-mysyr-okladka-212x300.jpg 212w\" sizes=\"auto, (max-width: 424px) 100vw, 424px\" \/><\/a><a href=\"http:\/\/www.spak.art.pl\/wp-content\/uploads\/2016\/12\/kalendarz-mysyr1.jpg\"><img loading=\"lazy\" decoding=\"async\" class=\"alignleft size-full wp-image-4823\" title=\"kalendarz mysyr1\" src=\"http:\/\/www.spak.art.pl\/wp-content\/uploads\/2016\/12\/kalendarz-mysyr1.jpg\" alt=\"\" width=\"424\" height=\"600\" srcset=\"http:\/\/www.spak.art.pl\/wp-content\/uploads\/2016\/12\/kalendarz-mysyr1.jpg 424w, http:\/\/www.spak.art.pl\/wp-content\/uploads\/2016\/12\/kalendarz-mysyr1-212x300.jpg 212w\" sizes=\"auto, (max-width: 424px) 100vw, 424px\" \/><\/a>Na rynku ukaza\u0142 si\u0119 autorski kalendarz \u015bcienny na rok 2017 Witolda Mysyrowicza, zatytu\u0142owany <strong>&#8222;Witold<\/strong> <strong>Mysyrowicz &#8211; plakaty teatralne i filmowe&#8221;.<\/strong> Kalendarz jest w formacie A2 (594 X 420 mm). Na 6 stronach (poza ok\u0142adk\u0105) zaprezentowano satyryczne wizerunki 72 polskich polityk\u00f3w i os\u00f3b publicznych, w rolach bohater\u00f3w sztuk teatralnych, oper, balet\u00f3w i film\u00f3w. cz\u0119\u015b\u0107 tych wizerunk\u00f3w pokazywana by\u0142y ju\u017c wcze\u015bniej na kilku wystawach i w kilku katalogach. Jednak zestaw 72 bohater\u00f3w prezentowany jest po raz pierwszy w ca\u0142o\u015bci.<\/p>\n<p>Szczeg\u00f3\u0142owe informacje: <strong><em>witold@mysyrowicz.com<\/em><\/strong><\/p>\n","protected":false},"excerpt":{"rendered":"<p>Na rynku ukaza\u0142 si\u0119 autorski kalendarz \u015bcienny na rok 2017 Witolda Mysyrowicza, zatytu\u0142owany &#8222;Witold Mysyrowicz &#8211; plakaty teatralne i filmowe&#8221;. Kalendarz jest w formacie A2 (594 X 420 mm). Na 6 stronach (poza ok\u0142adk\u0105) zaprezentowano satyryczne wizerunki 72 polskich polityk\u00f3w i os\u00f3b publicznych, w rolach bohater\u00f3w sztuk teatralnych, oper, balet\u00f3w i film\u00f3w. cz\u0119\u015b\u0107 tych wizerunk\u00f3w &hellip; <\/p>\n<p><a class=\"more-link btn\" href=\"http:\/\/www.spak.art.pl\/?p=4821\">Kontynuuj czytanie<\/a><\/p>\n","protected":false},"author":1,"featured_media":0,"comment_status":"closed","ping_status":"closed","sticky":false,"template":"","format":"standard","meta":{"ngg_post_thumbnail":0,"footnotes":""},"categories":[9],"tags":[],"class_list":["post-4821","post","type-post","status-publish","format-standard","hentry","category-aktualnosci","nodate","item-wrap"],"_links":{"self":[{"href":"http:\/\/www.spak.art.pl\/index.php?rest_route=\/wp\/v2\/posts\/4821","targetHints":{"allow":["GET"]}}],"collection":[{"href":"http:\/\/www.spak.art.pl\/index.php?rest_route=\/wp\/v2\/posts"}],"about":[{"href":"http:\/\/www.spak.art.pl\/index.php?rest_route=\/wp\/v2\/types\/post"}],"author":[{"embeddable":true,"href":"http:\/\/www.spak.art.pl\/index.php?rest_route=\/wp\/v2\/users\/1"}],"replies":[{"embeddable":true,"href":"http:\/\/www.spak.art.pl\/index.php?rest_route=%2Fwp%2Fv2%2Fcomments&post=4821"}],"version-history":[{"count":2,"href":"http:\/\/www.spak.art.pl\/index.php?rest_route=\/wp\/v2\/posts\/4821\/revisions"}],"predecessor-version":[{"id":4825,"href":"http:\/\/www.spak.art.pl\/index.php?rest_route=\/wp\/v2\/posts\/4821\/revisions\/4825"}],"wp:attachment":[{"href":"http:\/\/www.spak.art.pl\/index.php?rest_route=%2Fwp%2Fv2%2Fmedia&parent=4821"}],"wp:term":[{"taxonomy":"category","embeddable":true,"href":"http:\/\/www.spak.art.pl\/index.php?rest_route=%2Fwp%2Fv2%2Fcategories&post=4821"},{"taxonomy":"post_tag","embeddable":true,"href":"http:\/\/www.spak.art.pl\/index.php?rest_route=%2Fwp%2Fv2%2Ftags&post=4821"}],"curies":[{"name":"wp","href":"https:\/\/api.w.org\/{rel}","templated":true}]}}