{"id":4861,"date":"2017-05-08T12:58:50","date_gmt":"2017-05-08T12:58:50","guid":{"rendered":"http:\/\/www.spak.art.pl\/?p=4861"},"modified":"2017-05-08T12:58:50","modified_gmt":"2017-05-08T12:58:50","slug":"karykatury-i-inne-figury-w-galerii-resursa","status":"publish","type":"post","link":"http:\/\/www.spak.art.pl\/?p=4861","title":{"rendered":"Karykatury i inne figury w Galerii Resursa"},"content":{"rendered":"<p>W sobot\u0119, <strong>13 maja, o godz. 17.00<\/strong> w <strong>Galerii \u201eResursa\u201d<\/strong> w \u017byrardowie, ul. 1 Maja 45, zostanie otwarta wystawa <strong>\u201eDariusz \u0141ab\u0119dzki \u2013 KARYKATURY i inne figury\u201d<\/strong>. Ekspozycja b\u0119dzie pierwsz\u0105 z licznych atrakcji przygotowanych przez \u201eResurs\u0119\u201d na <strong>Europejsk\u0105 Noc Muze\u00f3w 2017<\/strong>.<\/p>\n<p><a href=\"http:\/\/www.spak.art.pl\/wp-content\/uploads\/2017\/05\/resursa-noc-m.jpg\"><img loading=\"lazy\" decoding=\"async\" class=\"alignleft size-full wp-image-4862\" title=\"resursa noc m\" src=\"http:\/\/www.spak.art.pl\/wp-content\/uploads\/2017\/05\/resursa-noc-m.jpg\" alt=\"\" width=\"500\" height=\"707\" srcset=\"http:\/\/www.spak.art.pl\/wp-content\/uploads\/2017\/05\/resursa-noc-m.jpg 500w, http:\/\/www.spak.art.pl\/wp-content\/uploads\/2017\/05\/resursa-noc-m-212x300.jpg 212w\" sizes=\"auto, (max-width: 500px) 100vw, 500px\" \/><\/a><a href=\"http:\/\/www.spak.art.pl\/wp-content\/uploads\/2017\/05\/labedzki-resursa.jpg\"><img loading=\"lazy\" decoding=\"async\" class=\"alignleft size-full wp-image-4863\" title=\"labedzki resursa\" src=\"http:\/\/www.spak.art.pl\/wp-content\/uploads\/2017\/05\/labedzki-resursa.jpg\" alt=\"\" width=\"500\" height=\"707\" srcset=\"http:\/\/www.spak.art.pl\/wp-content\/uploads\/2017\/05\/labedzki-resursa.jpg 500w, http:\/\/www.spak.art.pl\/wp-content\/uploads\/2017\/05\/labedzki-resursa-212x300.jpg 212w\" sizes=\"auto, (max-width: 500px) 100vw, 500px\" \/><\/a>Wystawa indywidualna<strong> Dariusza \u0141ab\u0119dzkiego<\/strong> z Poznania jest <strong>Nagrod\u0105 Galerii ,,Resursa\u201d<\/strong> w <strong>VII Og\u00f3lnopolskim Konkursie Satyrycznym ,,Manufaktura Satyry\u201d \u017byrard\u00f3w 2016<\/strong>. Artysta otrzyma\u0142 j\u0105 za portret Filipa de Girarda w szczeg\u00f3lnym dla \u017byrardowa roku. Rok 2016 to nie tylko setna rocznica nadania praw miejskich \u017byrardowowi. To by\u0142 r\u00f3wnie\u017c rok dedykowany temu genialnemu in\u017cynierowi i wynalazcy, od kt\u00f3rego pochodzi nazwa naszego miasta. \u017byrardowska ekspozycja obejmuje zbi\u00f3r portret\u00f3w i karykatur wybitnych osobowo\u015bci z r\u00f3\u017cnych dziedzin ludzkiej aktywno\u015bci. Obok wizerunk\u00f3w Alberta Einsteina, Alfreda Hitchocka i Quentina Tarantino zobaczymy Micha\u0142a \u017bebrowskiego, Agnieszk\u0119 Radwa\u0144sk\u0105, Roberta Lewandowskiego, czy filmowego Doktora Housa (Hugha Lauriego).<\/p>\n","protected":false},"excerpt":{"rendered":"<p>W sobot\u0119, 13 maja, o godz. 17.00 w Galerii \u201eResursa\u201d w \u017byrardowie, ul. 1 Maja 45, zostanie otwarta wystawa \u201eDariusz \u0141ab\u0119dzki \u2013 KARYKATURY i inne figury\u201d. Ekspozycja b\u0119dzie pierwsz\u0105 z licznych atrakcji przygotowanych przez \u201eResurs\u0119\u201d na Europejsk\u0105 Noc Muze\u00f3w 2017. Wystawa indywidualna Dariusza \u0141ab\u0119dzkiego z Poznania jest Nagrod\u0105 Galerii ,,Resursa\u201d w VII Og\u00f3lnopolskim Konkursie Satyrycznym &hellip; <\/p>\n<p><a class=\"more-link btn\" href=\"http:\/\/www.spak.art.pl\/?p=4861\">Kontynuuj czytanie<\/a><\/p>\n","protected":false},"author":1,"featured_media":0,"comment_status":"closed","ping_status":"closed","sticky":false,"template":"","format":"standard","meta":{"ngg_post_thumbnail":0,"footnotes":""},"categories":[9],"tags":[],"class_list":["post-4861","post","type-post","status-publish","format-standard","hentry","category-aktualnosci","nodate","item-wrap"],"_links":{"self":[{"href":"http:\/\/www.spak.art.pl\/index.php?rest_route=\/wp\/v2\/posts\/4861","targetHints":{"allow":["GET"]}}],"collection":[{"href":"http:\/\/www.spak.art.pl\/index.php?rest_route=\/wp\/v2\/posts"}],"about":[{"href":"http:\/\/www.spak.art.pl\/index.php?rest_route=\/wp\/v2\/types\/post"}],"author":[{"embeddable":true,"href":"http:\/\/www.spak.art.pl\/index.php?rest_route=\/wp\/v2\/users\/1"}],"replies":[{"embeddable":true,"href":"http:\/\/www.spak.art.pl\/index.php?rest_route=%2Fwp%2Fv2%2Fcomments&post=4861"}],"version-history":[{"count":2,"href":"http:\/\/www.spak.art.pl\/index.php?rest_route=\/wp\/v2\/posts\/4861\/revisions"}],"predecessor-version":[{"id":4865,"href":"http:\/\/www.spak.art.pl\/index.php?rest_route=\/wp\/v2\/posts\/4861\/revisions\/4865"}],"wp:attachment":[{"href":"http:\/\/www.spak.art.pl\/index.php?rest_route=%2Fwp%2Fv2%2Fmedia&parent=4861"}],"wp:term":[{"taxonomy":"category","embeddable":true,"href":"http:\/\/www.spak.art.pl\/index.php?rest_route=%2Fwp%2Fv2%2Fcategories&post=4861"},{"taxonomy":"post_tag","embeddable":true,"href":"http:\/\/www.spak.art.pl\/index.php?rest_route=%2Fwp%2Fv2%2Ftags&post=4861"}],"curies":[{"name":"wp","href":"https:\/\/api.w.org\/{rel}","templated":true}]}}