{"id":4866,"date":"2017-05-08T13:10:27","date_gmt":"2017-05-08T13:10:27","guid":{"rendered":"http:\/\/www.spak.art.pl\/?p=4866"},"modified":"2017-05-08T13:10:27","modified_gmt":"2017-05-08T13:10:27","slug":"wolnosc-miedzynarodowy-konkurs-na-karykature-i-rysunek-satyryczny-spak","status":"publish","type":"post","link":"http:\/\/www.spak.art.pl\/?p=4866","title":{"rendered":"WOLNO\u015a\u0106 \u2013 Mi\u0119dzynarodowy Konkurs na Karykatur\u0119 i Rysunek Satyryczny &#8211; SPAK"},"content":{"rendered":"<p><a href=\"http:\/\/www.spak.art.pl\/wp-content\/uploads\/2017\/05\/wolnosc-spak.jpg\"><img loading=\"lazy\" decoding=\"async\" class=\"alignleft size-full wp-image-4867\" title=\"wolnosc spak\" src=\"http:\/\/www.spak.art.pl\/wp-content\/uploads\/2017\/05\/wolnosc-spak.jpg\" alt=\"\" width=\"600\" height=\"331\" srcset=\"http:\/\/www.spak.art.pl\/wp-content\/uploads\/2017\/05\/wolnosc-spak.jpg 600w, http:\/\/www.spak.art.pl\/wp-content\/uploads\/2017\/05\/wolnosc-spak-300x165.jpg 300w\" sizes=\"auto, (max-width: 600px) 100vw, 600px\" \/><\/a><\/p>\n<p>&nbsp;<\/p>\n<p>&nbsp;<\/p>\n<p>&nbsp;<\/p>\n<p>&nbsp;<\/p>\n<p>&nbsp;<\/p>\n<p>&nbsp;<\/p>\n<p>&nbsp;<\/p>\n<p>&nbsp;<\/p>\n<p>&nbsp;<\/p>\n<p>&nbsp;<\/p>\n<p>&nbsp;<\/p>\n<p>&nbsp;<\/p>\n<p>&nbsp;<\/p>\n<p>Warunki konkursu<\/p>\n<p>Uczestnicy:<\/p>\n<p>Profesjonalni karykaturzy\u015bci z ca\u0142ego \u015bwiata.<\/p>\n<p>Temat:<\/p>\n<p>WOLNO\u015a\u0106 <em>(indywidualna, polityczna, tw\u00f3rcza, brak zniewolenia, odpowiedzialno\u015b\u0107 wobec wolno\u015bci, cena wolno\u015bci, granice wolno\u015bci)<\/em><\/p>\n<p>Tryb i terminy sk\u0142adania lub nadsy\u0142ania prac:<\/p>\n<p>Etap I:<\/p>\n<p>Uczestnicy konkursu nadsy\u0142aj\u0105 kopie prac drog\u0105 elektroniczn\u0105, na adres: spak@mysyrowicz.com<\/p>\n<p>Rozmiar prac: d\u0142u\u017cszy bok ok. 2000 pixeli, jpg lub tiff, 300 dpi, maksimum 5 prac.<\/p>\n<p><strong>Prace przyjmowane b\u0119d\u0105 w okresie 30.05 \u2013 30.06.2017 r.<\/strong> Ka\u017cda praca powinna by\u0107 opatrzona kolejnym numerem.<\/p>\n<p>Z konkursu wy\u0142\u0105cza si\u0119 prace nagradzane i wyr\u00f3\u017cniane w innych konkursach.<\/p>\n<p><span style=\"text-decoration: underline;\">Etap II:<\/span><\/p>\n<p>Komisja selekcyjna dokona wyboru prac na wystaw\u0119 i do oceny jury w terminie do 15.07.2017 r. Autorzy wybranych prac otrzymaj\u0105<\/p>\n<p><strong>e-maile z pro\u015bb\u0105 o nades\u0142anie orygina\u0142\u00f3w wybranych prac, ze wskazaniem o kt\u00f3re prace chodzi w terminie do 20.07.2017 r.<\/strong><\/p>\n<p>Prace nale\u017cy sk\u0142ada\u0107 lub nadsy\u0142a\u0107 na adres:<\/p>\n<p>Stowarzyszenie Polskich Artyst\u00f3w Karykatury, ul. Helenowska 16, 05-807 Podkowa Le\u015bna, z dopiskiem: \u201cWOLNO\u015a\u0106\u201d<\/p>\n<p><strong>w terminie do 20.08.2017 r. \u2013 <span style=\"text-decoration: underline;\">DEADLINE 20.08.2017<\/span><\/strong><\/p>\n<p>Format prac:<\/p>\n<p>Min 210 X 297 mm (DIN A4), Max 297 X 420 mm (DIN A3) Prace musz\u0105 zawiera\u0107 na odwrocie nast\u0119puj\u0105ce informacje: imi\u0119 i nazwisko autora, adres pocztowy, nr telefonu, adres mailowy, ewentualnie tytu\u0142 pracy. Do prac nale\u017cy do\u0142\u0105czy\u0107 kr\u00f3tk\u0105 not\u0119 biograficzn\u0105 i w\u0142asne zdj\u0119cie.<\/p>\n<p>Warunki techniczne:<\/p>\n<p>Prace musz\u0105 by\u0107 oryginalne, wykonane w dowolnej p\u0142askiej technice plastycznej. Wydruki prac wykonanych w technice cyfrowej musz\u0105 by\u0107 sygnowane odr\u0119cznie z dopiskiem \u201cWydruk nr 1\u201d. Kopie i kserokopie nie b\u0119d\u0105 akceptowane.<\/p>\n<p>Nagrody i jury:<\/p>\n<p>Powo\u0142ane przez organizator\u00f3w jury przyzna w\u015br\u00f3d oryginalnych prac nast\u0119puj\u0105ce nagrody i wyr\u00f3\u017cnienia:<\/p>\n<p>I \u2013 1500 EURO, II \u2013 1000 EURO, III \u2013 750 EURO oraz 3 wyr\u00f3\u017cnienia po 200 EURO ka\u017cde.<\/p>\n<p>Jury zastrzega prawo innego podzia\u0142u nagr\u00f3d, pod warunkiem \u017ce pe\u0142na pula przewidziana na nagrody zostanie wykorzystana. Przewiduje si\u0119 r\u00f3wnie\u017c nagrody fundowane. Nagrody zostan\u0105 przyznane w terminie do 20.09.2017 r. Autorzy prac nagrodzonych i wyr\u00f3\u017cnionych otrzymaj\u0105 pisemne zawiadomienia. Wszystkie prace nagrodzone i wyr\u00f3\u017cnione przechodz\u0105 na w\u0142asno\u015b\u0107 organizator\u00f3w.<\/p>\n<p>Wystawa<\/p>\n<p>Otwarcie wystawy pokonkursowej i wr\u0119czenie nagr\u00f3d odb\u0119dzie si\u0119 w Warszawie, w grudniu 2017 r.<\/p>\n<p>Na uroczysto\u015b\u0107 zostan\u0105 zaproszeni wszyscy laureaci i uczestnicy wystawy. Warunki udzia\u0142u laureat\u00f3w zostan\u0105 uzgodnione w terminie p\u00f3\u017aniejszym. Przewiduje si\u0119 r\u00f3wnie\u017c prezentacj\u0119 wystawy w innych miejscach i czasie.<\/p>\n<p>Katalog<\/p>\n<p>Wystawie towarzyszy\u0107 b\u0119dzie obszerny katalog, kt\u00f3ry otrzyma ka\u017cdy uczestnik wystawy.<\/p>\n<p>Postanowienia ko\u0144cowe<\/p>\n<p>Organizatorzy zastrzegaj\u0105 sobie prawo do bezp\u0142atnego wykorzystania wybranych prac do cel\u00f3w promocyjnych tematu \u201cWOLNO\u015a\u0106\u201d na plakatach, w katalogu i w innych materia\u0142ach zwi\u0105zanych z konkursem. Poza konkursem autorzy prac zachowuj\u0105 swoje prawa autorskie (copyrights). Zwrot prac oryginalnych, na \u017cyczenie i koszt autora, nast\u0105pi po cyklu wystaw w 2019 r.<\/p>\n<p>Wszelkie pytania zwi\u0105zane z konkursem nale\u017cy kierowa\u0107 drog\u0105 mailow\u0105 do:<\/p>\n<p>Kurator konkursu \u2013 Witold Mysyrowicz \u2013 witold@mysyrowicz.com<\/p>\n","protected":false},"excerpt":{"rendered":"<p>&nbsp; &nbsp; &nbsp; &nbsp; &nbsp; &nbsp; &nbsp; &nbsp; &nbsp; &nbsp; &nbsp; &nbsp; &nbsp; Warunki konkursu Uczestnicy: Profesjonalni karykaturzy\u015bci z ca\u0142ego \u015bwiata. Temat: WOLNO\u015a\u0106 (indywidualna, polityczna, tw\u00f3rcza, brak zniewolenia, odpowiedzialno\u015b\u0107 wobec wolno\u015bci, cena wolno\u015bci, granice wolno\u015bci) Tryb i terminy sk\u0142adania lub nadsy\u0142ania prac: Etap I: Uczestnicy konkursu nadsy\u0142aj\u0105 kopie prac drog\u0105 elektroniczn\u0105, na adres: spak@mysyrowicz.com Rozmiar &hellip; <\/p>\n<p><a class=\"more-link btn\" href=\"http:\/\/www.spak.art.pl\/?p=4866\">Kontynuuj czytanie<\/a><\/p>\n","protected":false},"author":1,"featured_media":0,"comment_status":"closed","ping_status":"closed","sticky":false,"template":"","format":"standard","meta":{"ngg_post_thumbnail":0,"footnotes":""},"categories":[9],"tags":[],"class_list":["post-4866","post","type-post","status-publish","format-standard","hentry","category-aktualnosci","nodate","item-wrap"],"_links":{"self":[{"href":"http:\/\/www.spak.art.pl\/index.php?rest_route=\/wp\/v2\/posts\/4866","targetHints":{"allow":["GET"]}}],"collection":[{"href":"http:\/\/www.spak.art.pl\/index.php?rest_route=\/wp\/v2\/posts"}],"about":[{"href":"http:\/\/www.spak.art.pl\/index.php?rest_route=\/wp\/v2\/types\/post"}],"author":[{"embeddable":true,"href":"http:\/\/www.spak.art.pl\/index.php?rest_route=\/wp\/v2\/users\/1"}],"replies":[{"embeddable":true,"href":"http:\/\/www.spak.art.pl\/index.php?rest_route=%2Fwp%2Fv2%2Fcomments&post=4866"}],"version-history":[{"count":3,"href":"http:\/\/www.spak.art.pl\/index.php?rest_route=\/wp\/v2\/posts\/4866\/revisions"}],"predecessor-version":[{"id":4870,"href":"http:\/\/www.spak.art.pl\/index.php?rest_route=\/wp\/v2\/posts\/4866\/revisions\/4870"}],"wp:attachment":[{"href":"http:\/\/www.spak.art.pl\/index.php?rest_route=%2Fwp%2Fv2%2Fmedia&parent=4866"}],"wp:term":[{"taxonomy":"category","embeddable":true,"href":"http:\/\/www.spak.art.pl\/index.php?rest_route=%2Fwp%2Fv2%2Fcategories&post=4866"},{"taxonomy":"post_tag","embeddable":true,"href":"http:\/\/www.spak.art.pl\/index.php?rest_route=%2Fwp%2Fv2%2Ftags&post=4866"}],"curies":[{"name":"wp","href":"https:\/\/api.w.org\/{rel}","templated":true}]}}