{"id":4876,"date":"2017-05-08T13:20:00","date_gmt":"2017-05-08T13:20:00","guid":{"rendered":"http:\/\/www.spak.art.pl\/?p=4876"},"modified":"2017-05-08T13:20:00","modified_gmt":"2017-05-08T13:20:00","slug":"ii-korfantowski-nalot-karykaturzystow","status":"publish","type":"post","link":"http:\/\/www.spak.art.pl\/?p=4876","title":{"rendered":"II Korfantowski Nalot Karykaturzyst\u00f3w"},"content":{"rendered":"<p><a href=\"http:\/\/www.spak.art.pl\/wp-content\/uploads\/2017\/05\/korfantow-plakat17.png\"><img loading=\"lazy\" decoding=\"async\" class=\"alignleft size-full wp-image-4877\" title=\"korfantow plakat17\" src=\"http:\/\/www.spak.art.pl\/wp-content\/uploads\/2017\/05\/korfantow-plakat17.png\" alt=\"\" width=\"620\" height=\"877\" srcset=\"http:\/\/www.spak.art.pl\/wp-content\/uploads\/2017\/05\/korfantow-plakat17.png 620w, http:\/\/www.spak.art.pl\/wp-content\/uploads\/2017\/05\/korfantow-plakat17-212x300.png 212w\" sizes=\"auto, (max-width: 620px) 100vw, 620px\" \/><\/a><\/p>\n<p>&nbsp;<\/p>\n<p>&nbsp;<\/p>\n<p>&nbsp;<\/p>\n<p>&nbsp;<\/p>\n<p>&nbsp;<\/p>\n<p>&nbsp;<\/p>\n<p>&nbsp;<\/p>\n<p>&nbsp;<\/p>\n<p>&nbsp;<\/p>\n<p>&nbsp;<\/p>\n<p>&nbsp;<\/p>\n<p>&nbsp;<\/p>\n<p>&nbsp;<\/p>\n<p>&nbsp;<\/p>\n<p>&nbsp;<\/p>\n<p>&nbsp;<\/p>\n<p>&nbsp;<\/p>\n<p>&nbsp;<\/p>\n<p>&nbsp;<\/p>\n<p>&nbsp;<\/p>\n<p>&nbsp;<\/p>\n<p>&nbsp;<\/p>\n<p>&nbsp;<\/p>\n<p>&nbsp;<\/p>\n<p>&nbsp;<\/p>\n<p>&nbsp;<\/p>\n<p>&nbsp;<\/p>\n<p>&nbsp;<\/p>\n<p>&nbsp;<\/p>\n<p>&nbsp;<\/p>\n<p>&nbsp;<\/p>\n<p>&nbsp;<\/p>\n<p>Ju\u017c po raz drugi Korfant\u00f3w (woj. opolskie) prze\u017cyje w maju za spraw\u0105 <strong>Fundacji \u201ePrzysz\u0142o\u015b\u0107 i Rozw\u00f3j\u201d na Rzecz Gminy Korfant\u00f3w<\/strong> nalot karykaturzyst\u00f3w. W tym roku odb\u0119dzie si\u0119 to w dniach <strong>12-14 maja<\/strong>. W plenerze <strong>II Korfantowski Nalot Karykaturzyst\u00f3w<\/strong> udzia\u0142 wezm\u0105: <strong>Bart\u0142omiej Belniak, Henryk Cebula, Micha\u0142 Graczyk, Miros\u0142aw Hajnos, Janusz Ko\u017cusznik, Ryszard Kudzian, S\u0142awomir Lizo\u0144, Daniel Strzelczyk, Andrzej Terlecki, Tomasz Wo\u0142oszyn<\/strong> oraz <strong>Grupa Artystyczna Grafianie<\/strong> z O\u015brodka Kultury w Niemodlinie. Grupa ta w sobot\u0119 13 maja poprowadzi warsztaty sitodruku, za\u015b plon pracy karykaturzyst\u00f3w, czyli wystawa poplenerowa, zostanie otwarta w niedziel\u0119 <strong>14 maja o godz. 16.00<\/strong> w sali <strong>Miejskiego Domu Kultury<\/strong> w Korfantowie.<\/p>\n","protected":false},"excerpt":{"rendered":"<p>&nbsp; &nbsp; &nbsp; &nbsp; &nbsp; &nbsp; &nbsp; &nbsp; &nbsp; &nbsp; &nbsp; &nbsp; &nbsp; &nbsp; &nbsp; &nbsp; &nbsp; &nbsp; &nbsp; &nbsp; &nbsp; &nbsp; &nbsp; &nbsp; &nbsp; &nbsp; &nbsp; &nbsp; &nbsp; &nbsp; &nbsp; &nbsp; Ju\u017c po raz drugi Korfant\u00f3w (woj. opolskie) prze\u017cyje w maju za spraw\u0105 Fundacji \u201ePrzysz\u0142o\u015b\u0107 i Rozw\u00f3j\u201d na Rzecz Gminy Korfant\u00f3w nalot karykaturzyst\u00f3w. W &hellip; <\/p>\n<p><a class=\"more-link btn\" href=\"http:\/\/www.spak.art.pl\/?p=4876\">Kontynuuj czytanie<\/a><\/p>\n","protected":false},"author":1,"featured_media":0,"comment_status":"closed","ping_status":"closed","sticky":false,"template":"","format":"standard","meta":{"ngg_post_thumbnail":0,"footnotes":""},"categories":[9],"tags":[],"class_list":["post-4876","post","type-post","status-publish","format-standard","hentry","category-aktualnosci","nodate","item-wrap"],"_links":{"self":[{"href":"http:\/\/www.spak.art.pl\/index.php?rest_route=\/wp\/v2\/posts\/4876","targetHints":{"allow":["GET"]}}],"collection":[{"href":"http:\/\/www.spak.art.pl\/index.php?rest_route=\/wp\/v2\/posts"}],"about":[{"href":"http:\/\/www.spak.art.pl\/index.php?rest_route=\/wp\/v2\/types\/post"}],"author":[{"embeddable":true,"href":"http:\/\/www.spak.art.pl\/index.php?rest_route=\/wp\/v2\/users\/1"}],"replies":[{"embeddable":true,"href":"http:\/\/www.spak.art.pl\/index.php?rest_route=%2Fwp%2Fv2%2Fcomments&post=4876"}],"version-history":[{"count":4,"href":"http:\/\/www.spak.art.pl\/index.php?rest_route=\/wp\/v2\/posts\/4876\/revisions"}],"predecessor-version":[{"id":4881,"href":"http:\/\/www.spak.art.pl\/index.php?rest_route=\/wp\/v2\/posts\/4876\/revisions\/4881"}],"wp:attachment":[{"href":"http:\/\/www.spak.art.pl\/index.php?rest_route=%2Fwp%2Fv2%2Fmedia&parent=4876"}],"wp:term":[{"taxonomy":"category","embeddable":true,"href":"http:\/\/www.spak.art.pl\/index.php?rest_route=%2Fwp%2Fv2%2Fcategories&post=4876"},{"taxonomy":"post_tag","embeddable":true,"href":"http:\/\/www.spak.art.pl\/index.php?rest_route=%2Fwp%2Fv2%2Ftags&post=4876"}],"curies":[{"name":"wp","href":"https:\/\/api.w.org\/{rel}","templated":true}]}}