{"id":4884,"date":"2017-05-08T13:40:19","date_gmt":"2017-05-08T13:40:19","guid":{"rendered":"http:\/\/www.spak.art.pl\/?p=4884"},"modified":"2017-05-08T13:40:19","modified_gmt":"2017-05-08T13:40:19","slug":"satyra-luczynskiego-w-sieradzu","status":"publish","type":"post","link":"http:\/\/www.spak.art.pl\/?p=4884","title":{"rendered":"Satyra \u0141uczy\u0144skiego w Sieradzu"},"content":{"rendered":"<p>W Sieradzkim Centrum Kultury \u2013 Galeria Teatr (Sieradz, ul. Dominika\u0144ska 19), do 29 maja mo\u017cna ogl\u0105da\u0107 wystaw\u0119 prac <strong>S\u0142awomira \u0141uczy\u0144skiego<\/strong>.<\/p>\n<p><a href=\"http:\/\/www.spak.art.pl\/wp-content\/uploads\/2017\/05\/luczynski-sieradz017.jpg\"><img loading=\"lazy\" decoding=\"async\" class=\"alignleft size-full wp-image-4885\" title=\"luczynski sieradz017\" src=\"http:\/\/www.spak.art.pl\/wp-content\/uploads\/2017\/05\/luczynski-sieradz017.jpg\" alt=\"\" width=\"500\" height=\"706\" srcset=\"http:\/\/www.spak.art.pl\/wp-content\/uploads\/2017\/05\/luczynski-sieradz017.jpg 500w, http:\/\/www.spak.art.pl\/wp-content\/uploads\/2017\/05\/luczynski-sieradz017-212x300.jpg 212w\" sizes=\"auto, (max-width: 500px) 100vw, 500px\" \/><\/a><\/p>\n","protected":false},"excerpt":{"rendered":"<p>W Sieradzkim Centrum Kultury \u2013 Galeria Teatr (Sieradz, ul. Dominika\u0144ska 19), do 29 maja mo\u017cna ogl\u0105da\u0107 wystaw\u0119 prac S\u0142awomira \u0141uczy\u0144skiego.<\/p>\n","protected":false},"author":1,"featured_media":0,"comment_status":"closed","ping_status":"closed","sticky":false,"template":"","format":"standard","meta":{"ngg_post_thumbnail":0,"footnotes":""},"categories":[9],"tags":[],"class_list":["post-4884","post","type-post","status-publish","format-standard","hentry","category-aktualnosci","nodate","item-wrap"],"_links":{"self":[{"href":"http:\/\/www.spak.art.pl\/index.php?rest_route=\/wp\/v2\/posts\/4884","targetHints":{"allow":["GET"]}}],"collection":[{"href":"http:\/\/www.spak.art.pl\/index.php?rest_route=\/wp\/v2\/posts"}],"about":[{"href":"http:\/\/www.spak.art.pl\/index.php?rest_route=\/wp\/v2\/types\/post"}],"author":[{"embeddable":true,"href":"http:\/\/www.spak.art.pl\/index.php?rest_route=\/wp\/v2\/users\/1"}],"replies":[{"embeddable":true,"href":"http:\/\/www.spak.art.pl\/index.php?rest_route=%2Fwp%2Fv2%2Fcomments&post=4884"}],"version-history":[{"count":3,"href":"http:\/\/www.spak.art.pl\/index.php?rest_route=\/wp\/v2\/posts\/4884\/revisions"}],"predecessor-version":[{"id":4888,"href":"http:\/\/www.spak.art.pl\/index.php?rest_route=\/wp\/v2\/posts\/4884\/revisions\/4888"}],"wp:attachment":[{"href":"http:\/\/www.spak.art.pl\/index.php?rest_route=%2Fwp%2Fv2%2Fmedia&parent=4884"}],"wp:term":[{"taxonomy":"category","embeddable":true,"href":"http:\/\/www.spak.art.pl\/index.php?rest_route=%2Fwp%2Fv2%2Fcategories&post=4884"},{"taxonomy":"post_tag","embeddable":true,"href":"http:\/\/www.spak.art.pl\/index.php?rest_route=%2Fwp%2Fv2%2Ftags&post=4884"}],"curies":[{"name":"wp","href":"https:\/\/api.w.org\/{rel}","templated":true}]}}