{"id":547,"date":"2012-06-07T09:58:32","date_gmt":"2012-06-07T09:58:32","guid":{"rendered":"http:\/\/www.spak.art.pl\/?p=547"},"modified":"2012-06-07T09:58:32","modified_gmt":"2012-06-07T09:58:32","slug":"kurorty-i-kuracjusze-relacja-z-wernisazu","status":"publish","type":"post","link":"http:\/\/www.spak.art.pl\/?p=547","title":{"rendered":"&#8222;Kurorty i kuracjusze&#8221; &#8211; relacja z wernisa\u017cu"},"content":{"rendered":"<p>6 czerwca (\u015broda) w Polanicy \u2013 Zdroju, odby\u0142 si\u0119 wernisa\u017c wystawy <strong>\u201eKurorty i kuracjusze\u201d<\/strong>, kt\u00f3ra zosta\u0142 wymy\u015blony przez Micha\u0142a Graczyka i zrealizowana wsp\u00f3lnie z dyrekcj\u0105 Miejskiej Biblioteki Publicznej w Polanicy \u2013 Iwon\u0105 Mokrzanowsk\u0105.<\/p>\n<p>Otwarcie wystawy odby\u0142o si\u0119 w Bibliotece Publicznej. Jednocze\u015bnie powi\u0119kszone kopie rysunk\u00f3w zawis\u0142y w pijalni w\u00f3d w Polanicy \u2013 Zdroju.<\/p>\n<p>Finisa\u017c wystawy przewidziany jest na drug\u0105 po\u0142ow\u0119 wrze\u015bnia br. Wtedy odb\u0119dzie si\u0119 podsumowanie wystawy, wzbogacone koncertem muzycznym.<\/p>\n<p>Rysownicy, kt\u00f3rzy brali udzia\u0142 w projekcie, mog\u0105 zarezerwowa\u0107 sobie bezp\u0142atny nocleg na finisa\u017c. Dla rysownik\u00f3w organizatorzy przeznaczyli 10 miejsc noclegowych. Zainteresowanych prosimy o rezerwacje na adres mailowy\u00a0<a href=\"mailto:michalgraczyk@wp.pl\">michalgraczyk@wp.pl<\/a>.<\/p>\n<p>Niebawem wszyscy bior\u0105cy udzia\u0142 w projekcie otrzymaj\u0105 katalog oraz dyplom.<\/p>\n<p>Jesieni\u0105 zostanie og\u0142oszony regulamin 1. Og\u00f3lnopolskiego Konkursu na Rysunek Satyryczny, kt\u00f3rego tematem b\u0119d\u0105 &#8222;Kuracjusze i kurorty&#8221;. Konkurs b\u0119dzie mia\u0142 charakter biennale. Rozstrzygni\u0119cie 1. edycji nast\u0105pi w maju 2013.<br \/>\nPoni\u017cej publikujemy kilka zdj\u0119\u0107 z wernisa\u017cu.<\/p>\n<div id=\"attachment_562\" style=\"width: 321px\" class=\"wp-caption alignleft\"><a href=\"http:\/\/www.spak.art.pl\/wp-content\/uploads\/2012\/06\/kuracjusz11.jpg\"><img loading=\"lazy\" decoding=\"async\" aria-describedby=\"caption-attachment-562\" class=\"size-full wp-image-562\" title=\"kuracjusz1\" src=\"http:\/\/www.spak.art.pl\/wp-content\/uploads\/2012\/06\/kuracjusz11.jpg\" alt=\"\" width=\"321\" height=\"450\" srcset=\"http:\/\/www.spak.art.pl\/wp-content\/uploads\/2012\/06\/kuracjusz11.jpg 321w, http:\/\/www.spak.art.pl\/wp-content\/uploads\/2012\/06\/kuracjusz11-214x300.jpg 214w\" sizes=\"auto, (max-width: 321px) 100vw, 321px\" \/><\/a><p id=\"caption-attachment-562\" class=\"wp-caption-text\">Iwona Mokrzanowska, dyrektor MBP w Polanicy - Zdroju, udziela wywiadu Telewizji Sudety<\/p><\/div>\n<div id=\"attachment_560\" style=\"width: 353px\" class=\"wp-caption alignleft\"><a href=\"http:\/\/www.spak.art.pl\/wp-content\/uploads\/2012\/06\/kuracjusz22.jpg\"><img loading=\"lazy\" decoding=\"async\" aria-describedby=\"caption-attachment-560\" class=\"size-full wp-image-560\" title=\"kuracjusz2\" src=\"http:\/\/www.spak.art.pl\/wp-content\/uploads\/2012\/06\/kuracjusz22.jpg\" alt=\"\" width=\"353\" height=\"450\" srcset=\"http:\/\/www.spak.art.pl\/wp-content\/uploads\/2012\/06\/kuracjusz22.jpg 353w, http:\/\/www.spak.art.pl\/wp-content\/uploads\/2012\/06\/kuracjusz22-235x300.jpg 235w\" sizes=\"auto, (max-width: 353px) 100vw, 353px\" \/><\/a><p id=\"caption-attachment-560\" class=\"wp-caption-text\">Micha\u0142 Graczyk udziela wywiadu Telewizji Sudety<\/p><\/div>\n<div id=\"attachment_557\" style=\"width: 450px\" class=\"wp-caption alignleft\"><a href=\"http:\/\/www.spak.art.pl\/wp-content\/uploads\/2012\/06\/kuracjusz41.jpg\"><img loading=\"lazy\" decoding=\"async\" aria-describedby=\"caption-attachment-557\" class=\"size-full wp-image-557\" title=\"kuracjusz4\" src=\"http:\/\/www.spak.art.pl\/wp-content\/uploads\/2012\/06\/kuracjusz41.jpg\" alt=\"\" width=\"450\" height=\"307\" srcset=\"http:\/\/www.spak.art.pl\/wp-content\/uploads\/2012\/06\/kuracjusz41.jpg 450w, http:\/\/www.spak.art.pl\/wp-content\/uploads\/2012\/06\/kuracjusz41-300x204.jpg 300w\" sizes=\"auto, (max-width: 450px) 100vw, 450px\" \/><\/a><p id=\"caption-attachment-557\" class=\"wp-caption-text\">Wernisa\u017cowi go\u015bcie<\/p><\/div>\n<div id=\"attachment_558\" style=\"width: 330px\" class=\"wp-caption alignleft\"><a href=\"http:\/\/www.spak.art.pl\/wp-content\/uploads\/2012\/06\/kuracjusz31.jpg\"><img loading=\"lazy\" decoding=\"async\" aria-describedby=\"caption-attachment-558\" class=\"size-full wp-image-558\" title=\"kuracjusz3\" src=\"http:\/\/www.spak.art.pl\/wp-content\/uploads\/2012\/06\/kuracjusz31.jpg\" alt=\"\" width=\"330\" height=\"450\" srcset=\"http:\/\/www.spak.art.pl\/wp-content\/uploads\/2012\/06\/kuracjusz31.jpg 330w, http:\/\/www.spak.art.pl\/wp-content\/uploads\/2012\/06\/kuracjusz31-220x300.jpg 220w\" sizes=\"auto, (max-width: 330px) 100vw, 330px\" \/><\/a><p id=\"caption-attachment-558\" class=\"wp-caption-text\">Rysownik Andrzej Terlecki gra standardy jazzowe<\/p><\/div>\n","protected":false},"excerpt":{"rendered":"<p>6 czerwca (\u015broda) w Polanicy \u2013 Zdroju, odby\u0142 si\u0119 wernisa\u017c wystawy \u201eKurorty i kuracjusze\u201d, kt\u00f3ra zosta\u0142 wymy\u015blony przez Micha\u0142a Graczyka i zrealizowana wsp\u00f3lnie z dyrekcj\u0105 Miejskiej Biblioteki Publicznej w Polanicy \u2013 Iwon\u0105 Mokrzanowsk\u0105. Otwarcie wystawy odby\u0142o si\u0119 w Bibliotece Publicznej. Jednocze\u015bnie powi\u0119kszone kopie rysunk\u00f3w zawis\u0142y w pijalni w\u00f3d w Polanicy \u2013 Zdroju. Finisa\u017c wystawy przewidziany &hellip; <\/p>\n<p><a class=\"more-link btn\" href=\"http:\/\/www.spak.art.pl\/?p=547\">Kontynuuj czytanie<\/a><\/p>\n","protected":false},"author":1,"featured_media":0,"comment_status":"closed","ping_status":"closed","sticky":false,"template":"","format":"standard","meta":{"ngg_post_thumbnail":0,"footnotes":""},"categories":[9],"tags":[],"class_list":["post-547","post","type-post","status-publish","format-standard","hentry","category-aktualnosci","nodate","item-wrap"],"_links":{"self":[{"href":"http:\/\/www.spak.art.pl\/index.php?rest_route=\/wp\/v2\/posts\/547","targetHints":{"allow":["GET"]}}],"collection":[{"href":"http:\/\/www.spak.art.pl\/index.php?rest_route=\/wp\/v2\/posts"}],"about":[{"href":"http:\/\/www.spak.art.pl\/index.php?rest_route=\/wp\/v2\/types\/post"}],"author":[{"embeddable":true,"href":"http:\/\/www.spak.art.pl\/index.php?rest_route=\/wp\/v2\/users\/1"}],"replies":[{"embeddable":true,"href":"http:\/\/www.spak.art.pl\/index.php?rest_route=%2Fwp%2Fv2%2Fcomments&post=547"}],"version-history":[{"count":9,"href":"http:\/\/www.spak.art.pl\/index.php?rest_route=\/wp\/v2\/posts\/547\/revisions"}],"predecessor-version":[{"id":565,"href":"http:\/\/www.spak.art.pl\/index.php?rest_route=\/wp\/v2\/posts\/547\/revisions\/565"}],"wp:attachment":[{"href":"http:\/\/www.spak.art.pl\/index.php?rest_route=%2Fwp%2Fv2%2Fmedia&parent=547"}],"wp:term":[{"taxonomy":"category","embeddable":true,"href":"http:\/\/www.spak.art.pl\/index.php?rest_route=%2Fwp%2Fv2%2Fcategories&post=547"},{"taxonomy":"post_tag","embeddable":true,"href":"http:\/\/www.spak.art.pl\/index.php?rest_route=%2Fwp%2Fv2%2Ftags&post=547"}],"curies":[{"name":"wp","href":"https:\/\/api.w.org\/{rel}","templated":true}]}}