{"id":5524,"date":"2018-03-12T18:03:35","date_gmt":"2018-03-12T18:03:35","guid":{"rendered":"http:\/\/www.spak.art.pl\/?p=5524"},"modified":"2018-03-12T18:03:35","modified_gmt":"2018-03-12T18:03:35","slug":"manufaktura-satyry-w-grodzisku-mazowieckim-2","status":"publish","type":"post","link":"http:\/\/www.spak.art.pl\/?p=5524","title":{"rendered":"Manufaktura Satyry w Grodzisku Mazowieckim"},"content":{"rendered":"<p><strong><a href=\"http:\/\/www.spak.art.pl\/wp-content\/uploads\/2018\/03\/MANUFAKTURA-SATYRY-Grodzisk-Maz-2018_zaproszenie1.jpg\"><img loading=\"lazy\" decoding=\"async\" class=\"alignleft size-full wp-image-5525\" title=\"MANUFAKTURA SATYRY Grodzisk Maz 2018_zaproszenie1\" src=\"http:\/\/www.spak.art.pl\/wp-content\/uploads\/2018\/03\/MANUFAKTURA-SATYRY-Grodzisk-Maz-2018_zaproszenie1.jpg\" alt=\"\" width=\"354\" height=\"500\" srcset=\"http:\/\/www.spak.art.pl\/wp-content\/uploads\/2018\/03\/MANUFAKTURA-SATYRY-Grodzisk-Maz-2018_zaproszenie1.jpg 354w, http:\/\/www.spak.art.pl\/wp-content\/uploads\/2018\/03\/MANUFAKTURA-SATYRY-Grodzisk-Maz-2018_zaproszenie1-212x300.jpg 212w\" sizes=\"auto, (max-width: 354px) 100vw, 354px\" \/><\/a>,,MANUFAKTURA SATYRY\u201d<\/strong><\/p>\n<p><strong>MI\u0118DZYNARODOWA WYSTAWA RYSUNKU SATYRYCZNEGO<\/strong><\/p>\n<p>Kanada, W\u0142ochy, Francja, Luksemburg, W\u0119gry, Rumunia, Czechy, Ukraina, Litwa, Rosja, Turcja, Polska<\/p>\n<p>\u017bYRARD\u00d3W MIASTO Z CZERWONEJ CEG\u0141Y<\/p>\n<p>ARCHITEKTURA CEGLANA<\/p>\n<p>WERNISA\u017b:<\/p>\n<p><strong>15 MARCA (CZWARTEK) 2018, GODZ. 17.00<\/strong><\/p>\n<p>FOYER KINA CENTRUM KULTURY<\/p>\n<p>SP\u00d3\u0141DZIELCZA 9, GRODZISK MAZOWIECKI<\/p>\n<p>Po raz kolejny Centrum Kultury w Grodzisku Mazowieckim zaprezentuje \u017cyrardowsk\u0105 wystaw\u0119 b\u0119d\u0105c\u0105 pok\u0142osiem Og\u00f3lnopolskiego Konkursu Satyrycznego ,,Manufaktura Satyry\u201d. Tym razem b\u0119d\u0105 eksponowane wybrane prace bior\u0105ce udzia\u0142 w VIII edycji konkursu, kt\u00f3rego temat brzmia\u0142 ,,\u017byrard\u00f3w miasto z czerwonej ceg\u0142y. Architektura ceglana\u201d. Wystaw\u0119 zaprezentowano w pa\u017adzierniku 2017 roku w \u017cyrardowskiej Galerii ,,Resursa\u201d. W lutym bie\u017c\u0105cego roku ekspozycj\u0119 pokazano w BWA Galeria Zamojska w Zamo\u015bciu.<\/p>\n<p>Wi\u0119cej o ,,Manufakturze Satyry\u201d:<\/p>\n<p><a href=\"https:\/\/www.zyrardow.pl\/3011,manufaktura-satyry.html\">https:\/\/www.zyrardow.pl\/3011,manufaktura-satyry.html<\/a><\/p>\n","protected":false},"excerpt":{"rendered":"<p>,,MANUFAKTURA SATYRY\u201d MI\u0118DZYNARODOWA WYSTAWA RYSUNKU SATYRYCZNEGO Kanada, W\u0142ochy, Francja, Luksemburg, W\u0119gry, Rumunia, Czechy, Ukraina, Litwa, Rosja, Turcja, Polska \u017bYRARD\u00d3W MIASTO Z CZERWONEJ CEG\u0141Y ARCHITEKTURA CEGLANA WERNISA\u017b: 15 MARCA (CZWARTEK) 2018, GODZ. 17.00 FOYER KINA CENTRUM KULTURY SP\u00d3\u0141DZIELCZA 9, GRODZISK MAZOWIECKI Po raz kolejny Centrum Kultury w Grodzisku Mazowieckim zaprezentuje \u017cyrardowsk\u0105 wystaw\u0119 b\u0119d\u0105c\u0105 pok\u0142osiem Og\u00f3lnopolskiego Konkursu &hellip; <\/p>\n<p><a class=\"more-link btn\" href=\"http:\/\/www.spak.art.pl\/?p=5524\">Kontynuuj czytanie<\/a><\/p>\n","protected":false},"author":1,"featured_media":0,"comment_status":"closed","ping_status":"closed","sticky":false,"template":"","format":"standard","meta":{"ngg_post_thumbnail":0,"footnotes":""},"categories":[9],"tags":[],"class_list":["post-5524","post","type-post","status-publish","format-standard","hentry","category-aktualnosci","nodate","item-wrap"],"_links":{"self":[{"href":"http:\/\/www.spak.art.pl\/index.php?rest_route=\/wp\/v2\/posts\/5524","targetHints":{"allow":["GET"]}}],"collection":[{"href":"http:\/\/www.spak.art.pl\/index.php?rest_route=\/wp\/v2\/posts"}],"about":[{"href":"http:\/\/www.spak.art.pl\/index.php?rest_route=\/wp\/v2\/types\/post"}],"author":[{"embeddable":true,"href":"http:\/\/www.spak.art.pl\/index.php?rest_route=\/wp\/v2\/users\/1"}],"replies":[{"embeddable":true,"href":"http:\/\/www.spak.art.pl\/index.php?rest_route=%2Fwp%2Fv2%2Fcomments&post=5524"}],"version-history":[{"count":2,"href":"http:\/\/www.spak.art.pl\/index.php?rest_route=\/wp\/v2\/posts\/5524\/revisions"}],"predecessor-version":[{"id":5527,"href":"http:\/\/www.spak.art.pl\/index.php?rest_route=\/wp\/v2\/posts\/5524\/revisions\/5527"}],"wp:attachment":[{"href":"http:\/\/www.spak.art.pl\/index.php?rest_route=%2Fwp%2Fv2%2Fmedia&parent=5524"}],"wp:term":[{"taxonomy":"category","embeddable":true,"href":"http:\/\/www.spak.art.pl\/index.php?rest_route=%2Fwp%2Fv2%2Fcategories&post=5524"},{"taxonomy":"post_tag","embeddable":true,"href":"http:\/\/www.spak.art.pl\/index.php?rest_route=%2Fwp%2Fv2%2Ftags&post=5524"}],"curies":[{"name":"wp","href":"https:\/\/api.w.org\/{rel}","templated":true}]}}