{"id":5577,"date":"2018-03-24T19:01:12","date_gmt":"2018-03-24T19:01:12","guid":{"rendered":"http:\/\/www.spak.art.pl\/?p=5577"},"modified":"2018-03-24T19:01:12","modified_gmt":"2018-03-24T19:01:12","slug":"zagrozenia-srodowiska-naturalnego-czlowieka-wyniki","status":"publish","type":"post","link":"http:\/\/www.spak.art.pl\/?p=5577","title":{"rendered":"ZAGRO\u017bENIA \u015aRODOWISKA NATURALNEGO CZ\u0141OWIEKA &#8211; wyniki"},"content":{"rendered":"<p><a href=\"http:\/\/www.spak.art.pl\/wp-content\/uploads\/2018\/03\/jaroslaw18jury.jpg\"><img loading=\"lazy\" decoding=\"async\" class=\"alignleft size-full wp-image-5578\" title=\"jaroslaw18jury\" src=\"http:\/\/www.spak.art.pl\/wp-content\/uploads\/2018\/03\/jaroslaw18jury.jpg\" alt=\"\" width=\"600\" height=\"337\" srcset=\"http:\/\/www.spak.art.pl\/wp-content\/uploads\/2018\/03\/jaroslaw18jury.jpg 600w, http:\/\/www.spak.art.pl\/wp-content\/uploads\/2018\/03\/jaroslaw18jury-300x168.jpg 300w\" sizes=\"auto, (max-width: 600px) 100vw, 600px\" \/><\/a><\/p>\n<p>&nbsp;<\/p>\n<p>&nbsp;<\/p>\n<p>&nbsp;<\/p>\n<p>&nbsp;<\/p>\n<p>&nbsp;<\/p>\n<p>&nbsp;<\/p>\n<p>&nbsp;<\/p>\n<p>&nbsp;<\/p>\n<p>&nbsp;<\/p>\n<p>&nbsp;<\/p>\n<p>&nbsp;<\/p>\n<p>&nbsp;<\/p>\n<p>&nbsp;<\/p>\n<p>&nbsp;<\/p>\n<p>18-ego marca 2018 r. odby\u0142o si\u0119 posiedzenie Jury\u00a013. Og\u00f3lnopolskiego Konkursu na Rysunek Satyryczny i Animacj\u0119 Filmow\u0105 dla Szk\u00f3\u0142 Plastycznych \u201e ZAGRO\u017bENIA \u015aRODOWISKA NATURALNEGO CZ\u0141OWIEKA\u201d.<br \/>\nJury powo\u0142ane przez Centrum Edukacji Artystycznej<br \/>\nw Warszawie, obradowa\u0142o w sk\u0142adzie:<br \/>\nPrzewodnicz\u0105cy: dr hab. Krzysztof Rynkiewicz, prof. PWSFTViT<br \/>\noraz Cz\u0142onkowie: Marek Gliwa \u2013 SPAK, Dariusz Pietrzak \u2013 SFP, sekcja animacji, Bart\u0142omiej Belniak \u2013 rysownik, karykaturzysta i Wizytator Krzysztof Szczepaniak \u2013 w charakterze obserwatora Centrum Edukacji Artystycznej w Warszawie.<\/p>\n<p>GRAND PRIX otrzyma\u0142a Gabriela Pelc \u2013 za prac\u0119 \u201eOstatnia nadzieja\u201d, z Liceum Plastycznego im. Tadeusza Brzozowskiego w Kro\u015bnie. Gratulujemy<\/p>\n","protected":false},"excerpt":{"rendered":"<p>&nbsp; &nbsp; &nbsp; &nbsp; &nbsp; &nbsp; &nbsp; &nbsp; &nbsp; &nbsp; &nbsp; &nbsp; &nbsp; &nbsp; 18-ego marca 2018 r. odby\u0142o si\u0119 posiedzenie Jury\u00a013. Og\u00f3lnopolskiego Konkursu na Rysunek Satyryczny i Animacj\u0119 Filmow\u0105 dla Szk\u00f3\u0142 Plastycznych \u201e ZAGRO\u017bENIA \u015aRODOWISKA NATURALNEGO CZ\u0141OWIEKA\u201d. Jury powo\u0142ane przez Centrum Edukacji Artystycznej w Warszawie, obradowa\u0142o w sk\u0142adzie: Przewodnicz\u0105cy: dr hab. Krzysztof Rynkiewicz, prof. &hellip; <\/p>\n<p><a class=\"more-link btn\" href=\"http:\/\/www.spak.art.pl\/?p=5577\">Kontynuuj czytanie<\/a><\/p>\n","protected":false},"author":1,"featured_media":0,"comment_status":"closed","ping_status":"closed","sticky":false,"template":"","format":"standard","meta":{"ngg_post_thumbnail":0,"footnotes":""},"categories":[9],"tags":[],"class_list":["post-5577","post","type-post","status-publish","format-standard","hentry","category-aktualnosci","nodate","item-wrap"],"_links":{"self":[{"href":"http:\/\/www.spak.art.pl\/index.php?rest_route=\/wp\/v2\/posts\/5577","targetHints":{"allow":["GET"]}}],"collection":[{"href":"http:\/\/www.spak.art.pl\/index.php?rest_route=\/wp\/v2\/posts"}],"about":[{"href":"http:\/\/www.spak.art.pl\/index.php?rest_route=\/wp\/v2\/types\/post"}],"author":[{"embeddable":true,"href":"http:\/\/www.spak.art.pl\/index.php?rest_route=\/wp\/v2\/users\/1"}],"replies":[{"embeddable":true,"href":"http:\/\/www.spak.art.pl\/index.php?rest_route=%2Fwp%2Fv2%2Fcomments&post=5577"}],"version-history":[{"count":4,"href":"http:\/\/www.spak.art.pl\/index.php?rest_route=\/wp\/v2\/posts\/5577\/revisions"}],"predecessor-version":[{"id":5582,"href":"http:\/\/www.spak.art.pl\/index.php?rest_route=\/wp\/v2\/posts\/5577\/revisions\/5582"}],"wp:attachment":[{"href":"http:\/\/www.spak.art.pl\/index.php?rest_route=%2Fwp%2Fv2%2Fmedia&parent=5577"}],"wp:term":[{"taxonomy":"category","embeddable":true,"href":"http:\/\/www.spak.art.pl\/index.php?rest_route=%2Fwp%2Fv2%2Fcategories&post=5577"},{"taxonomy":"post_tag","embeddable":true,"href":"http:\/\/www.spak.art.pl\/index.php?rest_route=%2Fwp%2Fv2%2Ftags&post=5577"}],"curies":[{"name":"wp","href":"https:\/\/api.w.org\/{rel}","templated":true}]}}