{"id":5585,"date":"2018-03-26T16:32:33","date_gmt":"2018-03-26T16:32:33","guid":{"rendered":"http:\/\/www.spak.art.pl\/?p=5585"},"modified":"2018-03-26T16:32:33","modified_gmt":"2018-03-26T16:32:33","slug":"sol-w-oku-satyry-relacja-z-wernisazu-wystawy","status":"publish","type":"post","link":"http:\/\/www.spak.art.pl\/?p=5585","title":{"rendered":"S\u00f3l w oku satyry \u2013 relacja z wernisa\u017cu wystawy"},"content":{"rendered":"<p><strong>21 marca<\/strong>, w \u00a0Komorze Alfonsa D\u0142ugosza Kopalni Soli Wieliczka odby\u0142 si\u0119 wernisa\u017c wystawy \u201eS\u00f3l w oku satyry\u201d, b\u0119d\u0105cej efektem III Pleneru Satyryk\u00f3w, kt\u00f3ry odby\u0142 si\u0119 w Wieliczce w dniach 19.02-24.02.2018 roku.<\/p>\n<p>Na wystawie mo\u017cna ogl\u0105da\u0107 ponad 100 prac &#8211; rysunk\u00f3w, komiks\u00f3w i obraz\u00f3w, powsta\u0142ych w ci\u0105gu kilku dni lutowego pleneru. Wystaw\u0119 otworzy\u0142 dyrektor Muzeum \u017bup Krakowskich Wieliczka \u2013 Jan God\u0142owski.<\/p>\n<p>Na wystawie mo\u017cna zobaczy\u0107 prace: Henryka Cebuli, Marka Gliwy, Andrzeja Graniaka, Jaros\u0142awa Hnidziejko, Sergiusza Kaszkowskiego, Tomasza Niewiadomskiego, Dariusza Pietrzaka, Piotra Rychela, Iwony Rymaszewskiej, V\u00e1clava \u0160\u00edpo\u0161a (Czechy), Tomasza Wo\u0142oszyna i Magdy Wosik a tak\u017ce rysunki dos\u0142ane na wystaw\u0119: Micha\u0142a Graczyka i Tomasza Wiatera.<\/p>\n<p>W czasie wernisa\u017cu wszyscy ch\u0119tni mogli zrobi\u0107 sobie pami\u0105tkow\u0105 karykatury, kt\u00f3re rysowali na \u017cywo: V\u00e1clav \u0160\u00edpo\u0161 i Dariusz Pietrzak.<\/p>\n<p>Podczas wernisa\u017cu mo\u017cna by\u0142o obejrze\u0107 film z tegorocznego pleneru (zrealizowany przez Dariusza Pietrzaka, komisarza pleneru).<\/p>\n<p>Organizatorami pleneru s\u0105: Muzeum \u017bup Krakowskich Wieliczka i Stowarzyszenie Polskich Artyst\u00f3w Karykatury.<\/p>\n<p>Wystaw\u0119 \u201eS\u00f3l w oku satyry\u201d mo\u017cna ogl\u0105da\u0107 do <strong>16 wrze\u015bnia 2018 roku<\/strong>.<\/p>\n<p><strong>Film o plenerze<\/strong> mo\u017cna obejrze\u0107 na YOU TUBE, pod adresem: <a href=\"https:\/\/www.youtube.com\/watch?v=5_kA8sS8yXo&amp;feature=youtu.be\">https:\/\/www.youtube.com\/watch?v=5_kA8sS8yXo&amp;feature=youtu.be<\/a><\/p>\n<p><a href=\"http:\/\/www.spak.art.pl\/wp-content\/uploads\/2018\/03\/wern1.jpg\"><img loading=\"lazy\" decoding=\"async\" class=\"alignleft size-full wp-image-5586\" title=\"wern1\" src=\"http:\/\/www.spak.art.pl\/wp-content\/uploads\/2018\/03\/wern1.jpg\" alt=\"\" width=\"500\" height=\"281\" srcset=\"http:\/\/www.spak.art.pl\/wp-content\/uploads\/2018\/03\/wern1.jpg 500w, http:\/\/www.spak.art.pl\/wp-content\/uploads\/2018\/03\/wern1-300x168.jpg 300w\" sizes=\"auto, (max-width: 500px) 100vw, 500px\" \/><\/a><a href=\"http:\/\/www.spak.art.pl\/wp-content\/uploads\/2018\/03\/wern2.jpg\"><img loading=\"lazy\" decoding=\"async\" class=\"alignleft size-full wp-image-5587\" title=\"wern2\" src=\"http:\/\/www.spak.art.pl\/wp-content\/uploads\/2018\/03\/wern2.jpg\" alt=\"\" width=\"500\" height=\"281\" srcset=\"http:\/\/www.spak.art.pl\/wp-content\/uploads\/2018\/03\/wern2.jpg 500w, http:\/\/www.spak.art.pl\/wp-content\/uploads\/2018\/03\/wern2-300x168.jpg 300w\" sizes=\"auto, (max-width: 500px) 100vw, 500px\" \/><\/a><a href=\"http:\/\/www.spak.art.pl\/wp-content\/uploads\/2018\/03\/wern3.jpg\"><img loading=\"lazy\" decoding=\"async\" class=\"alignleft size-full wp-image-5588\" title=\"wern3\" src=\"http:\/\/www.spak.art.pl\/wp-content\/uploads\/2018\/03\/wern3.jpg\" alt=\"\" width=\"500\" height=\"281\" srcset=\"http:\/\/www.spak.art.pl\/wp-content\/uploads\/2018\/03\/wern3.jpg 500w, http:\/\/www.spak.art.pl\/wp-content\/uploads\/2018\/03\/wern3-300x168.jpg 300w\" sizes=\"auto, (max-width: 500px) 100vw, 500px\" \/><\/a><a href=\"http:\/\/www.spak.art.pl\/wp-content\/uploads\/2018\/03\/wern4.jpg\"><img loading=\"lazy\" decoding=\"async\" class=\"alignleft size-full wp-image-5589\" title=\"wern4\" src=\"http:\/\/www.spak.art.pl\/wp-content\/uploads\/2018\/03\/wern4.jpg\" alt=\"\" width=\"500\" height=\"281\" srcset=\"http:\/\/www.spak.art.pl\/wp-content\/uploads\/2018\/03\/wern4.jpg 500w, http:\/\/www.spak.art.pl\/wp-content\/uploads\/2018\/03\/wern4-300x168.jpg 300w\" sizes=\"auto, (max-width: 500px) 100vw, 500px\" \/><\/a><a href=\"http:\/\/www.spak.art.pl\/wp-content\/uploads\/2018\/03\/wern5.jpg\"><img loading=\"lazy\" decoding=\"async\" class=\"alignleft size-full wp-image-5590\" title=\"wern5\" src=\"http:\/\/www.spak.art.pl\/wp-content\/uploads\/2018\/03\/wern5.jpg\" alt=\"\" width=\"500\" height=\"333\" srcset=\"http:\/\/www.spak.art.pl\/wp-content\/uploads\/2018\/03\/wern5.jpg 500w, http:\/\/www.spak.art.pl\/wp-content\/uploads\/2018\/03\/wern5-300x199.jpg 300w\" sizes=\"auto, (max-width: 500px) 100vw, 500px\" \/><\/a><a href=\"http:\/\/www.spak.art.pl\/wp-content\/uploads\/2018\/03\/wern6.jpg\"><img loading=\"lazy\" decoding=\"async\" class=\"alignleft size-full wp-image-5591\" title=\"wern6\" src=\"http:\/\/www.spak.art.pl\/wp-content\/uploads\/2018\/03\/wern6.jpg\" alt=\"\" width=\"500\" height=\"333\" srcset=\"http:\/\/www.spak.art.pl\/wp-content\/uploads\/2018\/03\/wern6.jpg 500w, http:\/\/www.spak.art.pl\/wp-content\/uploads\/2018\/03\/wern6-300x199.jpg 300w\" sizes=\"auto, (max-width: 500px) 100vw, 500px\" \/><\/a><a href=\"http:\/\/www.spak.art.pl\/wp-content\/uploads\/2018\/03\/wern7.jpg\"><img loading=\"lazy\" decoding=\"async\" class=\"alignleft size-full wp-image-5592\" title=\"wern7\" src=\"http:\/\/www.spak.art.pl\/wp-content\/uploads\/2018\/03\/wern7.jpg\" alt=\"\" width=\"500\" height=\"333\" srcset=\"http:\/\/www.spak.art.pl\/wp-content\/uploads\/2018\/03\/wern7.jpg 500w, http:\/\/www.spak.art.pl\/wp-content\/uploads\/2018\/03\/wern7-300x199.jpg 300w\" sizes=\"auto, (max-width: 500px) 100vw, 500px\" \/><\/a><a href=\"http:\/\/www.spak.art.pl\/wp-content\/uploads\/2018\/03\/wern8.jpg\"><img loading=\"lazy\" decoding=\"async\" class=\"alignleft size-full wp-image-5593\" title=\"wern8\" src=\"http:\/\/www.spak.art.pl\/wp-content\/uploads\/2018\/03\/wern8.jpg\" alt=\"\" width=\"500\" height=\"333\" srcset=\"http:\/\/www.spak.art.pl\/wp-content\/uploads\/2018\/03\/wern8.jpg 500w, http:\/\/www.spak.art.pl\/wp-content\/uploads\/2018\/03\/wern8-300x199.jpg 300w\" sizes=\"auto, (max-width: 500px) 100vw, 500px\" \/><\/a><\/p>\n","protected":false},"excerpt":{"rendered":"<p>21 marca, w \u00a0Komorze Alfonsa D\u0142ugosza Kopalni Soli Wieliczka odby\u0142 si\u0119 wernisa\u017c wystawy \u201eS\u00f3l w oku satyry\u201d, b\u0119d\u0105cej efektem III Pleneru Satyryk\u00f3w, kt\u00f3ry odby\u0142 si\u0119 w Wieliczce w dniach 19.02-24.02.2018 roku. Na wystawie mo\u017cna ogl\u0105da\u0107 ponad 100 prac &#8211; rysunk\u00f3w, komiks\u00f3w i obraz\u00f3w, powsta\u0142ych w ci\u0105gu kilku dni lutowego pleneru. Wystaw\u0119 otworzy\u0142 dyrektor Muzeum \u017bup &hellip; <\/p>\n<p><a class=\"more-link btn\" href=\"http:\/\/www.spak.art.pl\/?p=5585\">Kontynuuj czytanie<\/a><\/p>\n","protected":false},"author":1,"featured_media":0,"comment_status":"closed","ping_status":"closed","sticky":false,"template":"","format":"standard","meta":{"ngg_post_thumbnail":0,"footnotes":""},"categories":[9],"tags":[],"class_list":["post-5585","post","type-post","status-publish","format-standard","hentry","category-aktualnosci","nodate","item-wrap"],"_links":{"self":[{"href":"http:\/\/www.spak.art.pl\/index.php?rest_route=\/wp\/v2\/posts\/5585","targetHints":{"allow":["GET"]}}],"collection":[{"href":"http:\/\/www.spak.art.pl\/index.php?rest_route=\/wp\/v2\/posts"}],"about":[{"href":"http:\/\/www.spak.art.pl\/index.php?rest_route=\/wp\/v2\/types\/post"}],"author":[{"embeddable":true,"href":"http:\/\/www.spak.art.pl\/index.php?rest_route=\/wp\/v2\/users\/1"}],"replies":[{"embeddable":true,"href":"http:\/\/www.spak.art.pl\/index.php?rest_route=%2Fwp%2Fv2%2Fcomments&post=5585"}],"version-history":[{"count":2,"href":"http:\/\/www.spak.art.pl\/index.php?rest_route=\/wp\/v2\/posts\/5585\/revisions"}],"predecessor-version":[{"id":5595,"href":"http:\/\/www.spak.art.pl\/index.php?rest_route=\/wp\/v2\/posts\/5585\/revisions\/5595"}],"wp:attachment":[{"href":"http:\/\/www.spak.art.pl\/index.php?rest_route=%2Fwp%2Fv2%2Fmedia&parent=5585"}],"wp:term":[{"taxonomy":"category","embeddable":true,"href":"http:\/\/www.spak.art.pl\/index.php?rest_route=%2Fwp%2Fv2%2Fcategories&post=5585"},{"taxonomy":"post_tag","embeddable":true,"href":"http:\/\/www.spak.art.pl\/index.php?rest_route=%2Fwp%2Fv2%2Ftags&post=5585"}],"curies":[{"name":"wp","href":"https:\/\/api.w.org\/{rel}","templated":true}]}}