{"id":5709,"date":"2018-07-02T19:20:38","date_gmt":"2018-07-02T19:20:38","guid":{"rendered":"http:\/\/www.spak.art.pl\/?p=5709"},"modified":"2018-07-02T19:20:38","modified_gmt":"2018-07-02T19:20:38","slug":"15-morka-rozpoczeta","status":"publish","type":"post","link":"http:\/\/www.spak.art.pl\/?p=5709","title":{"rendered":"15. Morka rozpocz\u0119ta"},"content":{"rendered":"<p>15. Warsztaty Karykatury i Satyry \u201eMorka\u201d, kt\u00f3re od kilkunastu lat odbywaj\u0105 si\u0119 w Ustroniu Morskim (Letniej Stolicy Humoru) rozpocz\u0119\u0142y si\u0119 w tym roku 30 czerwca. W programie imprezy odby\u0142o si\u0119 symboliczne przekazanie klucza do miejscowo\u015bci Ustronie Morskie rysownikom i karykaturzystom. Karykaturzy\u015bci wezm\u0105 udzia\u0142 w biciu rekordu w rysowaniu karykatur. Plener zako\u0144czy wystawa prac w miejscowym amfiteatrze.<\/p>\n<p><a href=\"http:\/\/www.spak.art.pl\/wp-content\/uploads\/2018\/07\/Plakat_Morka_2018.jpg\"><img loading=\"lazy\" decoding=\"async\" class=\"alignleft size-full wp-image-5710\" title=\"Plakat_Morka_2018\" src=\"http:\/\/www.spak.art.pl\/wp-content\/uploads\/2018\/07\/Plakat_Morka_2018.jpg\" alt=\"\" width=\"424\" height=\"600\" srcset=\"http:\/\/www.spak.art.pl\/wp-content\/uploads\/2018\/07\/Plakat_Morka_2018.jpg 424w, http:\/\/www.spak.art.pl\/wp-content\/uploads\/2018\/07\/Plakat_Morka_2018-212x300.jpg 212w\" sizes=\"auto, (max-width: 424px) 100vw, 424px\" \/><\/a><\/p>\n","protected":false},"excerpt":{"rendered":"<p>15. Warsztaty Karykatury i Satyry \u201eMorka\u201d, kt\u00f3re od kilkunastu lat odbywaj\u0105 si\u0119 w Ustroniu Morskim (Letniej Stolicy Humoru) rozpocz\u0119\u0142y si\u0119 w tym roku 30 czerwca. W programie imprezy odby\u0142o si\u0119 symboliczne przekazanie klucza do miejscowo\u015bci Ustronie Morskie rysownikom i karykaturzystom. Karykaturzy\u015bci wezm\u0105 udzia\u0142 w biciu rekordu w rysowaniu karykatur. Plener zako\u0144czy wystawa prac w miejscowym &hellip; <\/p>\n<p><a class=\"more-link btn\" href=\"http:\/\/www.spak.art.pl\/?p=5709\">Kontynuuj czytanie<\/a><\/p>\n","protected":false},"author":1,"featured_media":0,"comment_status":"closed","ping_status":"closed","sticky":false,"template":"","format":"standard","meta":{"ngg_post_thumbnail":0,"footnotes":""},"categories":[9],"tags":[],"class_list":["post-5709","post","type-post","status-publish","format-standard","hentry","category-aktualnosci","nodate","item-wrap"],"_links":{"self":[{"href":"http:\/\/www.spak.art.pl\/index.php?rest_route=\/wp\/v2\/posts\/5709","targetHints":{"allow":["GET"]}}],"collection":[{"href":"http:\/\/www.spak.art.pl\/index.php?rest_route=\/wp\/v2\/posts"}],"about":[{"href":"http:\/\/www.spak.art.pl\/index.php?rest_route=\/wp\/v2\/types\/post"}],"author":[{"embeddable":true,"href":"http:\/\/www.spak.art.pl\/index.php?rest_route=\/wp\/v2\/users\/1"}],"replies":[{"embeddable":true,"href":"http:\/\/www.spak.art.pl\/index.php?rest_route=%2Fwp%2Fv2%2Fcomments&post=5709"}],"version-history":[{"count":2,"href":"http:\/\/www.spak.art.pl\/index.php?rest_route=\/wp\/v2\/posts\/5709\/revisions"}],"predecessor-version":[{"id":5712,"href":"http:\/\/www.spak.art.pl\/index.php?rest_route=\/wp\/v2\/posts\/5709\/revisions\/5712"}],"wp:attachment":[{"href":"http:\/\/www.spak.art.pl\/index.php?rest_route=%2Fwp%2Fv2%2Fmedia&parent=5709"}],"wp:term":[{"taxonomy":"category","embeddable":true,"href":"http:\/\/www.spak.art.pl\/index.php?rest_route=%2Fwp%2Fv2%2Fcategories&post=5709"},{"taxonomy":"post_tag","embeddable":true,"href":"http:\/\/www.spak.art.pl\/index.php?rest_route=%2Fwp%2Fv2%2Ftags&post=5709"}],"curies":[{"name":"wp","href":"https:\/\/api.w.org\/{rel}","templated":true}]}}