{"id":5915,"date":"2019-02-18T17:50:19","date_gmt":"2019-02-18T17:50:19","guid":{"rendered":"http:\/\/www.spak.art.pl\/?p=5915"},"modified":"2019-02-18T17:50:19","modified_gmt":"2019-02-18T17:50:19","slug":"konkurs-na-rysunek-prasowy-im-a-wolosa-w-mediach","status":"publish","type":"post","link":"http:\/\/www.spak.art.pl\/?p=5915","title":{"rendered":"Konkurs na Rysunek Prasowy im. A. Wo\u0142osa w mediach"},"content":{"rendered":"<p><a href=\"http:\/\/www.spak.art.pl\/wp-content\/uploads\/2019\/02\/olsztyn-wolos1.jpg\"><img loading=\"lazy\" decoding=\"async\" class=\"alignleft size-full wp-image-5916\" title=\"olsztyn wolos1\" src=\"http:\/\/www.spak.art.pl\/wp-content\/uploads\/2019\/02\/olsztyn-wolos1.jpg\" alt=\"\" width=\"588\" height=\"291\" srcset=\"http:\/\/www.spak.art.pl\/wp-content\/uploads\/2019\/02\/olsztyn-wolos1.jpg 588w, http:\/\/www.spak.art.pl\/wp-content\/uploads\/2019\/02\/olsztyn-wolos1-300x148.jpg 300w\" sizes=\"auto, (max-width: 588px) 100vw, 588px\" \/><\/a><\/p>\n<p>&nbsp;<\/p>\n<p>&nbsp;<\/p>\n<p>&nbsp;<\/p>\n<p>&nbsp;<\/p>\n<p>&nbsp;<\/p>\n<p>&nbsp;<\/p>\n<p>&nbsp;<\/p>\n<p>&nbsp;<\/p>\n<p>&nbsp;<\/p>\n<p>&nbsp;<\/p>\n<p>&nbsp;<\/p>\n<p>&nbsp;<\/p>\n<p>Informacje o wystawie pokonkursowej pojawi\u0142y znalaz\u0142y si\u0119 w radiu Olsztyn i w olszty\u0144skiej telewizji.<\/p>\n<p>Dj\u0119cia z wernisa\u017cu mo\u017cna zobaczy\u0107 na stronie<\/p>\n<p><a href=\"https:\/\/www.olsztyn24.com\/news\/33270-i-czesc-pokonkursowej-wystawy-konkursu-na-rysunek-prasowy-im-aleksandra-wolosa-w-galerii-stary-ratusz.html\" target=\"_blank\" data-saferedirecturl=\"https:\/\/zasoby.tlen.pl\/redirect?sig=8ab7eec90a5de6032b26694b9099c7059c8b6a207052af6595f6b1a78fa2b191&amp;url=aHR0cHM6Ly93d3cub2xzenR5bjI0LmNvbS9uZXdzLzMzMjcwLWktY3plc2MtcG9rb25rdXJzb3dlai13eXN0YXd5LWtvbmt1cnN1LW5hLXJ5c3VuZWstcHJhc293eS1pbS1hbGVrc2FuZHJhLXdvbG9zYS13LWdhbGVyaWktc3RhcnktcmF0dXN6Lmh0bWw=&amp;platform=desktop&amp;brand=wp\">https:\/\/www.olsztyn24.com\/news\/33270-i-czesc-pokonkursowej-wystawy-konkursu-na-rysunek-prasowy-im-aleksandra-wolosa-w-galerii-stary-ratusz.html<\/a><\/p>\n<p>Filmow\u0105 relacj\u0119 obejrzymy na stronie<\/p>\n<p><a href=\"https:\/\/www.olsztyn24.com\/tv\/8438-wernisaz-wystawy-pokonkursowej-rysunku-prasowego-w-wbp.html\" target=\"_blank\" data-saferedirecturl=\"https:\/\/zasoby.tlen.pl\/redirect?sig=76e27fc0deceeeb670b0acfab97fb35763c1a569ad74d4165b08bac225578df6&amp;url=aHR0cHM6Ly93d3cub2xzenR5bjI0LmNvbS90di84NDM4LXdlcm5pc2F6LXd5c3Rhd3ktcG9rb25rdXJzb3dlai1yeXN1bmt1LXByYXNvd2Vnby13LXdicC5odG1s&amp;platform=desktop&amp;brand=wp\">https:\/\/www.olsztyn24.com\/tv\/8438-wernisaz-wystawy-pokonkursowej-rysunku-prasowego-w-wbp.html<\/a><\/p>\n<p>W\u00a0<strong>I Og\u00f3lnopolskim Konkursie na rysunek prasowy im. Aleksandra Wo\u0142osa<\/strong>\u00a0w Olsztynie udzia\u0142 wzi\u0119\u0142o\u00a0<strong>27<\/strong>\u00a0rysownik\u00f3w.<br \/>\nPoni\u017cej publikujemy udost\u0119pnion\u0105 przez organizator\u00f3w list\u0119 uczestnik\u00f3w:<\/p>\n<p>Uczestnicy I Og\u00f3lnopolskiego Konkursu na rysunek prasowy im. Aleksandra Wo\u0142osa: <strong>Miros\u0142aw Andrzejewski , Grzegorz B\u0105kowski, Mariusz Boche\u0144ski, Marcin Bondarowicz, Henryk Cebula, Maja Chmura, Andrzej Czyczy\u0142o, Dariusz D\u0105browski, Micha\u0142 Deputat, Marek Gliwa, Micha\u0142 Graczyk, Krzysztof Grzondziel, Miros\u0142aw Hajnos, J\u00f3zef Jab\u0142o\u0144ski, Zbigniew Kucia, Karolina Lewandowska, S\u0142awomir \u0141uczy\u0144ski, Maciej M. Michalski, Robert Mirowski, Dariusz Pietrzak, Waldemar Ruk\u015b\u0107, Szczepan Sadurski, Miros\u0142aw Stankiewicz, Robert Trojanowski, Maciej Trzepa\u0142ka, Tomasz Wiater, Jacek Zygmunt<\/strong><strong>.<\/strong><br \/>\nNa wystawie pokonkursowej zostan\u0105 zaprezentowane prace patrona konkursu\u00a0<strong>Aleksandra Wo\u0142osa<\/strong>\u00a0oraz pomys\u0142odawcy konkursu\u00a0<strong>Zbigniewa Piszczako<\/strong><strong>.<\/strong><\/p>\n<p><strong>Oficjalne og\u0142oszenie wynik\u00f3w b\u0119dzie mia\u0142o miejsce 24 lutego br.<\/strong><\/p>\n","protected":false},"excerpt":{"rendered":"<p>&nbsp; &nbsp; &nbsp; &nbsp; &nbsp; &nbsp; &nbsp; &nbsp; &nbsp; &nbsp; &nbsp; &nbsp; Informacje o wystawie pokonkursowej pojawi\u0142y znalaz\u0142y si\u0119 w radiu Olsztyn i w olszty\u0144skiej telewizji. Dj\u0119cia z wernisa\u017cu mo\u017cna zobaczy\u0107 na stronie https:\/\/www.olsztyn24.com\/news\/33270-i-czesc-pokonkursowej-wystawy-konkursu-na-rysunek-prasowy-im-aleksandra-wolosa-w-galerii-stary-ratusz.html Filmow\u0105 relacj\u0119 obejrzymy na stronie https:\/\/www.olsztyn24.com\/tv\/8438-wernisaz-wystawy-pokonkursowej-rysunku-prasowego-w-wbp.html W\u00a0I Og\u00f3lnopolskim Konkursie na rysunek prasowy im. Aleksandra Wo\u0142osa\u00a0w Olsztynie udzia\u0142 wzi\u0119\u0142o\u00a027\u00a0rysownik\u00f3w. Poni\u017cej publikujemy udost\u0119pnion\u0105 &hellip; <\/p>\n<p><a class=\"more-link btn\" href=\"http:\/\/www.spak.art.pl\/?p=5915\">Kontynuuj czytanie<\/a><\/p>\n","protected":false},"author":1,"featured_media":0,"comment_status":"closed","ping_status":"closed","sticky":false,"template":"","format":"standard","meta":{"ngg_post_thumbnail":0,"footnotes":""},"categories":[9],"tags":[],"class_list":["post-5915","post","type-post","status-publish","format-standard","hentry","category-aktualnosci","nodate","item-wrap"],"_links":{"self":[{"href":"http:\/\/www.spak.art.pl\/index.php?rest_route=\/wp\/v2\/posts\/5915","targetHints":{"allow":["GET"]}}],"collection":[{"href":"http:\/\/www.spak.art.pl\/index.php?rest_route=\/wp\/v2\/posts"}],"about":[{"href":"http:\/\/www.spak.art.pl\/index.php?rest_route=\/wp\/v2\/types\/post"}],"author":[{"embeddable":true,"href":"http:\/\/www.spak.art.pl\/index.php?rest_route=\/wp\/v2\/users\/1"}],"replies":[{"embeddable":true,"href":"http:\/\/www.spak.art.pl\/index.php?rest_route=%2Fwp%2Fv2%2Fcomments&post=5915"}],"version-history":[{"count":5,"href":"http:\/\/www.spak.art.pl\/index.php?rest_route=\/wp\/v2\/posts\/5915\/revisions"}],"predecessor-version":[{"id":5921,"href":"http:\/\/www.spak.art.pl\/index.php?rest_route=\/wp\/v2\/posts\/5915\/revisions\/5921"}],"wp:attachment":[{"href":"http:\/\/www.spak.art.pl\/index.php?rest_route=%2Fwp%2Fv2%2Fmedia&parent=5915"}],"wp:term":[{"taxonomy":"category","embeddable":true,"href":"http:\/\/www.spak.art.pl\/index.php?rest_route=%2Fwp%2Fv2%2Fcategories&post=5915"},{"taxonomy":"post_tag","embeddable":true,"href":"http:\/\/www.spak.art.pl\/index.php?rest_route=%2Fwp%2Fv2%2Ftags&post=5915"}],"curies":[{"name":"wp","href":"https:\/\/api.w.org\/{rel}","templated":true}]}}