{"id":5937,"date":"2019-02-25T10:16:47","date_gmt":"2019-02-25T10:16:47","guid":{"rendered":"http:\/\/www.spak.art.pl\/?p=5937"},"modified":"2019-02-25T10:16:47","modified_gmt":"2019-02-25T10:16:47","slug":"laureaci-i-ogolnopolskiego-konkursu-na-rysunek-prasowy-im-aleksandra-wolosa","status":"publish","type":"post","link":"http:\/\/www.spak.art.pl\/?p=5937","title":{"rendered":"Laureaci I Og\u00f3lnopolskiego Konkursu na Rysunek Prasowy im. Aleksandra Wo\u0142osa"},"content":{"rendered":"<div id=\"attachment_5938\" style=\"width: 600px\" class=\"wp-caption alignleft\"><a href=\"http:\/\/www.spak.art.pl\/wp-content\/uploads\/2019\/02\/B\u0105kowski-Grzegorz-Nagroda-Glowna.jpg\"><img loading=\"lazy\" decoding=\"async\" aria-describedby=\"caption-attachment-5938\" class=\"size-full wp-image-5938\" title=\"B\u0105kowski Grzegorz Nagroda Glowna\" src=\"http:\/\/www.spak.art.pl\/wp-content\/uploads\/2019\/02\/B\u0105kowski-Grzegorz-Nagroda-Glowna.jpg\" alt=\"\" width=\"600\" height=\"537\" srcset=\"http:\/\/www.spak.art.pl\/wp-content\/uploads\/2019\/02\/B\u0105kowski-Grzegorz-Nagroda-Glowna.jpg 600w, http:\/\/www.spak.art.pl\/wp-content\/uploads\/2019\/02\/B\u0105kowski-Grzegorz-Nagroda-Glowna-300x268.jpg 300w\" sizes=\"auto, (max-width: 600px) 100vw, 600px\" \/><\/a><p id=\"caption-attachment-5938\" class=\"wp-caption-text\">Grzegorz B\u0105kowski, Nagroda G\u0142\u00f3wna (Przegl\u0105d)<\/p><\/div>\n<p>&nbsp;<\/p>\n<p>&nbsp;<\/p>\n<p>&nbsp;<\/p>\n<p>&nbsp;<\/p>\n<p>&nbsp;<\/p>\n<p>&nbsp;<\/p>\n<p>&nbsp;<\/p>\n<p>&nbsp;<\/p>\n<p>&nbsp;<\/p>\n<p>&nbsp;<\/p>\n<p>&nbsp;<\/p>\n<p>&nbsp;<\/p>\n<p>&nbsp;<\/p>\n<p>&nbsp;<\/p>\n<p>&nbsp;<\/p>\n<p>&nbsp;<\/p>\n<p>&nbsp;<\/p>\n<p>&nbsp;<\/p>\n<p>&nbsp;<\/p>\n<p>&nbsp;<\/p>\n<p>&nbsp;<\/p>\n<p>&nbsp;<\/p>\n<p><strong>Celem Og\u00f3lnopolskiego konkursu na rysunek prasowy im. Aleksandra Wo\u0142osa jest nagrodzenie autor\u00f3w najlepszych prac w 2018 roku i zwr\u00f3cenie uwagi na znaczenie rysunku prasowego, kt\u00f3ry mo\u017ce by\u0107 komentarzem politycznym, spo\u0142ecznym b\u0105d\u017a sportowym,\u00a0 tworzy\u0107 opowie\u015b\u0107 w postaci kr\u00f3tkiego komiksu czy by\u0107 rysunkiem-ilustracj\u0105 artyku\u0142u prasowego.<\/strong><\/p>\n<p>Patronem konkursu jest Aleksander Wo\u0142os <em>(1934-2014)<\/em>, wybitny olszty\u0144ski satyryk, karykaturzysta, malarz i pastelista.<\/p>\n<p>Organizatorem konkursu jest Warmi\u0144sko-Mazurski Oddzia\u0142 Stowarzyszenia Dziennikarzy Polskich w Olsztynie.<\/p>\n<p>Patronat honorowy nad konkursem obj\u0119\u0142o Muzeum Karykatury im. Eryka Lipi\u0144skiego.<\/p>\n<ol>\n<li>Na konkurs mo\u017cna by\u0142o przysy\u0142a\u0107 rysunki opublikowane od 1 stycznia do 31 grudnia 2018 roku w prasie i mediach elektronicznych..<\/li>\n<li>Na konkurs nades\u0142ano 124 prace 27 autor\u00f3w z ca\u0142ego kraju m.in. Olsztyna, Mr\u0105gowa, Olecka, Starachowic, Warszawy, Wroc\u0142awia, Poznania, Katowic, Jaros\u0142awia, Tu\u0142owic, Starachowic, Murowanej Go\u015bliny, Zabrza, Cz\u0119stochowy.<\/li>\n<li>Prasa og\u00f3lnopolska: Gazeta Wyborcza, Gazeta Polska, Angora, Tygodnik Przegl\u0105d, Trybuna, NIE, Fakty i Mity, Tygodnik Solidarno\u015b\u0107, Super Express, Przegl\u0105d Techniczny.<\/li>\n<li>Prasa lokalna: Nowa Trybuna Opolska, Nasze Miasto Jaros\u0142aw, Tygodnik Ciechanowski, Ziemia \u0141\u00f3dzka, Echo Katolickie, Co Gdzie Kiedy, Kurier Mr\u0105gowski, VariArt oraz strony autorskie w Internecie<\/li>\n<li>Og\u0142oszenie wynik\u00f3w konkursu odby\u0142o si\u0119 podczas Gali Dziennikarzy Warmii i Mazur w Olsztynie, 24 lutego 2019 roku.<\/li>\n<li>By pokaza\u0107 wi\u0119kszo\u015b\u0107 nades\u0142anych prac rysunki konkursowe zaprezentowane zosta\u0142y\u00a0 w 2 miejscach wystawowych: 15 lutego w Galerii Stary Ratusz w Wojew\u00f3dzkiej Bibliotece Publicznej oraz 20 lutego w Galerii pod Kopu\u0142a w Bibliotece Uniwersytetu Warmi\u0144sko-Mazurskiego.<\/li>\n<li>Na wystawie zosta\u0142y zaprezentowane tak\u017ce prace, poza konkursem, Aleksandra Wo\u0142osa \u2013 patrona konkursu i Zbigniewa Piszczako \u2013 pomys\u0142odawcy, jurora i koordynatora konkursu.<\/li>\n<\/ol>\n<p>&nbsp;<\/p>\n<p>Nagrodzeni autorzy:<\/p>\n<p>&nbsp;<\/p>\n<p><strong>Nagroda<\/strong><strong> <\/strong><strong>G\u0142\u00f3wna<\/strong><strong> im. Aleksandra Wo\u0142osa <\/strong><strong><\/strong><\/p>\n<p><strong>Grzegorz<\/strong><strong> B\u0105kowski<\/strong><strong> <\/strong><em>\u00a0(Przegl\u0105d),<\/em><em><\/em><\/p>\n<p>&nbsp;<\/p>\n<p><strong>Nagrody Honorowe:<\/strong><\/p>\n<p><strong>Marcina Bondarowicza<\/strong> <em>\u00a0(Gazeta Wyborcza)<\/em>,<\/p>\n<p><strong>Henryka Cebuli<\/strong> <em>\u00a0(NIE)<\/em>,<\/p>\n<p><strong>Andrzeja Czyczy\u0142o<\/strong> <em>\u00a0(Nowa Trybuna Opolska)<\/em>,<\/p>\n<p><strong>Dariusza D\u0105browskiego<\/strong> <em>\u00a0(Facebook, strona autorska)<\/em>,<\/p>\n<p><strong>Micha\u0142a Graczyka<\/strong><em> (Fakty i Mity)<\/em>,<strong><\/strong><\/p>\n<p><strong>S\u0142awomira \u0141uczy\u0144skiego<\/strong> <em>\u00a0(Ziemia \u0141\u00f3dzka)<\/em>,<\/p>\n<p><strong>Macieja M. Michalskiego<\/strong> <em>\u00a0(Tygodnik Solidarno\u015b\u0107)<\/em>,<\/p>\n<p><strong>Roberta Trojanowskiego<\/strong> <em>\u00a0(tramen.blox.pl)<\/em>,<\/p>\n<p><strong>Tomasza Wiatera<\/strong> (<em>NIE),<\/em><\/p>\n<p><strong>Jacka Zygmunta<\/strong> <em>(<\/em><em>Super Express).<\/em><\/p>\n<p>&nbsp;<\/p>\n<p><strong>Nagroda Stowarzyszenia Polskich Artyst\u00f3w Karykatury<\/strong><\/p>\n<p><strong>Miros\u0142aw Stankiewicz<\/strong> <em>(Angora)<\/em><strong><\/strong><\/p>\n<p>&nbsp;<\/p>\n<p><strong><em>Aleksander Wo\u0142os<\/em><\/strong><em> (1934-2014); doktor habilitowany z zakresu nauk przyrodniczych,\u00a0 <\/em><em>olszty\u0144ski karykaturzysta, rysownik, pastelista,\u00a0 malarz. Od 1955 r. publikowa\u0142 w prasie regionalnej (Gazeta Olszty\u0144ska, Nasza Wie\u015b, Panorama P\u00f3\u0142nocy, Pos\u0142aniec Warmi\u0144ski, Warmia i Mazury), w tygodnikach og\u00f3lnopolskich Karuzela, Polityka, Szpilki, Wprost, a tak\u017ce w prasie niemieckiej (Kontraste, Eulenspiegel, Pardon) i jugos\u0142owia\u0144skiej (Osten) oraz wielu wydawnictwach ksi\u0105\u017ckowych. By\u0142 autorem ponad 100 projekt\u00f3w ok\u0142adek do ksi\u0105\u017cek. Opublikowa\u0142 cztery zbiorki rysunk\u00f3w satyrycznych oraz trzy albumy malarstwa pastelowego: Pastelowy humor (2002), G\u0142owy i g\u0142\u00f3wki (2004), Akweny (2006). Mia\u0142 na swym koncie ponad 60 wystaw indywidualnych oraz udzia\u0142 w kilkuset wystawach zbiorowych. Laureat wielu nagr\u00f3d krajowych i zagranicznych. Otrzyma\u0142 m.in. Krzy\u017c Kawalerski Orderu Odrodzenia Polski,\u00a0 Odznak\u0119 Zas\u0142u\u017cony dla Kultury Polskiej, Odznak\u0119 \u201eZas\u0142u\u017cony dla Warmii i Mazur\u201d. 2014 &#8211; <em>Nagroda<\/em><\/em> Prezydenta Olsztyna w dziedzinie sztuk plastycznych im. Hieronima Skurpskiego.<\/p>\n<div id=\"attachment_5951\" style=\"width: 428px\" class=\"wp-caption alignleft\"><a href=\"http:\/\/www.spak.art.pl\/wp-content\/uploads\/2019\/02\/Bondarowicz-Marcin.jpg\"><img loading=\"lazy\" decoding=\"async\" aria-describedby=\"caption-attachment-5951\" class=\"size-full wp-image-5951\" title=\"Bondarowicz Marcin\" src=\"http:\/\/www.spak.art.pl\/wp-content\/uploads\/2019\/02\/Bondarowicz-Marcin.jpg\" alt=\"\" width=\"428\" height=\"600\" srcset=\"http:\/\/www.spak.art.pl\/wp-content\/uploads\/2019\/02\/Bondarowicz-Marcin.jpg 428w, http:\/\/www.spak.art.pl\/wp-content\/uploads\/2019\/02\/Bondarowicz-Marcin-214x300.jpg 214w\" sizes=\"auto, (max-width: 428px) 100vw, 428px\" \/><\/a><p id=\"caption-attachment-5951\" class=\"wp-caption-text\">Marcin Bondarowicz, Nagroda Honorowa (Gazeta Wyborcza)<\/p><\/div>\n<div id=\"attachment_5950\" style=\"width: 482px\" class=\"wp-caption alignleft\"><a href=\"http:\/\/www.spak.art.pl\/wp-content\/uploads\/2019\/02\/Cebula-Henryk.jpg\"><img loading=\"lazy\" decoding=\"async\" aria-describedby=\"caption-attachment-5950\" class=\"size-full wp-image-5950\" title=\"Cebula Henryk\" src=\"http:\/\/www.spak.art.pl\/wp-content\/uploads\/2019\/02\/Cebula-Henryk.jpg\" alt=\"\" width=\"482\" height=\"600\" srcset=\"http:\/\/www.spak.art.pl\/wp-content\/uploads\/2019\/02\/Cebula-Henryk.jpg 482w, http:\/\/www.spak.art.pl\/wp-content\/uploads\/2019\/02\/Cebula-Henryk-241x300.jpg 241w\" sizes=\"auto, (max-width: 482px) 100vw, 482px\" \/><\/a><p id=\"caption-attachment-5950\" class=\"wp-caption-text\">Henryk Cebula, Nagroda Honorowa (NIE)<\/p><\/div>\n<div id=\"attachment_5949\" style=\"width: 600px\" class=\"wp-caption alignleft\"><a href=\"http:\/\/www.spak.art.pl\/wp-content\/uploads\/2019\/02\/Czyczy\u0142o-Andrzej.jpg\"><img loading=\"lazy\" decoding=\"async\" aria-describedby=\"caption-attachment-5949\" class=\"size-full wp-image-5949\" title=\"EPSON MFP image\" src=\"http:\/\/www.spak.art.pl\/wp-content\/uploads\/2019\/02\/Czyczy\u0142o-Andrzej.jpg\" alt=\"\" width=\"600\" height=\"402\" srcset=\"http:\/\/www.spak.art.pl\/wp-content\/uploads\/2019\/02\/Czyczy\u0142o-Andrzej.jpg 600w, http:\/\/www.spak.art.pl\/wp-content\/uploads\/2019\/02\/Czyczy\u0142o-Andrzej-300x201.jpg 300w\" sizes=\"auto, (max-width: 600px) 100vw, 600px\" \/><\/a><p id=\"caption-attachment-5949\" class=\"wp-caption-text\">Andrzej Czyczy\u0142o, Nagroda Honorowa (Nowa Trybuna Opolska)<\/p><\/div>\n<div id=\"attachment_5948\" style=\"width: 430px\" class=\"wp-caption alignleft\"><a href=\"http:\/\/www.spak.art.pl\/wp-content\/uploads\/2019\/02\/D\u0105browski-Dariusz.jpg\"><img loading=\"lazy\" decoding=\"async\" aria-describedby=\"caption-attachment-5948\" class=\"size-full wp-image-5948\" title=\"D\u0105browski Dariusz\" src=\"http:\/\/www.spak.art.pl\/wp-content\/uploads\/2019\/02\/D\u0105browski-Dariusz.jpg\" alt=\"\" width=\"430\" height=\"600\" srcset=\"http:\/\/www.spak.art.pl\/wp-content\/uploads\/2019\/02\/D\u0105browski-Dariusz.jpg 430w, http:\/\/www.spak.art.pl\/wp-content\/uploads\/2019\/02\/D\u0105browski-Dariusz-215x300.jpg 215w\" sizes=\"auto, (max-width: 430px) 100vw, 430px\" \/><\/a><p id=\"caption-attachment-5948\" class=\"wp-caption-text\">Dariusz D\u0105browski, Nagroda Honorowa (Facebook, strona autorska)<\/p><\/div>\n<div id=\"attachment_5947\" style=\"width: 471px\" class=\"wp-caption alignleft\"><a href=\"http:\/\/www.spak.art.pl\/wp-content\/uploads\/2019\/02\/Graczyk-Micha\u0142.jpg\"><img loading=\"lazy\" decoding=\"async\" aria-describedby=\"caption-attachment-5947\" class=\"size-full wp-image-5947\" title=\"Graczyk Micha\u0142\" src=\"http:\/\/www.spak.art.pl\/wp-content\/uploads\/2019\/02\/Graczyk-Micha\u0142.jpg\" alt=\"\" width=\"471\" height=\"600\" srcset=\"http:\/\/www.spak.art.pl\/wp-content\/uploads\/2019\/02\/Graczyk-Micha\u0142.jpg 471w, http:\/\/www.spak.art.pl\/wp-content\/uploads\/2019\/02\/Graczyk-Micha\u0142-235x300.jpg 235w\" sizes=\"auto, (max-width: 471px) 100vw, 471px\" \/><\/a><p id=\"caption-attachment-5947\" class=\"wp-caption-text\">Micha\u0142 Graczyk, Nagroda Honorowa (Fakty i Mity)<\/p><\/div>\n<div id=\"attachment_5946\" style=\"width: 424px\" class=\"wp-caption alignleft\"><a href=\"http:\/\/www.spak.art.pl\/wp-content\/uploads\/2019\/02\/\u0141uczy\u0144ski-S\u0142awomir.jpg\"><img loading=\"lazy\" decoding=\"async\" aria-describedby=\"caption-attachment-5946\" class=\"size-full wp-image-5946\" title=\"\u0141uczy\u0144ski S\u0142awomir\" src=\"http:\/\/www.spak.art.pl\/wp-content\/uploads\/2019\/02\/\u0141uczy\u0144ski-S\u0142awomir.jpg\" alt=\"\" width=\"424\" height=\"600\" srcset=\"http:\/\/www.spak.art.pl\/wp-content\/uploads\/2019\/02\/\u0141uczy\u0144ski-S\u0142awomir.jpg 424w, http:\/\/www.spak.art.pl\/wp-content\/uploads\/2019\/02\/\u0141uczy\u0144ski-S\u0142awomir-212x300.jpg 212w\" sizes=\"auto, (max-width: 424px) 100vw, 424px\" \/><\/a><p id=\"caption-attachment-5946\" class=\"wp-caption-text\">S\u0142awomir \u0141uczy\u0144ski, Nagroda Honorowa (Ziemia \u0141\u00f3dzka)<\/p><\/div>\n<div id=\"attachment_5945\" style=\"width: 600px\" class=\"wp-caption alignleft\"><a href=\"http:\/\/www.spak.art.pl\/wp-content\/uploads\/2019\/02\/Michalski-Maciej-M.jpg\"><img loading=\"lazy\" decoding=\"async\" aria-describedby=\"caption-attachment-5945\" class=\"size-full wp-image-5945\" title=\"Michalski Maciej M\" src=\"http:\/\/www.spak.art.pl\/wp-content\/uploads\/2019\/02\/Michalski-Maciej-M.jpg\" alt=\"\" width=\"600\" height=\"433\" srcset=\"http:\/\/www.spak.art.pl\/wp-content\/uploads\/2019\/02\/Michalski-Maciej-M.jpg 600w, http:\/\/www.spak.art.pl\/wp-content\/uploads\/2019\/02\/Michalski-Maciej-M-300x216.jpg 300w\" sizes=\"auto, (max-width: 600px) 100vw, 600px\" \/><\/a><p id=\"caption-attachment-5945\" class=\"wp-caption-text\">Maciej M. Michalski, Nagroda Honorowa (Tygodnik Solidarno\u015b\u0107)<\/p><\/div>\n<div id=\"attachment_5944\" style=\"width: 458px\" class=\"wp-caption alignleft\"><a href=\"http:\/\/www.spak.art.pl\/wp-content\/uploads\/2019\/02\/Trojanowski-Robert.jpg\"><img loading=\"lazy\" decoding=\"async\" aria-describedby=\"caption-attachment-5944\" class=\"size-full wp-image-5944\" title=\"Trojanowski Robert\" src=\"http:\/\/www.spak.art.pl\/wp-content\/uploads\/2019\/02\/Trojanowski-Robert.jpg\" alt=\"\" width=\"458\" height=\"600\" srcset=\"http:\/\/www.spak.art.pl\/wp-content\/uploads\/2019\/02\/Trojanowski-Robert.jpg 458w, http:\/\/www.spak.art.pl\/wp-content\/uploads\/2019\/02\/Trojanowski-Robert-229x300.jpg 229w\" sizes=\"auto, (max-width: 458px) 100vw, 458px\" \/><\/a><p id=\"caption-attachment-5944\" class=\"wp-caption-text\">Robert Trojanowski, Nagroda Honorowa (tramen.blox.pl)<\/p><\/div>\n<div id=\"attachment_5943\" style=\"width: 467px\" class=\"wp-caption alignleft\"><a href=\"http:\/\/www.spak.art.pl\/wp-content\/uploads\/2019\/02\/Wiater-Tomasz.jpg\"><img loading=\"lazy\" decoding=\"async\" aria-describedby=\"caption-attachment-5943\" class=\"size-full wp-image-5943\" title=\"Wiater Tomasz\" src=\"http:\/\/www.spak.art.pl\/wp-content\/uploads\/2019\/02\/Wiater-Tomasz.jpg\" alt=\"\" width=\"467\" height=\"600\" srcset=\"http:\/\/www.spak.art.pl\/wp-content\/uploads\/2019\/02\/Wiater-Tomasz.jpg 467w, http:\/\/www.spak.art.pl\/wp-content\/uploads\/2019\/02\/Wiater-Tomasz-233x300.jpg 233w\" sizes=\"auto, (max-width: 467px) 100vw, 467px\" \/><\/a><p id=\"caption-attachment-5943\" class=\"wp-caption-text\">Tomasz Wiater, Nagroda Honorowa (NIE)<\/p><\/div>\n<div id=\"attachment_5942\" style=\"width: 600px\" class=\"wp-caption alignleft\"><a href=\"http:\/\/www.spak.art.pl\/wp-content\/uploads\/2019\/02\/Zygmunt-Jacek.jpg\"><img loading=\"lazy\" decoding=\"async\" aria-describedby=\"caption-attachment-5942\" class=\"size-full wp-image-5942\" title=\"Zygmunt Jacek\" src=\"http:\/\/www.spak.art.pl\/wp-content\/uploads\/2019\/02\/Zygmunt-Jacek.jpg\" alt=\"\" width=\"600\" height=\"402\" srcset=\"http:\/\/www.spak.art.pl\/wp-content\/uploads\/2019\/02\/Zygmunt-Jacek.jpg 600w, http:\/\/www.spak.art.pl\/wp-content\/uploads\/2019\/02\/Zygmunt-Jacek-300x201.jpg 300w\" sizes=\"auto, (max-width: 600px) 100vw, 600px\" \/><\/a><p id=\"caption-attachment-5942\" class=\"wp-caption-text\">Jacek Zygmunt, Nagroda Honorowa (Super Express)<\/p><\/div>\n<div id=\"attachment_5941\" style=\"width: 600px\" class=\"wp-caption alignleft\"><a href=\"http:\/\/www.spak.art.pl\/wp-content\/uploads\/2019\/02\/Stankiewicz-Miroslaw_nagroda-SPAK.jpg\"><img loading=\"lazy\" decoding=\"async\" aria-describedby=\"caption-attachment-5941\" class=\"size-full wp-image-5941\" title=\"Stankiewicz Miroslaw_nagroda SPAK\" src=\"http:\/\/www.spak.art.pl\/wp-content\/uploads\/2019\/02\/Stankiewicz-Miroslaw_nagroda-SPAK.jpg\" alt=\"\" width=\"600\" height=\"458\" srcset=\"http:\/\/www.spak.art.pl\/wp-content\/uploads\/2019\/02\/Stankiewicz-Miroslaw_nagroda-SPAK.jpg 600w, http:\/\/www.spak.art.pl\/wp-content\/uploads\/2019\/02\/Stankiewicz-Miroslaw_nagroda-SPAK-300x229.jpg 300w\" sizes=\"auto, (max-width: 600px) 100vw, 600px\" \/><\/a><p id=\"caption-attachment-5941\" class=\"wp-caption-text\">Miros\u0142aw Stankiewicz, Nagroda SPAK (Angora)<\/p><\/div>\n","protected":false},"excerpt":{"rendered":"<p>&nbsp; &nbsp; &nbsp; &nbsp; &nbsp; &nbsp; &nbsp; &nbsp; &nbsp; &nbsp; &nbsp; &nbsp; &nbsp; &nbsp; &nbsp; &nbsp; &nbsp; &nbsp; &nbsp; &nbsp; &nbsp; &nbsp; Celem Og\u00f3lnopolskiego konkursu na rysunek prasowy im. Aleksandra Wo\u0142osa jest nagrodzenie autor\u00f3w najlepszych prac w 2018 roku i zwr\u00f3cenie uwagi na znaczenie rysunku prasowego, kt\u00f3ry mo\u017ce by\u0107 komentarzem politycznym, spo\u0142ecznym b\u0105d\u017a sportowym,\u00a0 tworzy\u0107 &hellip; <\/p>\n<p><a class=\"more-link btn\" href=\"http:\/\/www.spak.art.pl\/?p=5937\">Kontynuuj czytanie<\/a><\/p>\n","protected":false},"author":1,"featured_media":0,"comment_status":"closed","ping_status":"closed","sticky":false,"template":"","format":"standard","meta":{"ngg_post_thumbnail":0,"footnotes":""},"categories":[9],"tags":[],"class_list":["post-5937","post","type-post","status-publish","format-standard","hentry","category-aktualnosci","nodate","item-wrap"],"_links":{"self":[{"href":"http:\/\/www.spak.art.pl\/index.php?rest_route=\/wp\/v2\/posts\/5937","targetHints":{"allow":["GET"]}}],"collection":[{"href":"http:\/\/www.spak.art.pl\/index.php?rest_route=\/wp\/v2\/posts"}],"about":[{"href":"http:\/\/www.spak.art.pl\/index.php?rest_route=\/wp\/v2\/types\/post"}],"author":[{"embeddable":true,"href":"http:\/\/www.spak.art.pl\/index.php?rest_route=\/wp\/v2\/users\/1"}],"replies":[{"embeddable":true,"href":"http:\/\/www.spak.art.pl\/index.php?rest_route=%2Fwp%2Fv2%2Fcomments&post=5937"}],"version-history":[{"count":4,"href":"http:\/\/www.spak.art.pl\/index.php?rest_route=\/wp\/v2\/posts\/5937\/revisions"}],"predecessor-version":[{"id":5953,"href":"http:\/\/www.spak.art.pl\/index.php?rest_route=\/wp\/v2\/posts\/5937\/revisions\/5953"}],"wp:attachment":[{"href":"http:\/\/www.spak.art.pl\/index.php?rest_route=%2Fwp%2Fv2%2Fmedia&parent=5937"}],"wp:term":[{"taxonomy":"category","embeddable":true,"href":"http:\/\/www.spak.art.pl\/index.php?rest_route=%2Fwp%2Fv2%2Fcategories&post=5937"},{"taxonomy":"post_tag","embeddable":true,"href":"http:\/\/www.spak.art.pl\/index.php?rest_route=%2Fwp%2Fv2%2Ftags&post=5937"}],"curies":[{"name":"wp","href":"https:\/\/api.w.org\/{rel}","templated":true}]}}