{"id":6083,"date":"2019-04-26T10:11:12","date_gmt":"2019-04-26T10:11:12","guid":{"rendered":"http:\/\/www.spak.art.pl\/?p=6083"},"modified":"2019-04-26T10:11:12","modified_gmt":"2019-04-26T10:11:12","slug":"32-lata-temu-powstal-spak","status":"publish","type":"post","link":"http:\/\/www.spak.art.pl\/?p=6083","title":{"rendered":"32 lata temu powsta\u0142 SPAK"},"content":{"rendered":"<p><a href=\"http:\/\/www.spak.art.pl\/wp-content\/uploads\/2019\/04\/spak-informator.jpg\"><img loading=\"lazy\" decoding=\"async\" class=\"alignleft size-full wp-image-6084\" title=\"spak informator\" src=\"http:\/\/www.spak.art.pl\/wp-content\/uploads\/2019\/04\/spak-informator.jpg\" alt=\"\" width=\"500\" height=\"712\" srcset=\"http:\/\/www.spak.art.pl\/wp-content\/uploads\/2019\/04\/spak-informator.jpg 500w, http:\/\/www.spak.art.pl\/wp-content\/uploads\/2019\/04\/spak-informator-210x300.jpg 210w\" sizes=\"auto, (max-width: 500px) 100vw, 500px\" \/><\/a>Dok\u0142adnie 32 lata temu powsta\u0142 SPAK (Stowarzyszenie Polskich Artyst\u00f3w Karykatury).<\/p>\n<p>\u201e[&#8230;] W dniu 26 kwietnia 1987 roku w go\u015bcinnie u\u017cyczonej przez ZLP sali w Domu Literatury odby\u0142o si\u0119 pierwsze walne zebranie, zatwierdzono statut, wybrano zarz\u0105d, ustalono plan pracy. Zarz\u0105d z\u0142o\u017cony z przedstawicieli wszystkich wi\u0119kszych o\u015brodk\u00f3w zabra\u0142 si\u0119 ra\u017ano do pracy [\u2026].\u201d<\/p>\n<p>Eryk Lipi\u0144ski<br \/>\n(ze wst\u0119pu do katalogu I SALONU SPAK)<\/p>\n<p>***<br \/>\nStrona tytu\u0142owa \u201eInformatora SPAK\u201d z 1989 roku (rys. Jacek Frankowski).<\/p>\n<p><em>(Info: Muzeum Karykatury)<\/em><\/p>\n","protected":false},"excerpt":{"rendered":"<p>Dok\u0142adnie 32 lata temu powsta\u0142 SPAK (Stowarzyszenie Polskich Artyst\u00f3w Karykatury). \u201e[&#8230;] W dniu 26 kwietnia 1987 roku w go\u015bcinnie u\u017cyczonej przez ZLP sali w Domu Literatury odby\u0142o si\u0119 pierwsze walne zebranie, zatwierdzono statut, wybrano zarz\u0105d, ustalono plan pracy. Zarz\u0105d z\u0142o\u017cony z przedstawicieli wszystkich wi\u0119kszych o\u015brodk\u00f3w zabra\u0142 si\u0119 ra\u017ano do pracy [\u2026].\u201d Eryk Lipi\u0144ski (ze wst\u0119pu &hellip; <\/p>\n<p><a class=\"more-link btn\" href=\"http:\/\/www.spak.art.pl\/?p=6083\">Kontynuuj czytanie<\/a><\/p>\n","protected":false},"author":1,"featured_media":0,"comment_status":"closed","ping_status":"closed","sticky":false,"template":"","format":"standard","meta":{"ngg_post_thumbnail":0,"footnotes":""},"categories":[9],"tags":[],"class_list":["post-6083","post","type-post","status-publish","format-standard","hentry","category-aktualnosci","nodate","item-wrap"],"_links":{"self":[{"href":"http:\/\/www.spak.art.pl\/index.php?rest_route=\/wp\/v2\/posts\/6083","targetHints":{"allow":["GET"]}}],"collection":[{"href":"http:\/\/www.spak.art.pl\/index.php?rest_route=\/wp\/v2\/posts"}],"about":[{"href":"http:\/\/www.spak.art.pl\/index.php?rest_route=\/wp\/v2\/types\/post"}],"author":[{"embeddable":true,"href":"http:\/\/www.spak.art.pl\/index.php?rest_route=\/wp\/v2\/users\/1"}],"replies":[{"embeddable":true,"href":"http:\/\/www.spak.art.pl\/index.php?rest_route=%2Fwp%2Fv2%2Fcomments&post=6083"}],"version-history":[{"count":2,"href":"http:\/\/www.spak.art.pl\/index.php?rest_route=\/wp\/v2\/posts\/6083\/revisions"}],"predecessor-version":[{"id":6086,"href":"http:\/\/www.spak.art.pl\/index.php?rest_route=\/wp\/v2\/posts\/6083\/revisions\/6086"}],"wp:attachment":[{"href":"http:\/\/www.spak.art.pl\/index.php?rest_route=%2Fwp%2Fv2%2Fmedia&parent=6083"}],"wp:term":[{"taxonomy":"category","embeddable":true,"href":"http:\/\/www.spak.art.pl\/index.php?rest_route=%2Fwp%2Fv2%2Fcategories&post=6083"},{"taxonomy":"post_tag","embeddable":true,"href":"http:\/\/www.spak.art.pl\/index.php?rest_route=%2Fwp%2Fv2%2Ftags&post=6083"}],"curies":[{"name":"wp","href":"https:\/\/api.w.org\/{rel}","templated":true}]}}