{"id":6094,"date":"2019-05-21T19:54:05","date_gmt":"2019-05-21T19:54:05","guid":{"rendered":"http:\/\/www.spak.art.pl\/?p=6094"},"modified":"2019-05-21T19:54:05","modified_gmt":"2019-05-21T19:54:05","slug":"nie-moje-zwierzaki-kolaczka","status":"publish","type":"post","link":"http:\/\/www.spak.art.pl\/?p=6094","title":{"rendered":"(nie) moje ZWIERZAKI Ko\u0142aczka"},"content":{"rendered":"<p style=\"text-align: left;\"><strong>W parku im. Jacka Kuronia w Sosnowcu, od ko\u0144ca kwietnia<\/strong> jest eksponowana plenerowa wystawa rysunku satyrycznego ,,(nie) moje ZWIERZAKI\u201d <strong>Zbigniewa Ko\u0142aczka<\/strong>. Organizatorem ekspozycji s\u0105: MDK Sosnowiec i MZUK Sosnowiec Mini-ZOO. Ekspozycja potrwa <strong>do czerwca b.r.<\/strong><\/p>\n<p style=\"text-align: left;\">\u00a0Wystawa ,,(nie) moje ZWIERZAKI\u201d jest wyborem prac, kt\u00f3rych tematem s\u0105 zwierz\u0119ta zar\u00f3wno te dzikie, jak i oswojone, w szczeg\u00f3lno\u015bci te domowe. Stanowi\u0105 one niewyczerpane \u017ar\u00f3d\u0142o inspiracji, mo\u017ce nawet wi\u0119ksze ni\u017c gatunek ludzki. Wi\u0119kszo\u015b\u0107 ilustracji o charakterze satyrycznym by\u0142a wcze\u015bniej prezentowana na przer\u00f3\u017cnych wystawach, zar\u00f3wno w kraju jak i zagranic\u0105. Warto tu wspomnie\u0107 cho\u0107by coroczne, plenerowe ekspozycje w belgradzkim ZOO, organizowane w ramach International Contest ,,ANIMALCARTOON\u201d.\u00a0 \u00a0 \u00a0 \u00a0 \u00a0 \u00a0 \u00a0 \u00a0 \u00a0 Sosnowiecka wystawa jest pr\u00f3b\u0105 innego, \u017cartobliwego spojrzenia na naszych ,,braci mniejszych\u201d.<\/p>\n<p style=\"text-align: left;\"><a href=\"http:\/\/www.spak.art.pl\/wp-content\/uploads\/2019\/05\/Ko\u0142aczek_Sosnowiec_PLAKAT1.jpg\"><img loading=\"lazy\" decoding=\"async\" class=\"alignleft size-full wp-image-6096\" title=\"Ko\u0142aczek_Sosnowiec_PLAKAT\" src=\"http:\/\/www.spak.art.pl\/wp-content\/uploads\/2019\/05\/Ko\u0142aczek_Sosnowiec_PLAKAT1.jpg\" alt=\"\" width=\"400\" height=\"571\" srcset=\"http:\/\/www.spak.art.pl\/wp-content\/uploads\/2019\/05\/Ko\u0142aczek_Sosnowiec_PLAKAT1.jpg 400w, http:\/\/www.spak.art.pl\/wp-content\/uploads\/2019\/05\/Ko\u0142aczek_Sosnowiec_PLAKAT1-210x300.jpg 210w\" sizes=\"auto, (max-width: 400px) 100vw, 400px\" \/><\/a><a href=\"http:\/\/www.spak.art.pl\/wp-content\/uploads\/2019\/05\/2018_Sosnowiec_Park_2.jpg\"><img loading=\"lazy\" decoding=\"async\" class=\"alignleft size-full wp-image-6097\" title=\"2018_Sosnowiec_Park_2\" src=\"http:\/\/www.spak.art.pl\/wp-content\/uploads\/2019\/05\/2018_Sosnowiec_Park_2.jpg\" alt=\"\" width=\"500\" height=\"353\" srcset=\"http:\/\/www.spak.art.pl\/wp-content\/uploads\/2019\/05\/2018_Sosnowiec_Park_2.jpg 500w, http:\/\/www.spak.art.pl\/wp-content\/uploads\/2019\/05\/2018_Sosnowiec_Park_2-300x211.jpg 300w\" sizes=\"auto, (max-width: 500px) 100vw, 500px\" \/><\/a><a href=\"http:\/\/www.spak.art.pl\/wp-content\/uploads\/2019\/05\/2019_Sosnowiec_Park-5.jpg\"><img loading=\"lazy\" decoding=\"async\" class=\"alignleft size-full wp-image-6098\" title=\"2019_Sosnowiec_Park 5\" src=\"http:\/\/www.spak.art.pl\/wp-content\/uploads\/2019\/05\/2019_Sosnowiec_Park-5.jpg\" alt=\"\" width=\"500\" height=\"331\" srcset=\"http:\/\/www.spak.art.pl\/wp-content\/uploads\/2019\/05\/2019_Sosnowiec_Park-5.jpg 500w, http:\/\/www.spak.art.pl\/wp-content\/uploads\/2019\/05\/2019_Sosnowiec_Park-5-300x198.jpg 300w\" sizes=\"auto, (max-width: 500px) 100vw, 500px\" \/><\/a><\/p>\n","protected":false},"excerpt":{"rendered":"<p>W parku im. Jacka Kuronia w Sosnowcu, od ko\u0144ca kwietnia jest eksponowana plenerowa wystawa rysunku satyrycznego ,,(nie) moje ZWIERZAKI\u201d Zbigniewa Ko\u0142aczka. Organizatorem ekspozycji s\u0105: MDK Sosnowiec i MZUK Sosnowiec Mini-ZOO. Ekspozycja potrwa do czerwca b.r. \u00a0Wystawa ,,(nie) moje ZWIERZAKI\u201d jest wyborem prac, kt\u00f3rych tematem s\u0105 zwierz\u0119ta zar\u00f3wno te dzikie, jak i oswojone, w szczeg\u00f3lno\u015bci te &hellip; <\/p>\n<p><a class=\"more-link btn\" href=\"http:\/\/www.spak.art.pl\/?p=6094\">Kontynuuj czytanie<\/a><\/p>\n","protected":false},"author":1,"featured_media":0,"comment_status":"closed","ping_status":"closed","sticky":false,"template":"","format":"standard","meta":{"ngg_post_thumbnail":0,"footnotes":""},"categories":[9],"tags":[],"class_list":["post-6094","post","type-post","status-publish","format-standard","hentry","category-aktualnosci","nodate","item-wrap"],"_links":{"self":[{"href":"http:\/\/www.spak.art.pl\/index.php?rest_route=\/wp\/v2\/posts\/6094","targetHints":{"allow":["GET"]}}],"collection":[{"href":"http:\/\/www.spak.art.pl\/index.php?rest_route=\/wp\/v2\/posts"}],"about":[{"href":"http:\/\/www.spak.art.pl\/index.php?rest_route=\/wp\/v2\/types\/post"}],"author":[{"embeddable":true,"href":"http:\/\/www.spak.art.pl\/index.php?rest_route=\/wp\/v2\/users\/1"}],"replies":[{"embeddable":true,"href":"http:\/\/www.spak.art.pl\/index.php?rest_route=%2Fwp%2Fv2%2Fcomments&post=6094"}],"version-history":[{"count":3,"href":"http:\/\/www.spak.art.pl\/index.php?rest_route=\/wp\/v2\/posts\/6094\/revisions"}],"predecessor-version":[{"id":6101,"href":"http:\/\/www.spak.art.pl\/index.php?rest_route=\/wp\/v2\/posts\/6094\/revisions\/6101"}],"wp:attachment":[{"href":"http:\/\/www.spak.art.pl\/index.php?rest_route=%2Fwp%2Fv2%2Fmedia&parent=6094"}],"wp:term":[{"taxonomy":"category","embeddable":true,"href":"http:\/\/www.spak.art.pl\/index.php?rest_route=%2Fwp%2Fv2%2Fcategories&post=6094"},{"taxonomy":"post_tag","embeddable":true,"href":"http:\/\/www.spak.art.pl\/index.php?rest_route=%2Fwp%2Fv2%2Ftags&post=6094"}],"curies":[{"name":"wp","href":"https:\/\/api.w.org\/{rel}","templated":true}]}}