{"id":61,"date":"2012-03-08T10:19:02","date_gmt":"2012-03-08T10:19:02","guid":{"rendered":"http:\/\/www.atelier-a3.pl\/spak\/?p=61"},"modified":"2026-03-17T09:28:14","modified_gmt":"2026-03-17T09:28:14","slug":"aktualnosci","status":"publish","type":"post","link":"http:\/\/www.spak.art.pl\/?p=61","title":{"rendered":"Aktualno\u015bci"},"content":{"rendered":"<h1 class=\"post-title entry-title\" style=\"text-align: left;\"><a href=\"https:\/\/www.spak.art.pl\/?p=9154\">Czekamy na KARYKATURZYST\u00d3W! \u2013 plener w Legionowie<\/a><\/h1>\n<h1 class=\"post-title entry-title\"><a href=\"https:\/\/www.spak.art.pl\/?p=9140\">PODOBNY J\u0118ZYK, TEN SAM \u015aMIECH czyli Sadurski i Zalepa w Bratys\u0142awie<\/a><\/h1>\n<h1 class=\"post-title entry-title\"><a href=\"https:\/\/www.spak.art.pl\/?p=9130\">Zmar\u0142 J\u00f3zef Jurczyszyn<\/a><\/h1>\n<h1 class=\"post-title entry-title\"><a href=\"https:\/\/www.spak.art.pl\/?p=9117\">Premiera Opolskiego Salonu Satyry \u201cOSSa\u201926<\/a><\/h1>\n<h1 class=\"post-title entry-title\"><a href=\"https:\/\/www.spak.art.pl\/?p=9111\">Zbigniew Ko\u0142aczek z nagrod\u0105 ministra kultury<\/a><\/h1>\n<h1 class=\"post-title entry-title\"><a href=\"https:\/\/www.spak.art.pl\/?p=9103\">Nowa galeria satyry w Jaros\u0142awiu<\/a><\/h1>\n<h1 class=\"post-title entry-title\"><a href=\"https:\/\/www.spak.art.pl\/?p=9092\">\u017byrard\u00f3w oczami satyryk\u00f3w<\/a><\/h1>\n<h1 class=\"post-title entry-title\"><a href=\"https:\/\/www.spak.art.pl\/?p=9087\">PROTEST<\/a><\/h1>\n<h1 class=\"post-title entry-title\"><a href=\"https:\/\/www.spak.art.pl\/?p=9081\">Karykaturzy\u015bci na 34. finale WO\u015aP<\/a><\/h1>\n<h1 class=\"post-title entry-title\"><a href=\"https:\/\/www.spak.art.pl\/?p=9073\">Czes\u0142aw Prz\u0119zak wyr\u00f3\u017cniony w Portugalii<\/a><\/h1>\n<h1 class=\"post-title entry-title\"><a href=\"https:\/\/www.spak.art.pl\/?p=9067\">\u201eDEMON-KRACJA\u201d wg Cebuli \u2013 wernisa\u017c<\/a><\/h1>\n<h1 class=\"post-title entry-title\"><a href=\"https:\/\/www.spak.art.pl\/?p=9061\">WO\u0141OS I SP\u00d3\u0141KA W BIELSKU-BIA\u0141EJ<\/a><\/h1>\n<h1 class=\"post-title entry-title\"><a href=\"https:\/\/www.spak.art.pl\/?p=9056\">XIV Aukcja Sztuki Druch Atelier w ramach 34. Fina\u0142u WO\u015aP<\/a><\/h1>\n<h1 class=\"post-title entry-title\"><a href=\"https:\/\/www.spak.art.pl\/?p=9050\">MATKI KARYKATURY \u2013 nowa strona<\/a><\/h1>\n<h1 class=\"post-title entry-title\"><a href=\"https:\/\/www.spak.art.pl\/?p=9041\">Plan dzia\u0142a\u0144 SPAK na lata 2026 \u2013 2028<\/a><\/h1>\n<h1 class=\"post-title entry-title\"><a href=\"https:\/\/www.spak.art.pl\/?p=9036\">Dwie wystawy pokonkursowe \u2013 konkurs im. A. Wo\u0142osa<\/a><\/h1>\n<h1 class=\"post-title entry-title\"><a href=\"https:\/\/www.spak.art.pl\/?p=9025\">Nowy Zarz\u0105d SPAK<\/a><\/h1>\n<h1 class=\"post-title entry-title\"><a href=\"https:\/\/www.spak.art.pl\/?p=9019\">Anna Markiewicz z nagrod\u0105 za Chopina<\/a><\/h1>\n<h1 class=\"post-title entry-title\"><a href=\"https:\/\/www.spak.art.pl\/?p=9008\">Urodziny RATMANA Tomka Niewiadomskiego \u2013 fotorelacja<\/a><\/h1>\n<h1 class=\"post-title entry-title\"><a href=\"https:\/\/www.spak.art.pl\/?p=8999\">Szostak nagrodzony w Los Angeles<\/a><\/h1>\n<h1 class=\"post-title entry-title\"><a href=\"https:\/\/www.spak.art.pl\/?p=8993\">Rzeczywisto\u015b\u0107&nbsp;w krzywym zwierciadle \u2013 \u00c0 propos Henryka Derwicha \u2013 wystawa w Lesznie<\/a><\/h1>\n<h1 class=\"post-title entry-title\"><a href=\"https:\/\/www.spak.art.pl\/?p=8988\">Bal w kratki i kreski czyli Niewiadomski w Lublinie<\/a><\/h1>\n<h1 class=\"post-title entry-title\"><a href=\"https:\/\/www.spak.art.pl\/?p=8978\">WALNE ZEBRANIE SPAK \u2013 2025<\/a><\/h1>\n<h1 class=\"post-title entry-title\"><a href=\"https:\/\/www.spak.art.pl\/?p=8971\">\u201eHa-Ga. \u017bycie towarzysko-rysunkowe\u201d w Muzeum Karykatury<\/a><\/h1>\n<h1 class=\"post-title entry-title\"><a href=\"https:\/\/www.spak.art.pl\/?p=8964\">Konkursu z cyklu \u201eA propos Derwicha\u201d rozstrzygni\u0119ty<\/a><\/h1>\n<h1 class=\"post-title entry-title\"><a href=\"https:\/\/www.spak.art.pl\/?p=8957\">BARTEK BELNIAK NA BIS W BIELSKU-BIA\u0141EJ<\/a><\/h1>\n<h1 class=\"post-title entry-title\"><a href=\"https:\/\/www.spak.art.pl\/?p=8953\">Wernisa\u017c w Olecku<\/a><\/h1>\n<h1 class=\"post-title entry-title\"><a href=\"https:\/\/www.spak.art.pl\/?p=8944\">XXIII Mi\u0119dzynarodowy Konkurs Rysunku Satyrycznego \u201eKarpik\u201d 2025 rozstrzygni\u0119ty<\/a><\/h1>\n<h1 class=\"post-title entry-title\"><a href=\"https:\/\/www.spak.art.pl\/?p=8931\">FAKE NEWS \u2013 finisa\u017c wystawy pokonkursowej<\/a><\/h1>\n<h1 class=\"post-title entry-title\"><a href=\"https:\/\/www.spak.art.pl\/?p=8923\">Satyryczny komentarz w obrazach \u2013 wystawa Marka Kwiatkowskiego<\/a><\/h1>\n<h1 class=\"post-title entry-title\"><a href=\"https:\/\/www.spak.art.pl\/?p=8915\">SATYRA W TARNOWIE<\/a><\/h1>\n<h1 class=\"post-title entry-title\"><a href=\"https:\/\/www.spak.art.pl\/?p=8906\">XIII Jurajski Plener Karykaturzyst\u00f3w<\/a><\/h1>\n<h1 class=\"post-title entry-title\"><a href=\"https:\/\/www.spak.art.pl\/?p=8899\">Wystawa Marka Kwiatkowskiego w Olsztynie<\/a><\/h1>\n<h1 class=\"post-title entry-title\"><a href=\"https:\/\/www.spak.art.pl\/?p=8896\">Kreski garbate Waldemara Ruk\u015bcia<\/a><\/h1>\n<h1 class=\"post-title entry-title\"><a href=\"https:\/\/www.spak.art.pl\/?p=8876\">Rysunki prasowe w W\u0105chocku, Olsztynie i Rynie<\/a><\/h1>\n<h1 class=\"post-title entry-title\"><a href=\"https:\/\/www.spak.art.pl\/?p=8869\">Satyrycy na BIA\u0141OGARD COMIC CON 2025<\/a><\/h1>\n<h1 class=\"post-title entry-title\"><a href=\"https:\/\/www.spak.art.pl\/?p=8847\">XX MORKA \u2013 fotorelacja<\/a><\/h1>\n<h1 class=\"post-title entry-title\"><a href=\"https:\/\/www.spak.art.pl\/?p=8830\">Gala fina\u0142owa Mi\u0119dzynarodowego Konkursu na Rysunek Satyryczny DINOSAURS. Still alive? \u2013 fotorelacja<\/a><\/h1>\n<h1 class=\"post-title entry-title\"><a href=\"https:\/\/www.spak.art.pl\/?p=8826\">Dinozaury. Ci\u0105gle \u017cywe? \u2013 wystawa prac<\/a><\/h1>\n<h1 class=\"post-title entry-title\"><a href=\"https:\/\/www.spak.art.pl\/?p=8821\">Gmina Ustronie Morskie&nbsp;zn\u00f3w stolic\u0105 humoru \u2013 20. MORKA<\/a><\/h1>\n<h1 class=\"post-title entry-title\"><a href=\"https:\/\/www.spak.art.pl\/?p=8817\">Ju\u017c wkr\u00f3tce Dni Mr\u0105gowa (27-29 czerwca)<\/a><\/h1>\n<h1 class=\"post-title entry-title\"><a href=\"https:\/\/www.spak.art.pl\/?p=8811\">Kreska rzeczywisto\u015bci \u2013 relacja z Gali Karykatury 2025 w Muzeum Karykatury im. Eryka&nbsp;Lipi\u0144skiego<\/a><\/h1>\n<h1 class=\"post-title entry-title\"><a href=\"https:\/\/www.spak.art.pl\/?p=8808\">Cebula i Gliwa w Poraju<\/a><\/h1>\n<h1 class=\"post-title entry-title\"><a href=\"https:\/\/www.spak.art.pl\/?p=8786\">Czes\u0142aw Prz\u0119zak \u2013 50 lat rysowania \u2013 fotorelacja<\/a><\/h1>\n<h1 class=\"post-title entry-title\"><a href=\"https:\/\/www.spak.art.pl\/?p=8779\">50 lat tw\u00f3rczo\u015bci Czes\u0142awa Prz\u0119zaka \u2013 wernisa\u017c wystawy<\/a><\/h1>\n<h1 class=\"post-title entry-title\"><a href=\"https:\/\/www.spak.art.pl\/?p=8775\">Wernisa\u017c wystawy pokonkursowej VII Og\u00f3lnopolskiego Konkursu na Rysunek Prasowy im. Aleksandra Wo\u0142osa w&nbsp;Olsztynie<\/a><\/h1>\n<h1 class=\"post-title entry-title\"><a href=\"https:\/\/www.spak.art.pl\/?p=8767\">Satyrycy na Pozna\u0144skim Festiwalu Sztuki Komiksowej<\/a><\/h1>\n<h1 class=\"post-title entry-title\"><a href=\"https:\/\/www.spak.art.pl\/?p=8759\">WYNIKI XXXI MI\u0118DZYNARODOWEGO KONKURSU \u201eZLATY SUDOK 2025\u201d<\/a><\/h1>\n<h1 class=\"post-title entry-title\"><a href=\"https:\/\/www.spak.art.pl\/?p=8755\">VII Og\u00f3lnopolski Konkurs na Rysunek Prasowy im. Aleksandra Wo\u0142osa \u2013 wystawa w Olsztynie<\/a><\/h1>\n<h1 class=\"post-title entry-title\"><a href=\"https:\/\/www.spak.art.pl\/?p=8742\">Konkurs\u201eDINOSAURS. Still alive?\u201d rozstrzygni\u0119ty<\/a><\/h1>\n<h1 class=\"post-title entry-title\"><a href=\"https:\/\/www.spak.art.pl\/?p=8737\">Karykaturzy\u015bci pomagaj\u0105<\/a><\/h1>\n<h1 class=\"post-title entry-title\"><a href=\"https:\/\/www.spak.art.pl\/?p=8732\">\u201eRysunki r\u00f3\u017cne\u2026\u201d Edwarda Lutczyna w Cz\u0119stochowie<\/a><\/h1>\n<h1 class=\"post-title entry-title\"><a href=\"https:\/\/www.spak.art.pl\/?p=8727\">Polacy w Preszowie<\/a><\/h1>\n<h1 class=\"post-title entry-title\"><a href=\"https:\/\/www.spak.art.pl\/?p=8705\">VII Og\u00f3lnopolski Konkurs na Rysunek Prasowy im. Aleksandra Wo\u0142osa zosta\u0142 rozstrzygni\u0119ty<\/a><\/h1>\n<h1 class=\"post-title entry-title\"><a href=\"https:\/\/www.spak.art.pl\/?p=8700\">Ach te baby \u2013 wystawa Ryszarda Kudziana<\/a><\/h1>\n<h1 class=\"post-title entry-title\"><a href=\"https:\/\/www.spak.art.pl\/?p=8686\">\u015awiaty r\u00f3wnoleg\u0142e Czapiewskiego \u2013 wystawa<\/a><\/h1>\n<h1 class=\"post-title entry-title\"><a href=\"https:\/\/www.spak.art.pl\/?p=8682\">Cebula w sanatorium \u2013 wystawa<\/a><\/h1>\n<h1 class=\"post-title entry-title\"><a href=\"https:\/\/www.spak.art.pl\/?p=8667\">Polacy nagrodzeni w Chinach<\/a><\/h1>\n<h1 class=\"post-title entry-title\"><a href=\"https:\/\/www.spak.art.pl\/?p=8653\">Ko\u0142aczek w\u015br\u00f3d ilustrator\u00f3w bajek Ignacego Krasickiego<\/a><\/h1>\n<h1 class=\"post-title entry-title\"><a href=\"https:\/\/www.spak.art.pl\/?p=8641\">Darek \u0141ab\u0119dzki \u2013 spotkanie autorskie, czyli promocja i rysowanie<\/a><\/h1>\n<h1 class=\"post-title entry-title\"><a href=\"https:\/\/www.spak.art.pl\/?p=8628\">Karpik 2024 \u2013 relacja<\/a><\/h1>\n<h1 class=\"post-title entry-title\"><a href=\"https:\/\/www.spak.art.pl\/?p=8624\">Mysyrowicz z Medalem \u201eZas\u0142u\u017cony Kulturze Gloria Artis\u201d<\/a><\/h1>\n<h1 class=\"post-title entry-title\"><a href=\"https:\/\/www.spak.art.pl\/?p=8617\">Jubileusz 20-lecia Galerii Stary Ratusz \u2013 Wystawa Aleksandra Wo\u0142osa w Olsztynie<\/a><\/h1>\n<h1 class=\"post-title entry-title\"><a href=\"https:\/\/www.spak.art.pl\/?p=8608\">P\u00f3\u0142 wieku satyry \u2013 Aleksander Wo\u0142os<\/a><\/h1>\n<h1 class=\"post-title entry-title\"><a href=\"https:\/\/www.spak.art.pl\/?p=8598\">ALEKSANDER WO\u0141OS \u2013 CH\u0141OPAK Z HO\u0141OWNA<\/a><\/h1>\n<h1 class=\"post-title entry-title\"><a href=\"https:\/\/www.spak.art.pl\/?p=8583\">Polacy w Saint-Just-le-Martel<\/a><\/h1>\n<h1 class=\"post-title entry-title\"><a href=\"https:\/\/www.spak.art.pl\/?p=8579\">Grigori Katz wygra\u0142 Karpika 2024<\/a><\/h1>\n<h1 class=\"post-title entry-title\"><a href=\"https:\/\/www.spak.art.pl\/?p=8571\">Wernisa\u017c Miros\u0142awa Hajnosa<\/a><\/h1>\n<h1 class=\"post-title entry-title\"><a href=\"https:\/\/www.spak.art.pl\/?p=8564\">Hajnos w Olsztynie<\/a><\/h1>\n<h1 class=\"post-title entry-title\"><a href=\"https:\/\/www.spak.art.pl\/?p=8547\">13. Weekend Satyry i Karykatury<\/a><\/h1>\n<h1 class=\"post-title entry-title\"><a href=\"https:\/\/www.spak.art.pl\/?p=8541\">Rysunek prasowy w Olecku<\/a><\/h1>\n<h1 class=\"post-title entry-title\"><a href=\"https:\/\/www.spak.art.pl\/?p=8532\">Karykaturzy\u015bci o Pikniku Country<\/a><\/h1>\n<h1 class=\"post-title entry-title\"><a href=\"https:\/\/www.spak.art.pl\/?p=8521\">26. Otwarty Mi\u0119dzynarodowy Konkurs na Rysunek Satyryczny rozstrzygni\u0119ty!<\/a><\/h1>\n<h1 class=\"post-title entry-title\"><a href=\"https:\/\/www.spak.art.pl\/?p=8495\">XIX Morka \u2013 relacja<\/a><\/h1>\n<h1 class=\"post-title entry-title\"><a href=\"https:\/\/www.spak.art.pl\/?p=8490\">MORKA po raz 19.<\/a><\/h1>\n<h1 class=\"post-title entry-title\"><a href=\"https:\/\/www.spak.art.pl\/?p=8479\">II Og\u00f3lnopolski Plener Rysunku Satyrycznego w Mr\u0105gowie \u2013 relacja<\/a><\/h1>\n<h1 class=\"post-title entry-title\"><a href=\"https:\/\/www.spak.art.pl\/?p=8466\">Karykatury polityczne w plenerze Muzeum Karykatury<\/a><\/h1>\n<h1 class=\"post-title entry-title\"><a href=\"https:\/\/www.spak.art.pl\/?p=8462\">Gapiszon w Lengren\u00f3wce<\/a><\/h1>\n<h1 class=\"post-title entry-title\"><a href=\"https:\/\/www.spak.art.pl\/?p=8455\">CZ\u0141OWIEK Z KOMIKSU w Gubinie<\/a><\/h1>\n<h1 class=\"post-title entry-title\"><a href=\"https:\/\/www.spak.art.pl\/?p=8435\">Wielka Gala Karykatury \u2013 fotorelacja<\/a><\/h1>\n<h1 class=\"post-title entry-title\"><a href=\"https:\/\/www.spak.art.pl\/?p=8424\">VI Korfantowski Plener Karykaturzyst\u00f3w \u2013 relacja<\/a><\/h1>\n<h1 class=\"post-title entry-title\"><a href=\"https:\/\/www.spak.art.pl\/?p=8417\">Wielka Gala Karykatury<\/a><\/h1>\n<h1 class=\"post-title entry-title\"><a href=\"https:\/\/www.spak.art.pl\/?p=8405\">Satyrycy na Pozna\u0144skim Festiwalu Sztuki Komiksowej<\/a><\/h1>\n<h1 class=\"post-title entry-title\"><a href=\"https:\/\/www.spak.art.pl\/?p=8397\">Wernisa\u017c w Olsztynie \u2013 fotorelacja<\/a><\/h1>\n<h1 class=\"post-title entry-title\"><a href=\"https:\/\/www.spak.art.pl\/?p=8392\">VI Korfantowski Nalot Karykaturzyst\u00f3w<\/a><\/h1>\n<h1 class=\"post-title entry-title\"><a href=\"https:\/\/www.spak.art.pl\/?p=8388\">VI Konkurs im. A. Wo\u0142osa \u2013 wystawa w Olsztynie<\/a><\/h1>\n<h1 class=\"post-title entry-title\"><a href=\"https:\/\/www.spak.art.pl\/?p=8367\">Micha\u0142 Graczyk w Bielsku-Bia\u0142ej \u2013 fotorelacja<\/a><\/h1>\n<h1 class=\"post-title entry-title\"><a href=\"https:\/\/www.spak.art.pl\/?p=8353\">Koledzy ze SPAK publikuj\u0105<\/a><\/h1>\n<h1 class=\"post-title entry-title\"><a href=\"https:\/\/www.spak.art.pl\/?p=8344&amp;preview=true\">Karykatury Dariusza \u0141ab\u0119dzkiego na benefisie Jerzego Hoffmana<\/a><\/h1>\n<h1 class=\"post-title entry-title\"><a href=\"https:\/\/www.spak.art.pl\/?p=8335\">Tomasz Niewiadomski na Krakowskim Festiwalu Komiksu \u2013 fotorelacja<\/a><\/h1>\n<h1 class=\"post-title entry-title\"><a href=\"https:\/\/www.spak.art.pl\/?p=8329\">Micha\u0142 Graczyk WRZUCI NA LUZ w Bielsku-Bia\u0142ej<\/a><\/h1>\n<h1 class=\"post-title entry-title\"><a href=\"https:\/\/www.spak.art.pl\/?p=8324\">Ratman Tomasza Niewiadomskiego na Krakowskim Festiwalu Komiksu<\/a><\/h1>\n<h1 class=\"post-title entry-title\"><a href=\"https:\/\/www.spak.art.pl\/?p=8307\">Hajnos wygra\u0142 konkurs im. A. Wo\u0142osa<\/a><\/h1>\n<h1 class=\"post-title entry-title\"><a href=\"https:\/\/www.spak.art.pl\/?p=8300\">Kuczy\u0144ski wygra\u0142 SATYRYKON<\/a><\/h1>\n<h1 class=\"post-title entry-title\"><a href=\"https:\/\/www.spak.art.pl\/?p=8293\">Wystawa Andrzej Willa w Muzeum Niepodleg\u0142o\u015bci<\/a><\/h1>\n<h1 class=\"post-title entry-title\"><a href=\"https:\/\/www.spak.art.pl\/?p=8280\">Belniak w Muzeum Narciarstwa<\/a><\/h1>\n<h1 class=\"post-title entry-title\"><a href=\"https:\/\/www.spak.art.pl\/?p=8275\">Wolne \u017carty. Humor lat 90<\/a><\/h1>\n<h1 class=\"post-title entry-title\"><a href=\"https:\/\/www.spak.art.pl\/?p=8271\">Roman KELBICH wygra\u0142 ZLAT\u00dd S\u00daDOK 2024<\/a><\/h1>\n<h1 class=\"post-title entry-title\"><a href=\"https:\/\/www.spak.art.pl\/?p=8252\">ILUSTRACJE TYLKO DLA DOROS\u0141YCH<\/a><\/h1>\n<h1 class=\"post-title entry-title\"><a href=\"https:\/\/www.spak.art.pl\/?p=8242&amp;preview=true\">Zmar\u0142 Witold Olejarz<\/a><\/h1>\n<h1 class=\"post-title entry-title\"><a href=\"https:\/\/www.spak.art.pl\/?p=8234\">Karykatury Maniuka w Bielsku Podlaskim<\/a><\/h1>\n<h1 class=\"post-title entry-title\"><a href=\"https:\/\/www.spak.art.pl\/?p=8229\">Rok pod kresk\u0105 w Muzeum Karykatury<\/a><\/h1>\n<h1 class=\"post-title entry-title\"><a href=\"https:\/\/www.spak.art.pl\/?p=8224\">O piwie i rybach w Starej Aptece<\/a><\/h1>\n<h1 class=\"post-title entry-title\"><a href=\"https:\/\/www.spak.art.pl\/?p=8217\">Copernicus Open we Fromborku<\/a><\/h1>\n<h1 class=\"post-title entry-title\"><a href=\"https:\/\/www.spak.art.pl\/?p=8212\">Koty i piwne g\u0142upoty w Starej Aptece<\/a><\/h1>\n<h1 class=\"post-title entry-title\"><a href=\"https:\/\/www.spak.art.pl\/?p=8207\">Ko\u0142aczek zdoby\u0142 Award for Excellence<\/a><\/h1>\n<h1 class=\"post-title entry-title\"><a href=\"https:\/\/www.spak.art.pl\/?p=8200\">VI OG\u00d3LNOPOLSKI KONKURS NA RYSUNEK PRASOWY IM. ALEKSANDRA WO\u0141OSA<\/a><\/h1>\n<h1 class=\"post-title entry-title\"><a href=\"https:\/\/www.spak.art.pl\/?p=8195\">SATYRYKON. SZKIC MA MOC \u2013 w Muzeum Karykatury<\/a><\/h1>\n<h1 class=\"post-title entry-title\"><a href=\"https:\/\/www.spak.art.pl\/?p=8186\">Satyrykon 2024 \u2013 regulamin konkrusu<\/a><\/h1>\n<h1 class=\"post-title entry-title\"><a href=\"https:\/\/www.spak.art.pl\/?p=8179\">Szumowski zdobywc\u0105 dw\u00f3ch pierwszych nagr\u00f3d<\/a><\/h1>\n<h1 class=\"post-title entry-title\"><a href=\"https:\/\/www.spak.art.pl\/?p=8175\">Rysunek prasowy w Olecku<\/a><\/h1>\n<h1 class=\"post-title entry-title\"><a href=\"http:\/\/www.spak.art.pl\/?p=8167\">Kopernik w satyrze \u2013 nowa wystawa w olszty\u0144skim planetarium<\/a><\/h1>\n<h1 class=\"post-title entry-title\"><a href=\"http:\/\/www.spak.art.pl\/?p=8158\">Polacy na wystawie w Alcala de Henares<\/a><\/h1>\n<h1 class=\"post-title entry-title\"><a href=\"http:\/\/www.spak.art.pl\/?p=8153\">Klaus Pitter wygra\u0142 Karpika 2023<\/a><\/h1>\n<h1 class=\"post-title entry-title\"><a href=\"http:\/\/www.spak.art.pl\/?p=8139\">Finisa\u017c w Zielonej G\u00f3rze \u2013 relacja<\/a><\/h1>\n<h1 class=\"post-title entry-title\"><a href=\"http:\/\/www.spak.art.pl\/?p=8131\">Bart\u0142omiej Belniak WRZUCI\u0141 NA LUZ w Bielsku-Bia\u0142ej\u2026<\/a><\/h1>\n<h1 class=\"post-title entry-title\"><a href=\"http:\/\/www.spak.art.pl\/?p=8117\">MORKA po raz XVII<\/a><\/h1>\n<h1 class=\"post-title entry-title\"><a href=\"http:\/\/www.spak.art.pl\/?p=8112\">Wystawa Chorwackiej Karykatury<\/a><\/h1>\n<h1 class=\"post-title entry-title\"><a href=\"http:\/\/www.spak.art.pl\/?p=8106\">Kuczy\u0144ski w Olsztynie \u2013 relacja<\/a><\/h1>\n<h1 class=\"post-title entry-title\"><a href=\"http:\/\/www.spak.art.pl\/?p=8101\">Kuczy\u0144ski w Olsztynie<\/a><\/h1>\n<h1 class=\"post-title entry-title\"><a href=\"http:\/\/www.spak.art.pl\/?p=8091\">XI JURAJSKI PLENER KARYKATURZYST\u00d3W \u2013 relacja<\/a><\/h1>\n<h1 class=\"post-title entry-title\"><a href=\"http:\/\/www.spak.art.pl\/?p=8086\">Kronika XL-lecia solidarno\u015bci wg Jacka Frankowskiego \u2013 wystawa<\/a><\/h1>\n<h1 class=\"post-title entry-title\"><a href=\"http:\/\/www.spak.art.pl\/?p=8081\">XII Weekend Satyry i Karykatury<\/a><\/h1>\n<h1 class=\"post-title entry-title\"><a href=\"http:\/\/www.spak.art.pl\/?p=8078\">Copernicus open we Fromborku<\/a><\/h1>\n<h1 class=\"post-title entry-title\"><a href=\"http:\/\/www.spak.art.pl\/?p=8074\">I cz\u0119\u015b\u0107 filmu o XV Plenerze Karykaturzyst\u00f3w<\/a><\/h1>\n<h1 class=\"post-title entry-title\"><a href=\"http:\/\/www.spak.art.pl\/?p=8070\">Przekr\u00f3j przez Mroza w Lengren\u00f3wce<\/a><\/h1>\n<h1 class=\"post-title entry-title\"><a href=\"http:\/\/www.spak.art.pl\/?p=8059\">Ko\u0142aczek go\u015bciem specjalnym wystawy w Rumunii<\/a><\/h1>\n<h1 class=\"post-title entry-title\"><a href=\"http:\/\/www.spak.art.pl\/?p=8054\">Rysunki prasowe w Mr\u0105gowie<\/a><\/h1>\n<h1 class=\"post-title entry-title\"><a href=\"http:\/\/www.spak.art.pl\/?p=8048\">Butenko w Muzeum Karykatury<\/a><\/h1>\n<h1 class=\"post-title entry-title\"><a href=\"http:\/\/www.spak.art.pl\/?p=8041\">Nie \u017cyje Zuzanna Mysyrowicz<\/a><\/h1>\n<h1 class=\"post-title entry-title\"><a href=\"http:\/\/www.spak.art.pl\/?p=8034\">Ilya Katz wygra\u0142 w Zielonej G\u00f3rze<\/a><\/h1>\n<h1 class=\"post-title entry-title\"><a href=\"http:\/\/www.spak.art.pl\/?p=8024\">Grand Prix Zbigniewa Ko\u0142aczka<\/a><\/h1>\n<h1 class=\"post-title entry-title\"><a href=\"http:\/\/www.spak.art.pl\/?p=8003\">Copernicus Open w Warszawie<\/a><\/h1>\n<h1 class=\"post-title entry-title\"><a href=\"http:\/\/www.spak.art.pl\/?p=7993\">Plener satyryk\u00f3w w Mr\u0105gowie \u2013 relacja<\/a><\/h1>\n<h1 class=\"post-title entry-title\"><a href=\"http:\/\/www.spak.art.pl\/?p=7973\">Nowy komiks Tomasza Niewiadomskiego<\/a><\/h1>\n<h1 class=\"post-title entry-title\"><a href=\"http:\/\/www.spak.art.pl\/?p=7964\">Pi\u0119\u0107 lat konkursu na rysunek prasowy im Aleksandra Wo\u0142osa \u2013 relacja z wernisa\u017cu<\/a><\/h1>\n<h1 class=\"post-title entry-title\"><a href=\"http:\/\/www.spak.art.pl\/?p=7952\">Mi\u0119dzynarodowy Plener Satyryczny \u201eW krzywym zwierciadle\u201d \u2013 relacja<\/a><\/h1>\n<h1 class=\"post-title entry-title\"><a href=\"http:\/\/www.spak.art.pl\/?p=7944\">Kazimierz Grus \u2013 dokument o wybitnym karykaturzy\u015bcie<\/a><\/h1>\n<h1 class=\"post-title entry-title\"><a href=\"http:\/\/www.spak.art.pl\/?p=7940\">Rysunki konkursowe w Muzeum Karykatury<\/a><\/h1>\n<h1 class=\"post-title entry-title\"><a href=\"http:\/\/www.spak.art.pl\/?p=7932\">Rysunki prasowe w Olsztynie i \u015awi\u0105tkach<\/a><\/h1>\n<h1 class=\"post-title entry-title\"><a href=\"http:\/\/www.spak.art.pl\/?p=7923\">Rysownicy ze SPAK na festiwalu komiksu<\/a><\/h1>\n<h1 class=\"post-title entry-title\"><a href=\"http:\/\/www.spak.art.pl\/?p=7917\">Konkurs im. Wo\u0142osa \u2013 wystawy w Olsztynie i \u015awi\u0105tkach<\/a><\/h1>\n<h1 class=\"post-title entry-title\"><a href=\"http:\/\/www.spak.art.pl\/?p=7912\">W krzywym zwierciadle \u2013 plener w Gubinie<\/a><\/h1>\n<h1 class=\"post-title entry-title\"><a href=\"http:\/\/www.spak.art.pl\/?p=7900\">ZLAT\u00dd S\u00daDOK 2023 \u2013 fotorelacja<\/a><\/h1>\n<h1 class=\"post-title entry-title\"><a href=\"http:\/\/www.spak.art.pl\/?p=7891\">Nowy konkurs w Zielonej G\u00f3rze<\/a><\/h1>\n<h1 class=\"post-title entry-title\"><a href=\"http:\/\/www.spak.art.pl\/?p=7873\">Kuczy\u0144ski wygra\u0142 Konkurs na Rysunek Prasowy im. Aleksandra Wo\u0142osa<\/a><\/h1>\n<h1 class=\"post-title entry-title\"><a href=\"http:\/\/www.spak.art.pl\/?p=7867\">Znani podr\u00f3\u017cnicy w karykaturze<\/a><\/h1>\n<h1 class=\"post-title entry-title\"><a href=\"http:\/\/www.spak.art.pl\/?p=7862\">Wystawy z okazji 45-lecia Muzeum Karykatury<\/a><\/h1>\n<h1 class=\"post-title entry-title\"><a href=\"http:\/\/www.spak.art.pl\/?p=7857\">Zmar\u0142 Ivan Hanousek<\/a><\/h1>\n<h1 class=\"post-title entry-title\"><a href=\"http:\/\/www.spak.art.pl\/?p=7851\">Polacy w Vianden<\/a><\/h1>\n<h1 class=\"post-title entry-title\"><a href=\"http:\/\/www.spak.art.pl\/?p=7844\">Wyniki konkursu ZLAT\u00dd S\u00daDOK 2023<\/a><\/h1>\n<h1 class=\"post-title entry-title\"><a href=\"http:\/\/www.spak.art.pl\/?p=7834\">Rysunki Mrowi\u0144skiego w St\u0119szewie<\/a><\/h1>\n<h1 class=\"post-title entry-title\"><a href=\"http:\/\/www.spak.art.pl\/?p=7831\">Relacja filmowa z Mazurkasa<\/a><\/h1>\n<h1 class=\"post-title entry-title\"><a href=\"http:\/\/www.spak.art.pl\/?p=7825\">Cebula i inni &#8211; wystawa w Try\u0144czy<\/a><\/h1>\n<h1 class=\"post-title entry-title\"><a href=\"http:\/\/www.spak.art.pl\/?p=7816\">PLENERY SPAK \u2013 maj\/czerwiec 2023<\/a><\/h1>\n<h1 class=\"post-title entry-title\"><a href=\"http:\/\/www.spak.art.pl\/?p=7807\">Belniak w Starej Aptece<\/a><\/h1>\n<h1 class=\"post-title entry-title\"><a href=\"http:\/\/www.spak.art.pl\/?p=7804\">Prace konkursowe w Kowalach Oleckich<\/a><\/h1>\n<h1 class=\"post-title entry-title\"><a href=\"http:\/\/www.spak.art.pl\/?p=7790\">SPAK w Mazurkasie \u2013 relacja<\/a><\/h1>\n<h1 class=\"post-title entry-title\"><a href=\"http:\/\/www.spak.art.pl\/?p=7784\">Nie \u017cyje Andrzej Dudzi\u0144ski<\/a><\/h1>\n<h1 class=\"post-title entry-title\"><a href=\"http:\/\/www.spak.art.pl\/?p=7779\">Polscy karykaturzy\u015bci w albumie z Turcji<\/a><\/h1>\n<h1 class=\"post-title entry-title\"><a href=\"http:\/\/www.spak.art.pl\/?p=7767\">Polacy w Gruzji<\/a><\/h1>\n<h1 class=\"post-title entry-title\"><a href=\"http:\/\/www.spak.art.pl\/?p=7761&amp;preview=true\">Piszczako nagrodzony przez prezydenta Olsztyna<\/a><\/h1>\n<h1 class=\"post-title entry-title\"><a href=\"http:\/\/www.spak.art.pl\/?p=7756\">Bombowa wystawa Cebuli w Przeworsku<\/a><\/h1>\n<h1 class=\"post-title entry-title\"><a href=\"http:\/\/www.spak.art.pl\/?p=7745\">Einstein w Poznaniu \u2013 fotorelacja z wernisa\u017cu<\/a><\/h1>\n<h1 class=\"post-title entry-title\"><a href=\"http:\/\/www.spak.art.pl\/?p=7739\">ALBERT EINSTEIN. POKOJOWE WYKORZYSTANIE ENERGII J\u0104DROWEJ w Poznaniu<\/a><\/h1>\n<h1 class=\"post-title entry-title\"><a href=\"http:\/\/www.spak.art.pl\/?p=7733\">V OG\u00d3LNOPOLSKI KONKURS NA RYSUNEK PRASOWY IM. ALEKSANDRA WO\u0141OSA<\/a><\/h1>\n<h1 class=\"post-title entry-title\"><a href=\"http:\/\/www.spak.art.pl\/?p=7727\">Ko\u0142aczek laureatem Nagrody Marsza\u0142ka Wojew\u00f3dztwa Mazowieckiego<\/a><\/h1>\n<h1 class=\"post-title entry-title\"><a href=\"http:\/\/www.spak.art.pl\/?p=7718\">Wernisa\u017c w Poraju \u2013 fotorelacja<\/a><\/h1>\n<h1 class=\"post-title entry-title\"><a href=\"http:\/\/www.spak.art.pl\/?p=7710&amp;preview=true\">Wernisa\u017c Cebuli w Jaros\u0142awiu \u2013 fotorelacja<\/a><\/h1>\n<h1 class=\"post-title entry-title\"><a href=\"http:\/\/www.spak.art.pl\/?p=7702\">RYSUNEK PRASOWY W MIE\u015aCIE POLSKIEJ PIOSENKI<\/a><\/h1>\n<h1 class=\"post-title entry-title\"><a href=\"http:\/\/www.spak.art.pl\/?p=7691\">Odszed\u0142 Andrzej Stok<\/a><\/h1>\n<h1 class=\"post-title entry-title\"><a href=\"http:\/\/www.spak.art.pl\/?p=7685\">Wystawa Cebuli w Jaros\u0142awiu<\/a><\/h1>\n<h1 class=\"post-title entry-title\"><a href=\"http:\/\/www.spak.art.pl\/?p=7682\">Rysunki konkursowe w Opolu<\/a><\/h1>\n<h1 class=\"post-title entry-title\"><a href=\"http:\/\/www.spak.art.pl\/?p=7667\">Wyniki Mi\u0119dzynarodowego Konkursu Rysunku Satyrycznego \u201eKarpik\u201d 2022<\/a><\/h1>\n<h1 class=\"post-title entry-title\"><a href=\"http:\/\/www.spak.art.pl\/?p=7656\">Rysunki prasowe w \u015awi\u0105tkach<\/a><\/h1>\n<h1 class=\"post-title entry-title\"><a href=\"http:\/\/www.spak.art.pl\/?p=7654\">List otwarty ust\u0119puj\u0105cego Zarz\u0105du SPAK<\/a><\/h1>\n<h1 class=\"post-title entry-title\"><a href=\"http:\/\/www.spak.art.pl\/?p=7642\">35-lecie pracy tw\u00f3rczej Zbigniewa Piszczako<\/a><\/h1>\n<h1 class=\"post-title entry-title\"><a href=\"http:\/\/www.spak.art.pl\/?p=7625\">Podniebna husaria \u2013 le\u0107cie z nami \u2013 wystawa Czes\u0142awa Prz\u0119zaka<\/a><\/h1>\n<h1 class=\"post-title entry-title\"><a href=\"http:\/\/www.spak.art.pl\/?p=7603\">Nie \u017cyje Wies\u0142aw Zi\u0119ba<\/a><\/h1>\n<h1 class=\"post-title entry-title\"><a href=\"http:\/\/www.spak.art.pl\/?p=7575\">X Jurajski Plener Karykaturzyst\u00f3w \u2013 fotorelacja<\/a><\/h1>\n<h1 class=\"post-title entry-title\"><a href=\"http:\/\/www.spak.art.pl\/?p=7571\">XI Mi\u0119dzynarodowy Weekend Satyry i Karykatury<\/a><\/h1>\n<h1 class=\"post-title entry-title\"><a href=\"http:\/\/www.spak.art.pl\/?p=7559\">WALNE ZEBRANIE SPAK<\/a><\/h1>\n<h1 class=\"post-title entry-title\"><a href=\"http:\/\/www.spak.art.pl\/?p=7548\">Prace konkursowe w Pieni\u0119\u017cnie<\/a><\/h1>\n<h1 class=\"post-title entry-title\"><a href=\"http:\/\/www.spak.art.pl\/?p=7535\">Lengren humorysta w Lengren\u00f3wce<\/a><\/h1>\n<h1 class=\"post-title entry-title\"><a href=\"http:\/\/www.spak.art.pl\/?p=7540\">Wr\u0119czenie nagr\u00f3d konkursu na rysunek prasowy<\/a><\/h1>\n<h1 class=\"post-title entry-title\"><a href=\"http:\/\/www.spak.art.pl\/?p=7344\">IV OG\u00d3LNOPOLSKI KONKURS NA RYSUNEK PRASOWY IM. ALEKSANDRA WO\u0141OSA<\/a><\/h1>\n<h1 class=\"post-title entry-title\"><a href=\"http:\/\/www.spak.art.pl\/?p=7340\">Kiedy tarcz\u0105 by\u0142 \u015bmiech<\/a><\/h1>\n<h1 class=\"post-title entry-title\"><a href=\"http:\/\/www.spak.art.pl\/?p=7333\">Rysunki prasowe w Kiwitach<\/a><\/h1>\n<h1 class=\"post-title entry-title\"><a href=\"http:\/\/www.spak.art.pl\/?p=7327\">Odszed\u0142 Zygmunt Pytlik<\/a><\/h1>\n<h1 class=\"post-title entry-title\"><a href=\"http:\/\/www.spak.art.pl\/?p=7316\">I I ETAP KONKURSU o Einsteinie \u2013 prace zakwalifikowane<\/a><\/h1>\n<h1><a href=\"http:\/\/www.spak.art.pl\/?p=7209\" target=\"_blank\" rel=\"noopener\">Rysunek prasowy w Opolu<\/a><\/h1>\n<h1><a href=\"http:\/\/www.spak.art.pl\/?p=7202\" target=\"_blank\" rel=\"noopener\">KONKURS: ALBERT EINSTEIN. POKOJOWE WYKORZYSTANIE ENERGII J\u0104DROWEJ<\/a><\/h1>\n<h1><a href=\"http:\/\/www.spak.art.pl\/?p=7190\" target=\"_blank\" rel=\"noopener\">Cebulowe Pole w Rzeszowie \u2013 fotorelacja<\/a><\/h1>\n<h1><a href=\"http:\/\/www.spak.art.pl\/?p=7178\" target=\"_blank\" rel=\"noopener\">Rysunek prasowy w Pieni\u0119\u017cnie<\/a><\/h1>\n<h1><a href=\"http:\/\/www.spak.art.pl\/?p=7168\" target=\"_blank\" rel=\"noopener\">Wroc\u0142awski Salon SPAK \u2013 fotorelacja<\/a><\/h1>\n<h1><a href=\"http:\/\/www.spak.art.pl\/?p=7154\" target=\"_blank\" rel=\"noopener\">Cebula jurorem w konkursie<\/a><\/h1>\n<h1><a href=\"http:\/\/www.spak.art.pl\/?p=7146\" target=\"_blank\" rel=\"noopener\">Finisa\u017c wystawy w Mr\u0105gowcu<\/a><\/h1>\n<h1><a href=\"http:\/\/www.spak.art.pl\/?p=7139\" target=\"_blank\" rel=\"noopener\">Rysunek prasowy w Sosnowcu<\/a><\/h1>\n<h1><a href=\"http:\/\/www.spak.art.pl\/?p=7132\" target=\"_blank\" rel=\"noopener\">Wroc\u0142awski Salon SPAK<\/a><\/h1>\n<h1><a href=\"http:\/\/www.spak.art.pl\/?p=7125\" target=\"_blank\" rel=\"noopener\">CEBULOWE POLE w Rzeszowie<\/a><\/h1>\n<h1><a href=\"http:\/\/www.spak.art.pl\/?p=7115\" target=\"_blank\" rel=\"noopener\">Konkurs MASKA rozstrzygni\u0119ty<\/a><\/h1>\n<h1><a href=\"http:\/\/www.spak.art.pl\/?p=7099\" target=\"_blank\" rel=\"noopener\">Nie \u017cyje Ryszard Wasyluk<\/a><\/h1>\n<h1><a href=\"http:\/\/www.spak.art.pl\/?p=7080\" target=\"_blank\" rel=\"noopener\">XII PLENER KARYKATURZYST\u00d3W \u2013 STR\u00d3\u017bE 2021<\/a><\/h1>\n<h1><a href=\"http:\/\/www.spak.art.pl\/?p=7075\" target=\"_blank\" rel=\"noopener\">Rysunek prasowy w Mr\u0105gowie<\/a><\/h1>\n<h1><a href=\"http:\/\/www.spak.art.pl\/?p=7070\" target=\"_blank\" rel=\"noopener\">Stasys \u2013 rysunki refleksyjne w Muzeum Karykatury<\/a><\/h1>\n<h1><a href=\"http:\/\/www.spak.art.pl\/?p=7063\" target=\"_blank\" rel=\"noopener\">Cebula w Aptece<\/a><\/h1>\n<h1><a href=\"http:\/\/www.spak.art.pl\/?p=7058\" target=\"_blank\" rel=\"noopener\">Zara\u017aliwy u\u015bmiech Prz\u0119zaka w Zielonej G\u00f3rze<\/a><\/h1>\n<h1><a href=\"http:\/\/www.spak.art.pl\/?p=7047\" target=\"_blank\" rel=\"noopener\">Korfantowski Nalot Karykaturzyst\u00f3w \u2013 relacja<\/a><\/h1>\n<h1><a href=\"http:\/\/www.spak.art.pl\/?p=7041\" target=\"_blank\" rel=\"noopener\">Odszed\u0142 Tomasz Wiater<\/a><\/h1>\n<h1><a href=\"http:\/\/www.spak.art.pl\/?p=7032\" target=\"_blank\" rel=\"noopener\">IV KORFANTOWSKI NALOT KARYKATURZYST\u00d3W<\/a><\/h1>\n<h1><a href=\"http:\/\/www.spak.art.pl\/?p=7027\" target=\"_blank\" rel=\"noopener\">XII PLENER KARYKATURZYST\u00d3W (SPAK) \u2013 STR\u00d3\u017bE 2021<\/a><\/h1>\n<h1><a href=\"http:\/\/www.spak.art.pl\/?p=7018\" target=\"_blank\" rel=\"noopener\">Odszed\u0142 Marek Konecki<\/a><\/h1>\n<h1><a href=\"http:\/\/www.spak.art.pl\/?p=7013\" target=\"_blank\" rel=\"noopener\">Zagro\u017cenie \u015arodowiska Naturalnego Cz\u0142owieka \u2013 wyniki konkursu<\/a><\/h1>\n<h1><a href=\"http:\/\/www.spak.art.pl\/?p=7003\" target=\"_blank\" rel=\"noopener\">Wyniki konkursu rysunkowego ZLATY SUDOK 2021<\/a><\/h1>\n<h1><a href=\"http:\/\/www.spak.art.pl\/?p=6992\" target=\"_blank\" rel=\"noopener\">Uchwa\u0142a w sprawie op\u0142acania sk\u0142adek cz\u0142onkowskich i cz\u0142onkostwa w SPAK<\/a><\/h1>\n<h1><a href=\"http:\/\/www.spak.art.pl\/?p=6977\" target=\"_blank\" rel=\"noopener\">XXIII Otwarty Mi\u0119dzynarodowy Konkurs na Rysunek Satyryczny ph. MASKA<\/a><\/h1>\n<h1><a href=\"http:\/\/www.spak.art.pl\/?p=6973\" target=\"_blank\" rel=\"noopener\">Humor w tw\u00f3rczo\u015bci Stanis\u0142awa Lema<\/a><\/h1>\n<h1><a href=\"http:\/\/www.spak.art.pl\/?p=6951\" target=\"_blank\" rel=\"noopener\">Janek Janowski wygra\u0142 konkurs prasowy<\/a><\/h1>\n<h1><a href=\"http:\/\/www.spak.art.pl\/?p=6944\" target=\"_blank\" rel=\"noopener\">Cebula w Bumerangu<\/a><\/h1>\n<h1><a href=\"http:\/\/www.spak.art.pl\/?p=6938\" target=\"_blank\" rel=\"noopener\">P\u00d3KI MY \u017bYJEMY \u2013 VII SALON SPAK<\/a><\/h1>\n<h1><a href=\"http:\/\/www.spak.art.pl\/?p=6932\" target=\"_blank\" rel=\"noopener\">Muzeum Karykatury ponownie otwarte<\/a><\/h1>\n<h1><a href=\"http:\/\/www.spak.art.pl\/?p=6927\" target=\"_blank\" rel=\"noopener\">Sadurski na przes\u0142uchaniu<\/a><\/h1>\n<h1><a href=\"http:\/\/www.spak.art.pl\/?p=6921\" target=\"_blank\" rel=\"noopener\">102. rocznica urodzin Zbigniewa Lengrena<\/a><\/h1>\n<h1><a href=\"http:\/\/www.spak.art.pl\/?p=6916\" target=\"_blank\" rel=\"noopener\">WA\u017bNA INFORMACJA DLA WSZYSTKICH CZ\u0141ONK\u00d3W SPAK<\/a><\/h1>\n<h1><a href=\"http:\/\/www.spak.art.pl\/?p=6908\" target=\"_blank\" rel=\"noopener\">Polacy na wystawie \u0106AKOVEC 2020<\/a><\/h1>\n<h1><a href=\"http:\/\/www.spak.art.pl\/?p=6902\" target=\"_blank\" rel=\"noopener\">Micha\u0142 Graczyk w TVP Opole<\/a><\/h1>\n<h1><a href=\"http:\/\/www.spak.art.pl\/?p=6892\" target=\"_blank\" rel=\"noopener\">W\u0104CHOCK SI\u0118 \u015aMIEJE 2020 \u2013 WYNIKI KONKURSU<\/a><\/h1>\n<h1><a href=\"http:\/\/www.spak.art.pl\/?p=6884\" target=\"_blank\" rel=\"noopener\">Lipecki wygra\u0142 tegoroczny \u201eWrzu\u0107 na luz\u201d<\/a><\/h1>\n<h1><a href=\"http:\/\/www.spak.art.pl\/?p=6876\" target=\"_blank\" rel=\"noopener\">Dw\u00f3ch Polak\u00f3w w katalogu z GURA HUMORULUI<\/a><\/h1>\n<h1><a href=\"http:\/\/www.spak.art.pl\/?p=6870\" target=\"_blank\" rel=\"noopener\">Polacy na Olense Kartoenale 2020 \u2013 Belgia<\/a><\/h1>\n<h1><a href=\"http:\/\/www.spak.art.pl\/?p=6863\" target=\"_blank\" rel=\"noopener\">Dw\u00f3ch Polak\u00f3w na Knokke \u2013 Heist<\/a><\/h1>\n<h1><a href=\"http:\/\/www.spak.art.pl\/?p=6857\" target=\"_blank\" rel=\"noopener\">Polacy na Grafikatur<\/a><\/h1>\n<h1><a href=\"http:\/\/www.spak.art.pl\/?p=6847\" target=\"_blank\" rel=\"noopener\">Krzysztof Suski wygra\u0142 Z\u0142ot\u0105 Szpil\u0119<\/a><\/h1>\n<h1><a href=\"http:\/\/www.spak.art.pl\/?p=6839\" target=\"_blank\" rel=\"noopener\">Rysunki laureat\u00f3w w plenerze<\/a><\/h1>\n<h1><a href=\"http:\/\/www.spak.art.pl\/?p=6827\" target=\"_blank\" rel=\"noopener\">Zmar\u0142 Eugeniusz Ferster<\/a><\/h1>\n<h1><a href=\"http:\/\/www.spak.art.pl\/?p=6821\" target=\"_blank\" rel=\"noopener\">Finali\u015bci konkursu prasowego w Pabianicach<\/a><\/h1>\n<h1><a href=\"http:\/\/www.spak.art.pl\/?p=6813\" target=\"_blank\" rel=\"noopener\">Polacy na WORLD PRESS CARTOON 2020<\/a><\/h1>\n<h1><a href=\"http:\/\/www.spak.art.pl\/?p=6805\" target=\"_blank\" rel=\"noopener\">Prace konkursowe w Pabianicach<\/a><\/h1>\n<h1><a href=\"http:\/\/www.spak.art.pl\/?p=6799\" target=\"_blank\" rel=\"noopener\">POMAGAMY ARKOWI \u2013 wznawiamy akcj\u0119 charytatywn\u0105 SPAK<\/a><\/h1>\n<h1><a href=\"http:\/\/www.spak.art.pl\/?p=6785\" target=\"_blank\" rel=\"noopener\">Wystawa w Kiwitach<\/a><\/h1>\n<h1><a href=\"http:\/\/www.spak.art.pl\/?p=6776\" target=\"_blank\" rel=\"noopener\">Wyniki XVIII Mi\u0119dzynarodowego Konkursu Rysunku Satyrycznego KARPIK 2020<\/a><\/h1>\n<h1><a href=\"http:\/\/www.spak.art.pl\/?p=6770\" target=\"_blank\" rel=\"noopener\">Cebula w teledysku<\/a><\/h1>\n<h1><a href=\"http:\/\/www.spak.art.pl\/?p=6766\" target=\"_blank\" rel=\"noopener\">\u0141ab\u0119dzki w programie po\u015bwi\u0119conym deformacji<\/a><\/h1>\n<h1><a href=\"http:\/\/www.spak.art.pl\/?p=6761\" target=\"_blank\" rel=\"noopener\">Graczyk w parku, w Sosnowcu<\/a><\/h1>\n<h1><a href=\"http:\/\/www.spak.art.pl\/?p=6752\" target=\"_blank\" rel=\"noopener\">Rysunki konkursowe w \u015awi\u0105tkach<\/a><\/h1>\n<h1><a href=\"http:\/\/www.spak.art.pl\/?p=6745\" target=\"_blank\" rel=\"noopener\">Tablica pami\u0105tkowa na \u015bcianie Muzeum Karykatury ma 25 lat<\/a><\/h1>\n<div>&nbsp;<\/div>\n<div>&nbsp;<a style=\"font-size: 20px; font-weight: bold;\" href=\"http:\/\/www.spak.art.pl\/?p=6740\" target=\"_blank\" rel=\"noopener\">Wystawa komiks\u00f3w autorstwa Jaros\u0142awa Gacha i Marcina Wakara<\/a><\/div>\n<h1><a href=\"http:\/\/www.spak.art.pl\/?p=6735\" target=\"_blank\" rel=\"noopener\">Zmar\u0142 J\u00f3zef Jab\u0142o\u0144ski (1943-2020)<\/a><\/h1>\n<h1><a href=\"http:\/\/www.spak.art.pl\/?p=6730\" target=\"_blank\" rel=\"noopener\">Prasowe rysunki konkursowe w \u015awi\u0105tkach<\/a><\/h1>\n<h1><a href=\"http:\/\/www.spak.art.pl\/?p=6721\" target=\"_blank\" rel=\"noopener\">Rysunkowa, \u017cartobliwa kronika XL-lecia SOLIDARNO\u015aCI Jacka Frankowskiego<\/a><\/h1>\n<h1><a href=\"http:\/\/www.spak.art.pl\/?p=6709\" target=\"_blank\" rel=\"noopener\">Rysunek prasowy w Mr\u0105gowie<\/a><\/h1>\n<h1><a href=\"http:\/\/www.spak.art.pl\/?p=6699\" target=\"_blank\" rel=\"noopener\">45 lat tw\u00f3rczo\u015bci Czes\u0142awa Prz\u0119zaka \u2013 wystawa<\/a><\/h1>\n<h1><a href=\"http:\/\/www.spak.art.pl\/?p=6689\" target=\"_blank\" rel=\"noopener\">Zbigniew Ko\u0142aczek drugi na na festiwalu k\u0142amc\u00f3w we w\u0142oskim Buggia<\/a><\/h1>\n<h1><a href=\"http:\/\/www.spak.art.pl\/?p=6683\" target=\"_blank\" rel=\"noopener\">IX Weekend Satyry i Karykatury<\/a><\/h1>\n<h1><a href=\"http:\/\/www.spak.art.pl\/?p=6679\" target=\"_blank\" rel=\"noopener\">Rysunki konkursowe w Mr\u0105gowie<\/a><\/h1>\n<h1><a href=\"http:\/\/www.spak.art.pl\/?p=6674\" target=\"_blank\" rel=\"noopener\">Niecodziennik Zbyszka Piszczako \u2013 nr 11\/2020<\/a><\/h1>\n<h1><a href=\"http:\/\/www.spak.art.pl\/?p=6664\" target=\"_blank\" rel=\"noopener\">Rysunki prasowe w Pieni\u0119\u017cnie<\/a><\/h1>\n<h1><a href=\"http:\/\/www.spak.art.pl\/?p=6660\" target=\"_blank\" rel=\"noopener\">ODWO\u0141ANY PLENER KARYKATURZYST\u00d3W STR\u00d3\u017bE 2020<\/a><\/h1>\n<h1><a href=\"http:\/\/www.spak.art.pl\/?p=6654\" target=\"_blank\" rel=\"noopener\">II Og\u00f3lnopolski Konkurs na Rysunek Prasowy w Pieni\u0119\u017cnie i Mr\u0105gowie<\/a><\/h1>\n<h1><a href=\"http:\/\/www.spak.art.pl\/?p=6648\" target=\"_blank\" rel=\"noopener\">Oskar Weiss. GastroComics w Muzeum Karykatury<\/a><\/h1>\n<h1><a href=\"http:\/\/www.spak.art.pl\/?p=6639\" target=\"_blank\" rel=\"noopener\">PLENER STR\u00d3\u017bE 2020<\/a><\/h1>\n<h1><a href=\"http:\/\/www.spak.art.pl\/?p=6628\" target=\"_blank\" rel=\"noopener\">Ko\u0142aczek z Nagrod\u0105 Specjaln\u0105 w Kairze<\/a><\/h1>\n<h1><a href=\"http:\/\/www.spak.art.pl\/?p=6622\" target=\"_blank\" rel=\"noopener\">MORKA tylko online<\/a><\/h1>\n<h1><a href=\"http:\/\/www.spak.art.pl\/?p=6614\" target=\"_blank\" rel=\"noopener\">Plenerowa wystawa w Sosnowcu<\/a><\/h1>\n<h1><a href=\"http:\/\/www.spak.art.pl\/?p=6604\" target=\"_blank\" rel=\"noopener\">XXII OTWARTY MI\u0118DZYNARODOWY KONKURS NA RYSUNEK SATYRYCZNY PH. PLASTIK<\/a><\/h1>\n<h1><a href=\"http:\/\/www.spak.art.pl\/?p=6597\" target=\"_blank\" rel=\"noopener\">Cebula o Ameryce<\/a><\/h1>\n<h1><a href=\"http:\/\/www.spak.art.pl\/?p=6592\" target=\"_blank\" rel=\"noopener\">IX Polsko-Czerski Weekend Satyry i Karykatury<\/a><\/h1>\n<h1><a href=\"http:\/\/www.spak.art.pl\/?p=6582\" target=\"_blank\" rel=\"noopener\">KARPIK 2020 \u2013 regulamin konkursu<\/a><\/h1>\n<div>&nbsp;<\/div>\n<div><a style=\"font-size: 20px; font-weight: bold;\" href=\"http:\/\/www.spak.art.pl\/?p=6576\" target=\"_blank\" rel=\"noopener\">Rysunki prasowe w parku w Sosnowcu<\/a><\/div>\n<h1><a href=\"http:\/\/www.spak.art.pl\/?p=6565\" target=\"_blank\" rel=\"noopener\">Mniej wi\u0119cej naprawd\u0119 \u2013 Bart\u0142omiej Belniak w Muzeum Karykatury<\/a><\/h1>\n<div>&nbsp;<\/div>\n<div><a style=\"font-size: 20px; font-weight: bold;\" href=\"http:\/\/www.spak.art.pl\/?p=6560\" target=\"_blank\" rel=\"noopener\">TO nazywasz sztuk\u0105? Marta Czok w Muzeum Karykatury<\/a><\/div>\n<h1><a href=\"http:\/\/www.spak.art.pl\/?p=6555\" target=\"_blank\" rel=\"noopener\">Muzeum Karykatury zn\u00f3w otwarte dla zwiedzaj\u0105cych<\/a><\/h1>\n<h1><a href=\"http:\/\/www.spak.art.pl\/?p=6545\" target=\"_blank\" rel=\"noopener\">Odszed\u0142 Stefan Papp<\/a><\/h1>\n<h1><a href=\"http:\/\/www.spak.art.pl\/?p=6540\" target=\"_blank\" rel=\"noopener\">Nie \u017cyje Robert Szec\u00f3wka<\/a><\/h1>\n<h1><a href=\"http:\/\/www.spak.art.pl\/?p=6534\" target=\"_blank\" rel=\"noopener\">Cebulowa Pole w Przemy\u015blu<\/a><\/h1>\n<h1><a href=\"http:\/\/www.spak.art.pl\/?p=6529\" target=\"_blank\" rel=\"noopener\">DO WSZYSTKICH CZ\u0141ONK\u00d3W SPAK \u2013 WA\u017bNA INFORMACJA!<\/a><\/h1>\n<h1><a href=\"http:\/\/www.spak.art.pl\/?p=6519\" target=\"_blank\" rel=\"noopener\">Graczyk w Starej Aptece<\/a><\/h1>\n<h1><a href=\"http:\/\/www.spak.art.pl\/?p=6500\" target=\"_blank\" rel=\"noopener\">II Og\u00f3lnopolski konkurs na rysunek prasowy im. Aleksandra Wo\u0142osa rozstrzygni\u0119ty<\/a><\/h1>\n<h1><a href=\"http:\/\/www.spak.art.pl\/?p=6492\" target=\"_blank\" rel=\"noopener\">Dwa wernisa\u017ce w Olsztynie<\/a><\/h1>\n<div>&nbsp;<\/div>\n<div>&nbsp;<a style=\"font-size: 20px; font-weight: bold;\" href=\"http:\/\/www.spak.art.pl\/?p=6486\" target=\"_blank\" rel=\"noopener\">Og\u0142oszenie wynik\u00f3w II Og\u00f3lnopolskiego Konkursu na rysunek prasowy im. Aleksandra Wo\u0142osa<\/a><\/div>\n<p>&nbsp;<\/p>\n<div>&nbsp;<a style=\"font-size: 20px; font-weight: bold;\" href=\"http:\/\/www.spak.art.pl\/?p=6481\" target=\"_blank\" rel=\"noopener\">Mia\u0142e\u015b chamie z\u0142oty r\u00f3g wg Cebuli<\/a><\/div>\n<h1><a href=\"http:\/\/www.spak.art.pl\/?p=6475\" target=\"_blank\" rel=\"noopener\">116 wystawa Henryka Cebuli<\/a><\/h1>\n<h1><a href=\"http:\/\/www.spak.art.pl\/?p=6470\" target=\"_blank\" rel=\"noopener\">Belniak w Dworze Karwacjan\u00f3w<\/a><\/h1>\n<h1><a href=\"http:\/\/www.spak.art.pl\/?p=6463\" target=\"_blank\" rel=\"noopener\">CEBULOWE POLE u Attavantich<\/a><\/h1>\n<h1><a href=\"http:\/\/www.spak.art.pl\/?p=6456\" target=\"_blank\" rel=\"noopener\">Konkurs na nowe logo reaktora badawczego Maria<\/a><\/h1>\n<h1><a href=\"http:\/\/www.spak.art.pl\/?p=6450\" target=\"_blank\" rel=\"noopener\">Rysunkowy \u017cartobliwy pami\u0119tnik Jacka Frankowskiego<\/a><\/h1>\n<h1><a href=\"http:\/\/www.spak.art.pl\/?p=6444\" target=\"_blank\" rel=\"noopener\">Prosimy nie pali\u0107 \u2013 pokaz rysunk\u00f3w Jana Brzozowskiego w Muzeum Karykatury<\/a><\/h1>\n<h1><a href=\"http:\/\/www.spak.art.pl\/?p=6439\" target=\"_blank\" rel=\"noopener\">Anatomia pami\u0119ci Krzysztofa Grzondziela<\/a><\/h1>\n<h1><a href=\"http:\/\/www.spak.art.pl\/?p=6434\" target=\"_blank\" rel=\"noopener\">II Og\u00f3lnopolski konkurs na rysunek prasowy im. Aleksandra Wo\u0142osa<\/a><\/h1>\n<h1><a href=\"http:\/\/www.spak.art.pl\/?p=6421\" target=\"_blank\" rel=\"noopener\">Nie \u017cyje Zbigniew Jujka<\/a><\/h1>\n<h1><a href=\"http:\/\/www.spak.art.pl\/?p=6413\" target=\"_blank\" rel=\"noopener\">Wernisa\u017c ,,Niepodleg\u0142o\u015bci\u201d w Zamo\u015bciu<\/a><\/h1>\n<h1><a href=\"http:\/\/www.spak.art.pl\/?p=6408\" target=\"_blank\" rel=\"noopener\">Oczy s\u0105 radarem m\u00f3zgu. Ignacy Witz (1919-1971) w Muzeum Karykatury<\/a><\/h1>\n<h1><a href=\"http:\/\/www.spak.art.pl\/?p=6402\" target=\"_blank\" rel=\"noopener\">,,Niepodleg\u0142o\u015b\u0107\u201d w Zamo\u015bciu<\/a><\/h1>\n<h1><a href=\"http:\/\/www.spak.art.pl\/?p=6395\" target=\"_blank\" rel=\"noopener\">Quo vadis \u2013 rzecz o przemijaniu \u2013 wystawa \u0141uczy\u0144skiego w Lublinie<\/a><\/h1>\n<h1><a href=\"http:\/\/www.spak.art.pl\/?p=6388\" target=\"_blank\" rel=\"noopener\">Wies\u0142aw Lipecki \u2013 25 lat<\/a><\/h1>\n<h1><a href=\"http:\/\/www.spak.art.pl\/?p=6383\" target=\"_blank\" rel=\"noopener\">RYSUJEMY DLA ARKA \u2013 II akcja charytatywna SPAK za nami<\/a><\/h1>\n<h1><a href=\"http:\/\/www.spak.art.pl\/?p=6373\" target=\"_blank\" rel=\"noopener\">\u201eCo\u015b z ryb\u201d Cebuli w Przeworsku<\/a><\/h1>\n<h1><a href=\"http:\/\/www.spak.art.pl\/?p=6366\" target=\"_blank\" rel=\"noopener\">,,Niepodleg\u0142o\u015b\u0107\u201d w Sosnowcu<\/a><\/h1>\n<h1><a href=\"http:\/\/www.spak.art.pl\/?p=6361\" target=\"_blank\" rel=\"noopener\">Nie \u017cyje Bohdan Butenko<\/a><\/h1>\n<h1><a href=\"http:\/\/www.spak.art.pl\/?p=6354\" target=\"_blank\" rel=\"noopener\">Nie czepia\u0107 si\u0119 tramwaju! Komunikacja miejska w karykaturze<\/a><\/h1>\n<h1><a href=\"http:\/\/www.spak.art.pl\/?p=6346\" target=\"_blank\" rel=\"noopener\">RYSUJEMY DLA ARKA \u2013 I akcja charytatywna SPAK za nami<\/a><\/h1>\n<h1><a href=\"http:\/\/www.spak.art.pl\/?p=6339\" target=\"_blank\" rel=\"noopener\">Fina\u0142 X ,,Manufaktury Satyry\u201d<\/a><\/h1>\n<h1><a href=\"http:\/\/www.spak.art.pl\/?p=6330\" target=\"_blank\" rel=\"noopener\">Trzepa\u0142ka wygra\u0142 KARPIKA<\/a><\/h1>\n<h1><a href=\"http:\/\/www.spak.art.pl\/?p=6315\" target=\"_blank\" rel=\"noopener\">\u0141uczy\u0144ski wygra\u0142 \u201eWrzu\u0107 na luz\u201d<\/a><\/h1>\n<h1><a href=\"http:\/\/www.spak.art.pl\/?p=6291\" target=\"_blank\" rel=\"noopener\">III miejsce dla Muzeum Karykatury<\/a><\/h1>\n<h1><a href=\"http:\/\/www.spak.art.pl\/?p=6285\" target=\"_blank\" rel=\"noopener\">\u017barty si\u0119 sko\u0144czy\u0142y? \u2013 jubileusz Marka Greli<\/a><\/h1>\n<h1><a href=\"http:\/\/www.spak.art.pl\/?p=6278\" target=\"_blank\" rel=\"noopener\">Dziesi\u0119\u0107 lat min\u0119\u0142o \u2026, czyli fina\u0142 X ,,Manufaktury Satyry\u201d<\/a><\/h1>\n<h1><a href=\"http:\/\/www.spak.art.pl\/?p=6273\" target=\"_blank\" rel=\"noopener\">Grzondziel na Irancartoon<\/a><\/h1>\n<h1><a href=\"http:\/\/www.spak.art.pl\/?p=6268\" target=\"_blank\" rel=\"noopener\">Rysunki Belniaka w Gorlicach<\/a><\/h1>\n<h1><a href=\"http:\/\/www.spak.art.pl\/?p=6260\" target=\"_blank\" rel=\"noopener\">UWAGA! KOLEDZY RYSOWNICY I KARYKATURZY\u015aCI<\/a><\/h1>\n<h1><a href=\"http:\/\/www.spak.art.pl\/?p=6255\" target=\"_blank\" rel=\"noopener\">Rysujemy dla Arka \u2013 akcja charytatywna SPAK<\/a><\/h1>\n<h1><a href=\"http:\/\/www.spak.art.pl\/?p=6243\" target=\"_blank\" rel=\"noopener\">IX Jurajski Plener Karykaturzyst\u00f3w \u2013 relacja<\/a><\/h1>\n<h1><a href=\"http:\/\/www.spak.art.pl\/?p=6233\" target=\"_blank\" rel=\"noopener\">100-lecie niepodleg\u0142o\u015bci Polski w ilustracji 1918-2018<\/a><\/h1>\n<h1><a href=\"http:\/\/www.spak.art.pl\/?p=6222\" target=\"_blank\" rel=\"noopener\">VIII Polsko \u2013 Czeski Weekend Satyry i Karykatury \u2013 relacja<\/a><\/h1>\n<div>&nbsp;<\/div>\n<div>&nbsp;<a style=\"font-size: 20px; font-weight: bold;\" href=\"http:\/\/www.spak.art.pl\/?p=6216\" target=\"_blank\" rel=\"noopener\">ROPONIOSKA 2019 \u2013 wyniki konkursu<\/a><\/div>\n<h1><a href=\"http:\/\/www.spak.art.pl\/?p=6208\" target=\"_blank\" rel=\"noopener\">VIII Bielski Konkurs Satyryczny WRZU\u0106 NA LUZ<\/a><\/h1>\n<div>&nbsp;<\/div>\n<div>&nbsp;<a style=\"font-size: 20px; font-weight: bold;\" href=\"http:\/\/www.spak.art.pl\/?p=6197\" target=\"_blank\" rel=\"noopener\">Polacy o ,,Warto\u015bciach Europejskich\u201d w Bukareszcie<\/a><\/div>\n<h1><a href=\"http:\/\/www.spak.art.pl\/?p=6182\" target=\"_blank\" rel=\"noopener\">MORKA 2019 \u2013 fotorelacja<\/a><\/h1>\n<h1><a href=\"http:\/\/www.spak.art.pl\/?p=6172\" target=\"_blank\" rel=\"noopener\">XI Plener Karykaturzyst\u00f3w \u2013 Str\u00f3\u017ce 2019 \u2013 fotorelacja<\/a><\/h1>\n<h1><a href=\"http:\/\/www.spak.art.pl\/?p=6166\" target=\"_blank\" rel=\"noopener\">Rozstrzygni\u0119to X edycj\u0119 ,,Manufaktury Satyry, \u017byrard\u00f3w 2019\u201d<\/a><\/h1>\n<h1><a href=\"http:\/\/www.spak.art.pl\/?p=6161\" target=\"_blank\" rel=\"noopener\">Rusza XVI \u201eMorka\u201d w Ustroniu Morskim<\/a><\/h1>\n<h1><a href=\"http:\/\/www.spak.art.pl\/?p=6147\" target=\"_blank\" rel=\"noopener\">Wiater w oczy \u2013 wystawa prac Tomasza Wiatera w Muzeum Karykatury<\/a><\/h1>\n<h1><a href=\"http:\/\/www.spak.art.pl\/?p=6139\" target=\"_blank\" rel=\"noopener\">Kolorowe odcienie szaro\u015bci Trzepa\u0142ki w Muzeum Karykatury<\/a><\/h1>\n<h1><a href=\"http:\/\/www.spak.art.pl\/?p=6129\" target=\"_blank\" rel=\"noopener\">Lipecki z 1. nagrod\u0105<\/a><\/h1>\n<h1><a href=\"http:\/\/www.spak.art.pl\/?p=6116\" target=\"_blank\" rel=\"noopener\">Konkurs Rysunku Satyrycznego Roponioska 2019 \u2013 regulamin<\/a><\/h1>\n<div>&nbsp;<\/div>\n<div>&nbsp;<a style=\"font-size: 20px; font-weight: bold;\" href=\"http:\/\/www.spak.art.pl\/?p=6110\" target=\"_blank\" rel=\"noopener\">XI PLENER KARYKATURZYST\u00d3W \u2013 STR\u00d3\u017bE 2019<\/a><\/div>\n<h1><a href=\"http:\/\/www.spak.art.pl\/?p=6102\" target=\"_blank\" rel=\"noopener\">Bia\u0142o \u2013 czarna \u2013 prace Jerzego Czapiewskiego w Toruniu<\/a><\/h1>\n<h1><a href=\"http:\/\/www.spak.art.pl\/?p=6094\" target=\"_blank\" rel=\"noopener\">(nie) moje ZWIERZAKI Ko\u0142aczka<\/a><\/h1>\n<h1><a href=\"http:\/\/www.spak.art.pl\/?p=6088\" target=\"_blank\" rel=\"noopener\">\u201eGwiazdozbi\u00f3r\u201d Graczyka w Niemodlinie<\/a><\/h1>\n<h1><a href=\"http:\/\/www.spak.art.pl\/?p=6083\" target=\"_blank\" rel=\"noopener\">32 lata temu powsta\u0142 SPAK<\/a><\/h1>\n<h1><a href=\"http:\/\/www.spak.art.pl\/?p=6073\" target=\"_blank\" rel=\"noopener\">Nie \u017cyje Ryszard Kaja (1962-2019), malarz, scenograf, grafik<\/a><\/h1>\n<div>&nbsp;<\/div>\n<div><a style=\"font-size: 20px; font-weight: bold;\" href=\"http:\/\/www.spak.art.pl\/?p=6067\" target=\"_blank\" rel=\"noopener\">Nie \u017cyje Wojciech Marek Chmurzy\u0144ski<\/a><\/div>\n<h1><a href=\"http:\/\/www.spak.art.pl\/?p=6052\" target=\"_blank\" rel=\"noopener\">Woli\u0144ski Dzie\u0144 Humoru i Satyry<\/a><\/h1>\n<h1><a href=\"http:\/\/www.spak.art.pl\/?p=6043\" target=\"_blank\" rel=\"noopener\">Piosenka o karykaturzystach \u2013 po raz pierwszy w historii<\/a><\/h1>\n<h1><a href=\"http:\/\/www.spak.art.pl\/?p=6037\" target=\"_blank\" rel=\"noopener\">Ko\u0142aczek w Brazylii<\/a><\/h1>\n<h1><a href=\"http:\/\/www.spak.art.pl\/?p=6032\" target=\"_blank\" rel=\"noopener\">PIVO Z L A T \u00dd S \u00da D O K 2019 \u2013 prokok\u00f3\u0142 jury<\/a><\/h1>\n<h1><a href=\"http:\/\/www.spak.art.pl\/?p=6006\" target=\"_blank\" rel=\"noopener\">Benefis Mysyrowicza w Mazurkasie \u2013 relacja<\/a><\/h1>\n<h1><a href=\"http:\/\/www.spak.art.pl\/?p=6000\" target=\"_blank\" rel=\"noopener\">By\u0107 kobiet\u0105 wg Cebuli<\/a><\/h1>\n<h1><a href=\"http:\/\/www.spak.art.pl\/?p=5993\" target=\"_blank\" rel=\"noopener\">\u015awiat\u0142o i rysunki z Belgii w Muzeum Karykatury<\/a><\/h1>\n<h1><a href=\"http:\/\/www.spak.art.pl\/?p=5982\" target=\"_blank\" rel=\"noopener\">Mrowi\u0144ski w \u201ePod Lipami\u201d<\/a><\/h1>\n<h1><a href=\"http:\/\/www.spak.art.pl\/?p=5976\" target=\"_blank\" rel=\"noopener\">,,Niepodleg\u0142o\u015b\u0107\u201d w Grodzisku Mazowieckim<\/a><\/h1>\n<h1><a href=\"http:\/\/www.spak.art.pl\/?p=5969\" target=\"_blank\" rel=\"noopener\">Benefis Witolda Mysyrowicza w Mazurkasie<\/a><\/h1>\n<h1><a href=\"http:\/\/www.spak.art.pl\/?p=5964\" target=\"_blank\" rel=\"noopener\">Mysyrowicz i Moniuszko<\/a><\/h1>\n<h1><a href=\"http:\/\/www.spak.art.pl\/?p=5937\" target=\"_blank\" rel=\"noopener\">Laureaci I Og\u00f3lnopolskiego Konkursu na Rysunek Prasowy im. Aleksandra Wo\u0142osa<\/a><\/h1>\n<h1><a href=\"http:\/\/www.spak.art.pl\/?p=5924\" target=\"_blank\" rel=\"noopener\">Polacy w Vianden<\/a><\/h1>\n<h1><a href=\"http:\/\/www.spak.art.pl\/?p=5915\" target=\"_blank\" rel=\"noopener\">Konkurs na Rysunek Prasowy im. A. Wo\u0142osa w mediach<\/a><\/h1>\n<h1><a href=\"http:\/\/www.spak.art.pl\/?p=5910\" target=\"_blank\" rel=\"noopener\">Nie \u017cyje G\u00e9rard Vandenbroucke \u2013 tw\u00f3rca festiwalu karykatury w Saint Just Le Martel<\/a><\/h1>\n<h1><a href=\"http:\/\/www.spak.art.pl\/?p=5904\" target=\"_blank\" rel=\"noopener\">I Og\u00f3lnopolski Konkurs na Rysunek Prasowy im. A. Wo\u0142osa \u2013 otwarcie wystawy pokonkursowej<\/a><\/h1>\n<h1><a href=\"http:\/\/www.spak.art.pl\/?p=5896\" target=\"_blank\" rel=\"noopener\">\u201eMEDYKAMENTY\u201d Cebuli<\/a><\/h1>\n<h1><a href=\"http:\/\/www.spak.art.pl\/?p=5890\" target=\"_blank\" rel=\"noopener\">Satyra w Muzeum Narodowym<\/a><\/h1>\n<h1><a href=\"http:\/\/www.spak.art.pl\/?p=5885\" target=\"_blank\" rel=\"noopener\">O piwie na weso\u0142o \u2013 rysunki Henryka Cebuli<\/a><\/h1>\n<h1><a href=\"http:\/\/www.spak.art.pl\/?p=5877\" target=\"_blank\" rel=\"noopener\">ANIO\u0141 I TRZEJ KR\u00d3LOWIE, czyli Jovanka Tomaszewska, Artur Go\u0142\u0119biowski, Zbigniew Ko\u0142aczek, Wojciech Ko\u0142yszko<\/a><\/h1>\n<h1><a href=\"http:\/\/www.spak.art.pl\/?p=5871\" target=\"_blank\" rel=\"noopener\">I Og\u00f3lnopolski konkurs na rysunek prasowy im. Aleksandra Wo\u0142osa<\/a><\/h1>\n<h1><a href=\"http:\/\/www.spak.art.pl\/?p=5867\" target=\"_blank\" rel=\"noopener\">Strzelczyk w Piwnicy na Wolinie<\/a><\/h1>\n<h1><a href=\"http:\/\/www.spak.art.pl\/?p=5862\" target=\"_blank\" rel=\"noopener\">GLORIA ARTIS dla Henryka Cebuli<\/a><\/h1>\n<h1><a href=\"http:\/\/www.spak.art.pl\/?p=5855\" target=\"_blank\" rel=\"noopener\">Wiejacki w Muzeum Fabryki<\/a><\/h1>\n<h1><a href=\"http:\/\/www.spak.art.pl\/?p=5850\" target=\"_blank\" rel=\"noopener\">Karpik 2018 \u2013 gala<\/a><\/h1>\n<h1><a href=\"http:\/\/www.spak.art.pl\/?p=5844\" target=\"_blank\" rel=\"noopener\">Nie \u017cyje Andrzej Terlecki<\/a><\/h1>\n<h1><a href=\"http:\/\/www.spak.art.pl\/?p=5828\" target=\"_blank\" rel=\"noopener\">Polacy na 37. Salonie w Saint-Just-le-Martel<\/a><\/h1>\n<h1><a href=\"http:\/\/www.spak.art.pl\/?p=5822\" target=\"_blank\" rel=\"noopener\">Katalog IX edycji ,,Manufaktury Satyry\u201d w wersji elektronicznej<\/a><\/h1>\n<h1><a href=\"http:\/\/www.spak.art.pl\/?p=5805\" target=\"_blank\" rel=\"noopener\">Niepodleg\u0142o\u015b\u0107 w rysunku satyrycznym. Otwarcie wystawy Manufaktura Satyry\u20192018<\/a><\/h1>\n<h1><a href=\"http:\/\/www.spak.art.pl\/?p=5800\" target=\"_blank\" rel=\"noopener\">19. SATYRBLUES \u2013 rysownicy i muzycy<\/a><\/h1>\n<h1><a href=\"http:\/\/www.spak.art.pl\/?p=5794\" target=\"_blank\" rel=\"noopener\">R\u0119czna robota Wilkonia w Muzeum Karykatury<\/a><\/h1>\n<h1><a href=\"http:\/\/www.spak.art.pl\/?p=5789\" target=\"_blank\" rel=\"noopener\">Manufaktura Satyry o niepodleg\u0142o\u015bci \u2013 wernisa\u017c<\/a><\/h1>\n<h1><a href=\"http:\/\/www.spak.art.pl\/?p=5781\" target=\"_blank\" rel=\"noopener\">VIII Jurajski Plener Karykaturzyst\u00f3w \u2013 relacja<\/a><\/h1>\n<h1><a href=\"http:\/\/www.spak.art.pl\/?p=5776\" target=\"_blank\" rel=\"noopener\">Wystawa Le\u015bmianowska w Zamo\u015bciu<\/a><\/h1>\n<h1><a href=\"http:\/\/www.spak.art.pl\/?p=5771\" target=\"_blank\" rel=\"noopener\">VII Weekend Satyry w G\u0142\u0119binowie<\/a><\/h1>\n<h1><a href=\"http:\/\/www.spak.art.pl\/?p=5764\" target=\"_blank\" rel=\"noopener\">XIV Plener Karykaturzyst\u00f3w w Biskupinie \u2013 relacja<\/a><\/h1>\n<h1><a href=\"http:\/\/www.spak.art.pl\/?p=5758\" target=\"_blank\" rel=\"noopener\">Nie \u017cyje Adam Jurkowski<\/a><\/h1>\n<h1><a href=\"http:\/\/www.spak.art.pl\/?p=5750\" target=\"_blank\" rel=\"noopener\">Znamy laureat\u00f3w tegorocznej Manufaktury Satyry<\/a><\/h1>\n<h1><a href=\"http:\/\/www.spak.art.pl\/?p=5746\" target=\"_blank\" rel=\"noopener\">Nagroda SPAK dla Ciosu, Cebula w\u015br\u00f3d laureat\u00f3w<\/a><\/h1>\n<h1><a href=\"http:\/\/www.spak.art.pl\/?p=5739\" target=\"_blank\" rel=\"noopener\">Bondarowicz i \u0141ab\u0119dzki najlepsi w Chinach!<\/a><\/h1>\n<h1><a href=\"http:\/\/www.spak.art.pl\/?p=5735\" target=\"_blank\" rel=\"noopener\">X Plener Karykaturzyst\u00f3w Str\u00f3\u017ce 2018 przeszed\u0142 do historii<\/a><\/h1>\n<h1><a href=\"http:\/\/www.spak.art.pl\/?p=5729\" target=\"_blank\" rel=\"noopener\">III nagroda Grzondziela w 35th Aydin Dogan International Cartoon Competition<\/a><\/h1>\n<h1><a href=\"http:\/\/www.spak.art.pl\/?p=5713\" target=\"_blank\" rel=\"noopener\">40-lecie Muzeum Karykatury, gala w hotelu Bellotto<\/a><\/h1>\n<h1><a href=\"http:\/\/www.spak.art.pl\/?p=5709\" target=\"_blank\" rel=\"noopener\">15. Morka rozpocz\u0119ta<\/a><\/h1>\n<h1><a href=\"http:\/\/www.spak.art.pl\/?p=5701\" target=\"_blank\" rel=\"noopener\">Grzondziel wygra\u0142 w Zielonej G\u00f3rze<\/a><\/h1>\n<h1><a href=\"http:\/\/www.spak.art.pl\/?p=5694\" target=\"_blank\" rel=\"noopener\">40 lat Muzeum Karykatury<\/a><\/h1>\n<h1><a href=\"http:\/\/www.spak.art.pl\/?p=5678\" target=\"_blank\" rel=\"noopener\">Ko\u0142aczek o Sienkiewiczu w Zamo\u015bciu<\/a><\/h1>\n<h1><a href=\"http:\/\/www.spak.art.pl\/?p=5672\" target=\"_blank\" rel=\"noopener\">Europejska Noc Muze\u00f3w w \u017byrardowie<\/a><\/h1>\n<h1><a href=\"http:\/\/www.spak.art.pl\/?p=5665\" target=\"_blank\" rel=\"noopener\">Niewiadomski i Janusz w Galerii Resursa<\/a><\/h1>\n<h1><a href=\"http:\/\/www.spak.art.pl\/?p=5650\" target=\"_blank\" rel=\"noopener\">Plener w Korfantowie \u2013 relacja<\/a><\/h1>\n<h1><a href=\"http:\/\/www.spak.art.pl\/?p=5643\" target=\"_blank\" rel=\"noopener\">Chi\u0144skie Awards of Excellence dla Polak\u00f3w<\/a><\/h1>\n<h1><a href=\"http:\/\/www.spak.art.pl\/?p=5638\" target=\"_blank\" rel=\"noopener\">Podejrzane \u0141uczy\u0144skiego<\/a><\/h1>\n<h1><a href=\"http:\/\/www.spak.art.pl\/?p=5634\" target=\"_blank\" rel=\"noopener\">Pozdrowienia z Polski Graczyka<\/a><\/h1>\n<h1><a href=\"http:\/\/www.spak.art.pl\/?p=5611\" target=\"_blank\" rel=\"noopener\">Polacy nagrodzeni na Zlaty Sudok 2018<\/a><\/h1>\n<h1><a href=\"http:\/\/www.spak.art.pl\/?p=5605\" target=\"_blank\" rel=\"noopener\">Woli\u0144ski Dzie\u0144 Humoru i Satyry<\/a><\/h1>\n<h1><a href=\"http:\/\/www.spak.art.pl\/?p=5597\" target=\"_blank\" rel=\"noopener\">Polacy ,,W drodze\u201d<\/a><\/h1>\n<h1><a href=\"http:\/\/www.spak.art.pl\/?p=5585\" target=\"_blank\" rel=\"noopener\">S\u00f3l w oku satyry \u2013 relacja z wernisa\u017cu wystawy<\/a><\/h1>\n<h1><a href=\"http:\/\/www.spak.art.pl\/?p=5577\" target=\"_blank\" rel=\"noopener\">ZAGRO\u017bENIA \u015aRODOWISKA NATURALNEGO CZ\u0141OWIEKA \u2013 wyniki<\/a><\/h1>\n<h1><a href=\"http:\/\/www.spak.art.pl\/?p=5572\" target=\"_blank\" rel=\"noopener\">Film z Gali 30-lecia SPAK<\/a><\/h1>\n<h1><a href=\"http:\/\/www.spak.art.pl\/?p=5566\" target=\"_blank\" rel=\"noopener\">Wystawa o \u017byrardowie w Grodzisku Mazowieckim<\/a><\/h1>\n<h1><a href=\"http:\/\/www.spak.art.pl\/?p=5560\" target=\"_blank\" rel=\"noopener\">Rok Muzeum Karykatury<\/a><\/h1>\n<h1><a href=\"http:\/\/www.spak.art.pl\/?p=5557\" target=\"_blank\" rel=\"noopener\">W\u0142adze SPAK wpisane do KRS<\/a><\/h1>\n<h1><a href=\"http:\/\/www.spak.art.pl\/?p=5548\" target=\"_blank\" rel=\"noopener\">Cztery Pory Karykatury. Rysunki Roku 2017\/2018 \u2013 wyniki<\/a><\/h1>\n<h1><a href=\"http:\/\/www.spak.art.pl\/?p=5541\" target=\"_blank\" rel=\"noopener\">S\u00f3l w oku satyry \u2013 wernisa\u017c<\/a><\/h1>\n<h1><a href=\"http:\/\/www.spak.art.pl\/?p=5528\" target=\"_blank\" rel=\"noopener\">III Plener Satyryk\u00f3w w Wieliczce \u2013 relacja<\/a><\/h1>\n<h1><a href=\"http:\/\/www.spak.art.pl\/?p=5524\" target=\"_blank\" rel=\"noopener\">Manufaktura Satyry w Grodzisku Mazowieckim<\/a><\/h1>\n<h1><a href=\"http:\/\/www.spak.art.pl\/?p=5517\" target=\"_blank\" rel=\"noopener\">,,Ma\u0142\u017ce\u0144ski\u201d katalog z Brazylii<\/a><\/h1>\n<h1><a href=\"http:\/\/www.spak.art.pl\/?p=5513\" target=\"_blank\" rel=\"noopener\">Cebula wystawia w Przemy\u015blu<\/a><\/h1>\n<h1><a href=\"http:\/\/www.spak.art.pl\/?p=5509\" target=\"_blank\" rel=\"noopener\">Dwudziestolecie mi\u0119dzywojenne w Muzeum Karykatury<\/a><\/h1>\n<div>&nbsp;<\/div>\n<div>&nbsp;<a style=\"font-size: 20px; font-weight: bold;\" href=\"http:\/\/www.spak.art.pl\/?p=5483\" target=\"_blank\" rel=\"noopener\">Gala 30-lecia SPAK<\/a><\/div>\n<h1><a href=\"http:\/\/www.spak.art.pl\/?p=5474\" target=\"_blank\" rel=\"noopener\">Jubileuszowy X Plener Karykaturzyst\u00f3w \u2013 STR\u00d3\u017bE 2018<\/a><\/h1>\n<h1><a href=\"http:\/\/www.spak.art.pl\/?p=5467\" target=\"_blank\" rel=\"noopener\">Industrialny \u017byrard\u00f3w w renesansowym Zamo\u015bciu<\/a><\/h1>\n<h1><a href=\"http:\/\/www.spak.art.pl\/?p=5461\" target=\"_blank\" rel=\"noopener\">Rozstrzygni\u0119cie zimowej edycji ca\u0142orocznego konkursu \u201eCztery Pory Karykatury. Rysunki Roku 2017\u201d<\/a><\/h1>\n<h1><a href=\"http:\/\/www.spak.art.pl\/?p=5452\" target=\"_blank\" rel=\"noopener\">Czyczy\u0142o w Zaciszu<\/a><\/h1>\n<h1><a href=\"http:\/\/www.spak.art.pl\/?p=5447\" target=\"_blank\" rel=\"noopener\">Chodorowski w Centrum \u0141owicka<\/a><\/h1>\n<h1><a href=\"http:\/\/www.spak.art.pl\/?p=5441\" target=\"_blank\" rel=\"noopener\">Manufaktura Satyry w Zamo\u015bciu<\/a><\/h1>\n<h1><a href=\"http:\/\/www.spak.art.pl\/?p=5436\" target=\"_blank\" rel=\"noopener\">Sta\u0144czyk w Jeansach \u2013 film o Henryku Cebuli<\/a><\/h1>\n<h1><a href=\"http:\/\/www.spak.art.pl\/?p=5425\" target=\"_blank\" rel=\"noopener\">30 lat SPAK \u2013 okoliczno\u015bciowy album<\/a><\/h1>\n<h1><a href=\"http:\/\/www.spak.art.pl\/?p=5412\" target=\"_blank\" rel=\"noopener\">Go\u015bcie hotelowi \u2013 plener w Janowie Podlaskim<\/a><\/h1>\n<div>&nbsp;<\/div>\n<div>&nbsp;<a style=\"font-size: 20px; font-weight: bold;\" href=\"http:\/\/www.spak.art.pl\/?p=5405\" target=\"_blank\" rel=\"noopener\">Polacy w Vianden<\/a><\/div>\n<h1><a href=\"http:\/\/www.spak.art.pl\/?p=5397\" target=\"_blank\" rel=\"noopener\">Polacy w Korei<\/a><\/h1>\n<h1><a href=\"http:\/\/www.spak.art.pl\/?p=5388\" target=\"_blank\" rel=\"noopener\">\u0141ab\u0119dzki zdoby\u0142 BRONZE PRIZE na mi\u0119dzynarodowym konkursie w Chinach<\/a><\/h1>\n<h1><a href=\"http:\/\/www.spak.art.pl\/?p=5376\" target=\"_blank\" rel=\"noopener\">3. plener satyryczny w Wieliczce<\/a><\/h1>\n<h1><a href=\"http:\/\/www.spak.art.pl\/?p=5365\" target=\"_blank\" rel=\"noopener\">30 lat SPAK \u2013 gala w Teatrze Rampa<\/a><\/h1>\n<h1><a href=\"http:\/\/www.spak.art.pl\/?p=5352\" target=\"_blank\" rel=\"noopener\">Biskupin \u2013 13 lat \u017cartem \u2013 relacja z wernisa\u017cu<\/a><\/h1>\n<h1><a href=\"http:\/\/www.spak.art.pl\/?p=5346\" target=\"_blank\" rel=\"noopener\">Polacy w katalogu World Press Cartoon 2017<\/a><\/h1>\n<h1><a href=\"http:\/\/www.spak.art.pl\/?p=5340\" target=\"_blank\" rel=\"noopener\">Excellency Prize dla Ko\u0142aczka w Rumunii<\/a><\/h1>\n<h1><a href=\"http:\/\/www.spak.art.pl\/?p=5331\" target=\"_blank\" rel=\"noopener\">Cztery Pory Karykatury \u2013 wyniki jesiennej edycji<\/a><\/h1>\n<h1><a href=\"http:\/\/www.spak.art.pl\/?p=5327\" target=\"_blank\" rel=\"noopener\">Z\u0142ota Szpila 2017 \u2013 profesjonali\u015bci wyr\u00f3\u017cnieni<\/a><\/h1>\n<h1><a href=\"http:\/\/www.spak.art.pl\/?p=5311\" target=\"_blank\" rel=\"noopener\">Biskupin \u2013 13 lat \u017cartem \u2013 wernisa\u017c<\/a><\/h1>\n<h1><a href=\"http:\/\/www.spak.art.pl\/?p=5318\" target=\"_blank\" rel=\"noopener\">Konkurs na miejska kartk\u0119 \u015bwi\u0105teczn\u0105 z \u017byrardowa rozstrzygni\u0119ty<\/a><\/h1>\n<h1><a href=\"http:\/\/www.spak.art.pl\/?p=5291\" target=\"_blank\" rel=\"noopener\">\u015awi\u0119to KARPIA po raz 15.<\/a><\/h1>\n<h1><a href=\"http:\/\/www.spak.art.pl\/?p=5277\" target=\"_blank\" rel=\"noopener\">Nie \u017cyje Marek Fr\u0105ckowiak<\/a><\/h1>\n<h1><a href=\"http:\/\/www.spak.art.pl\/?p=5272\" target=\"_blank\" rel=\"noopener\">Cebula we W\u0142oc\u0142awku<\/a><\/h1>\n<h1><a href=\"http:\/\/www.spak.art.pl\/?p=5266\" target=\"_blank\" rel=\"noopener\">Ko\u0142aczek jurorem w izraelskiej Haifie<\/a><\/h1>\n<h1><a href=\"http:\/\/www.spak.art.pl\/?p=5260\" target=\"_blank\" rel=\"noopener\">Mysyrowicz w komitecie moniuszkowskim<\/a><\/h1>\n<h1><a href=\"http:\/\/www.spak.art.pl\/?p=5254\" target=\"_blank\" rel=\"noopener\">Polacy w Zagrzebiu, Zaradkiewicz nagrodzony<\/a><\/h1>\n<h1><a href=\"http:\/\/www.spak.art.pl\/?p=5248\" target=\"_blank\" rel=\"noopener\">Quo vadis \u2013 rzecz o przemijaniu<\/a><\/h1>\n<h1><a href=\"http:\/\/www.spak.art.pl\/?p=5234\" target=\"_blank\" rel=\"noopener\">WERNISA\u017b \u201cPi\u0119kne i Bestia\u201d<\/a><\/h1>\n<h1><a href=\"http:\/\/www.spak.art.pl\/?p=5226\" target=\"_blank\" rel=\"noopener\">Zaprojektuj \u015bwi\u0105teczn\u0105 poczt\u00f3wk\u0119 dla \u017byrardowa<\/a><\/h1>\n<h1><a href=\"http:\/\/www.spak.art.pl\/?p=5222\" target=\"_blank\" rel=\"noopener\">List gratulacyjny dla SPAK<\/a><\/h1>\n<h1><a href=\"http:\/\/www.spak.art.pl\/?p=5215\" target=\"_blank\" rel=\"noopener\">Pi\u0119kne i Bestia<\/a><\/h1>\n<h1><a href=\"http:\/\/www.spak.art.pl\/?p=5206\" target=\"_blank\" rel=\"noopener\">Wernisa\u017c VIII Manufaktury Satyry \u2013 relacja<\/a><\/h1>\n<h1><a href=\"http:\/\/www.spak.art.pl\/?p=5197\" target=\"_blank\" rel=\"noopener\">Kuczy\u0144ski wygra\u0142 XV \u201eKarpika\u201d<\/a><\/h1>\n<h1><a href=\"http:\/\/www.spak.art.pl\/?p=5185\" target=\"_blank\" rel=\"noopener\">Mi\u0119dzynarodowego Konkursu na Rysunek Satyryczny i Karykatur\u0119 na temat \u201eWOLNO\u015aC\u201d \u2013 wyniki<\/a><\/h1>\n<h1><a href=\"http:\/\/www.spak.art.pl\/?p=5180\" target=\"_blank\" rel=\"noopener\">Rysunki Cebuli o kobietach<\/a><\/h1>\n<h1><a href=\"http:\/\/www.spak.art.pl\/?p=5172\" target=\"_blank\" rel=\"noopener\">Cebula w ksi\u0119dze szlachty<\/a><\/h1>\n<h1><a href=\"http:\/\/www.spak.art.pl\/?p=5165\" target=\"_blank\" rel=\"noopener\">\u0141uczy\u0144ski wystawia w K\u0119trzynie<\/a><\/h1>\n<h1><a href=\"http:\/\/www.spak.art.pl\/?p=5151\" target=\"_blank\" rel=\"noopener\">MANUFAKTURA SATYRY 2017 \u2013 zaproszenie na wernisa\u017c<\/a><\/h1>\n<h1><a href=\"http:\/\/www.spak.art.pl\/?p=5144\" target=\"_blank\" rel=\"noopener\">TYMEM DO PRZODU Retrospektywa Stanis\u0142awa Tyma<\/a><\/h1>\n<h1><a href=\"http:\/\/www.spak.art.pl\/?p=5135\" target=\"_blank\" rel=\"noopener\">Polacy na wystawie w belgradzkim ZOO<\/a><\/h1>\n<h1><a href=\"http:\/\/www.spak.art.pl\/?p=5124\" target=\"_blank\" rel=\"noopener\">18. Satyrblues \u2013 relacja<\/a><\/h1>\n<h1><a href=\"http:\/\/www.spak.art.pl\/?p=5116\" target=\"_blank\" rel=\"noopener\">Kowalska-Wieczorek i Ko\u0142aczek na Filipinach<\/a><\/h1>\n<h1><a href=\"http:\/\/www.spak.art.pl\/?p=5109\" target=\"_blank\" rel=\"noopener\">Krzyw\u0105 kresk\u0105 o Jurze Krakowsko \u2013 Cz\u0119stochowskiej<\/a><\/h1>\n<h1><a href=\"http:\/\/www.spak.art.pl\/?p=5102\" target=\"_blank\" rel=\"noopener\">Cebula na 37. Edycji festiwalu Kremnicke Gagy<\/a><\/h1>\n<h1><a href=\"http:\/\/www.spak.art.pl\/?p=5094\" target=\"_blank\" rel=\"noopener\">VII Og\u00f3lnopolski Jurajski Plener Karykaturzyst\u00f3w \u2013 relacja<\/a><\/h1>\n<h1><a href=\"http:\/\/www.spak.art.pl\/?p=5084\" target=\"_blank\" rel=\"noopener\">VI Nyski Weekend Satyry \u2013 relacja<\/a><\/h1>\n<h1><a href=\"http:\/\/www.spak.art.pl\/?p=5072\" target=\"_blank\" rel=\"noopener\">Bogowie wojny w Biskupinie \u2013 relacja z XIII Pleneru Satyrycznego<\/a><\/h1>\n<h1><a href=\"http:\/\/www.spak.art.pl\/?p=5067\" target=\"_blank\" rel=\"noopener\">VI Weekend Satyry i Karykatury<\/a><\/h1>\n<div>\n<p>&nbsp;<\/p>\n<\/div>\n<h1><a href=\"http:\/\/www.spak.art.pl\/?p=5059\" target=\"_blank\" rel=\"noopener\">,,Manufaktura Satyry\u201d w ,,Pozdrowieniach z Mazowsza\u201d<\/a><\/h1>\n<div>\n<p>&nbsp;<\/p>\n<\/div>\n<h1><a href=\"http:\/\/www.spak.art.pl\/?p=5050\">Jurajska wystawa w Cz\u0119stochowie<\/a><\/h1>\n<h1><a href=\"http:\/\/www.spak.art.pl\/?p=5044\">Mi\u0119dzynarodowy Konkurs na Karykatur\u0119 i Rysunek Satyryczny \u201eWolno\u015b\u0107\u201d<\/a><\/h1>\n<h1><a href=\"http:\/\/www.spak.art.pl\/?p=5027\">14. Spotkania z Satyr\u0105 i Karykatur\u0105 \u201eMorka\u201d 2017 \u2013 relacja<\/a><\/h1>\n<h1><a href=\"http:\/\/www.spak.art.pl\/?p=4827\" target=\"_blank\" rel=\"noopener\">Mysyrowicz w Chinach<\/a><\/h1>\n<h1><a href=\"http:\/\/www.spak.art.pl\/?p=4821\" target=\"_blank\" rel=\"noopener\">Kalendarz Mysyrowicza<\/a><\/h1>\n<h1><a href=\"http:\/\/www.spak.art.pl\/?p=4816\" target=\"_blank\" rel=\"noopener\">El\u017cbieta Laskowska dyrektorem Muzeum Karykatury<\/a><\/h1>\n<h1><a href=\"http:\/\/www.spak.art.pl\/?p=4805\" target=\"_blank\" rel=\"noopener\">Charytatywny kalendarz Marka Greli<\/a><\/h1>\n<h1><a href=\"http:\/\/www.spak.art.pl\/?p=4793\" target=\"_blank\" rel=\"noopener\">\u201eKarpik\u201d 2016 \u2013 relacja<\/a><\/h1>\n<h1><a href=\"http:\/\/www.spak.art.pl\/?p=4788\" target=\"_blank\" rel=\"noopener\">Polscy rysownicy o sporcie samochodowym<\/a><\/h1>\n<h1><a href=\"http:\/\/www.spak.art.pl\/?p=4782\" target=\"_blank\" rel=\"noopener\">Polacy w Indonezji<\/a><\/h1>\n<h1><a href=\"http:\/\/www.spak.art.pl\/?p=4772\" target=\"_blank\" rel=\"noopener\">Polacy na wystawie w Kairze<\/a><\/h1>\n<h1><a href=\"http:\/\/www.spak.art.pl\/?p=4761\" target=\"_blank\" rel=\"noopener\">Polacy o pszczo\u0142ach w Portugalii<\/a><\/h1>\n<h1><a href=\"http:\/\/www.spak.art.pl\/?p=4755\" target=\"_blank\" rel=\"noopener\">Rewolucja w Muzeum Karykatury<\/a><\/h1>\n<h1><a href=\"http:\/\/www.spak.art.pl\/?p=4748\" target=\"_blank\" rel=\"noopener\">Bondarowicz i Ko\u0142aczek w rumu\u0144skim albumie<\/a><\/h1>\n<h1><a href=\"http:\/\/www.spak.art.pl\/?p=4743\" target=\"_blank\" rel=\"noopener\">Polsko \u2013 czeskie 100 % \u2013 p\u0142yta bluesowa<\/a><\/h1>\n<h1><a href=\"http:\/\/www.spak.art.pl\/?p=4737\" target=\"_blank\" rel=\"noopener\">Polacy o granicach<\/a><\/h1>\n<h1><a href=\"http:\/\/www.spak.art.pl\/?p=4729\" target=\"_blank\" rel=\"noopener\">Plenerowa wystawa portret\u00f3w Filipa de Girarda<\/a><\/h1>\n<h1><a href=\"http:\/\/www.spak.art.pl\/?p=4720\" target=\"_blank\" rel=\"noopener\">Od rysunku do animacji<\/a><\/h1>\n<h1><a href=\"http:\/\/www.spak.art.pl\/?p=4709\" target=\"_blank\" rel=\"noopener\">Trybuna\u0142y U\u015bmiechu w Piotrkowie Trybunalskim<\/a><\/h1>\n<h1><a href=\"http:\/\/www.spak.art.pl\/?p=4701\" target=\"_blank\" rel=\"noopener\">Kaszkowski w Poraju<\/a><\/h1>\n<h1><a href=\"http:\/\/www.spak.art.pl\/?p=4693\" target=\"_blank\" rel=\"noopener\">Belniak wygra\u0142 KARPIKA 2016<\/a><\/h1>\n<h1><a href=\"http:\/\/www.spak.art.pl\/?p=4684\" target=\"_blank\" rel=\"noopener\">Manufaktura Satyry 2016 \u2013 relacja<\/a><\/h1>\n<h1><a href=\"http:\/\/www.spak.art.pl\/?p=4678\" target=\"_blank\" rel=\"noopener\">Dykteryjki Kostrzewskiego<\/a><\/h1>\n<h1><a href=\"http:\/\/www.spak.art.pl\/?p=4675\" target=\"_blank\" rel=\"noopener\">Konkurs na Dyrektora Muzeum Karykatury<\/a><\/h1>\n<h1><a href=\"http:\/\/www.spak.art.pl\/?p=4668\" target=\"_blank\" rel=\"noopener\">Plener na Morawach<\/a><\/h1>\n<h1><a href=\"http:\/\/www.spak.art.pl\/?p=4661\" target=\"_blank\" rel=\"noopener\">17. SATYRBLUES \u2013 relacja<\/a><\/h1>\n<h1><a href=\"http:\/\/www.spak.art.pl\/?p=4650\" target=\"_blank\" rel=\"noopener\">Wernisa\u017c Manufaktury Satyry 2016<\/a><\/h1>\n<h1><a href=\"http:\/\/www.spak.art.pl\/?p=4644\" target=\"_blank\" rel=\"noopener\">SATYRYKON w Muzeum Karykatury<\/a><\/h1>\n<h1><a href=\"http:\/\/www.spak.art.pl\/?p=4638\" target=\"_blank\" rel=\"noopener\">Wywiad z Paw\u0142em Kuczy\u0144skim<\/a><\/h1>\n<h1><a href=\"http:\/\/www.spak.art.pl\/?p=4627\" target=\"_blank\" rel=\"noopener\">Karykaturzy\u015bci w Jurze Krakowsko \u2013 Cz\u0119stochowskiej<\/a><\/h1>\n<h1><a href=\"http:\/\/www.spak.art.pl\/?p=4623\" target=\"_blank\" rel=\"noopener\">Czes\u0142aw Prz\u0119zak, czyli zezoowate szcz\u0119\u015bcie<\/a><\/h1>\n<h1><a href=\"http:\/\/www.spak.art.pl\/?p=4612\" target=\"_blank\" rel=\"noopener\">Biskupin pe\u0142en mody \u2013 relacja z XII Pleneru Satyrycznego<\/a><\/h1>\n<h1><a href=\"http:\/\/www.spak.art.pl\/?p=4607\" target=\"_blank\" rel=\"noopener\">The 22nd International cartoon contest \u2013 Haifa 2016<\/a><\/h1>\n<h1><a href=\"http:\/\/www.spak.art.pl\/?p=4602\" target=\"_blank\" rel=\"noopener\">Cebula w Kanadzie<\/a><\/h1>\n<h1><a href=\"http:\/\/www.spak.art.pl\/?p=4593\" target=\"_blank\" rel=\"noopener\">Polsko \u2013 czeski Weekend Satyry \u2013 sierpie\u0144 2016<\/a><\/h1>\n<h1><a href=\"http:\/\/www.spak.art.pl\/?p=4587\" target=\"_blank\" rel=\"noopener\">Ko\u0142aczek w Brazylii<\/a><\/h1>\n<h1><a href=\"http:\/\/www.spak.art.pl\/?p=4583\" target=\"_blank\" rel=\"noopener\">Weekend Satyry w G\u0142\u0119binowie<\/a><\/h1>\n<h1><a href=\"http:\/\/www.spak.art.pl\/?p=4567\" target=\"_blank\" rel=\"noopener\">\u0141uczy\u0144ski laureatem w Czechach<\/a><\/h1>\n<h1><a href=\"http:\/\/www.spak.art.pl\/?p=4547\" target=\"_blank\" rel=\"noopener\">Morka 2016 fotorelacja<\/a><\/h1>\n<h1><a href=\"http:\/\/www.spak.art.pl\/?p=4535\" target=\"_blank\" rel=\"noopener\">Plener w Str\u00f3\u017cach \u2013 fotorelacja<\/a><\/h1>\n<h1><a href=\"http:\/\/www.spak.art.pl\/?p=4530\" target=\"_blank\" rel=\"noopener\">VII Manufaktura Satyry w \u017byrardowie rozstrzygni\u0119ta<\/a><\/h1>\n<h1><a href=\"http:\/\/www.spak.art.pl\/?p=4523\" target=\"_blank\" rel=\"noopener\">Grzondziel wygra\u0142 w Chorwacji<\/a><\/h1>\n<h1><a href=\"http:\/\/www.spak.art.pl\/?p=4516\" target=\"_blank\" rel=\"noopener\">Wyniki konkursu Brain Sneezing 2016<\/a><\/h1>\n<h1><a href=\"http:\/\/www.spak.art.pl\/?p=4511\" target=\"_blank\" rel=\"noopener\">Cebula jurorem w Preszowie<\/a><\/h1>\n<h1><a href=\"http:\/\/www.spak.art.pl\/?p=4505\" target=\"_blank\" rel=\"noopener\">\u0141uczy\u0144ski wygra\u0142 Cztery Pory Karykatury<\/a><\/h1>\n<h1><a href=\"http:\/\/www.spak.art.pl\/?p=4491\" target=\"_blank\" rel=\"noopener\">Chappatte w Warszawie \u2013 2016<\/a><\/h1>\n<h1><a href=\"http:\/\/www.spak.art.pl\/?p=4486\" target=\"_blank\" rel=\"noopener\">XIII MORKA za 2 tygodnie<\/a><\/h1>\n<h1><a href=\"http:\/\/www.spak.art.pl\/?p=4479\" target=\"_blank\" rel=\"noopener\">Polacy o winie w Jonzac<\/a><\/h1>\n<h1><a href=\"http:\/\/www.spak.art.pl\/?p=4474\" target=\"_blank\" rel=\"noopener\">Rysunki Cebuli w Bratys\u0142awie<\/a><\/h1>\n<h1><a href=\"http:\/\/www.spak.art.pl\/?p=4467\" target=\"_blank\" rel=\"noopener\">Niewiadomski w Fotoplastikonie<\/a><\/h1>\n<h1><a href=\"http:\/\/www.spak.art.pl\/?p=4452\" target=\"_blank\" rel=\"noopener\">Gala SPAK \u2013 fotorelacja<\/a><\/h1>\n<h1><a href=\"http:\/\/www.spak.art.pl\/?p=4443\" target=\"_blank\" rel=\"noopener\">Zamojski w \u017byrardowie \u2013 relacja z wernisa\u017cu<\/a><\/h1>\n<h1><a href=\"http:\/\/www.spak.art.pl\/?p=4418\" target=\"_blank\" rel=\"noopener\">Przemys\u0142aw Zamojski w \u017byrardowie \u2013 Europejska Noc Muze\u00f3w 2016<\/a><\/h1>\n<h1><a href=\"http:\/\/www.spak.art.pl\/?p=4414\" target=\"_blank\" rel=\"noopener\">Noc Muze\u00f3w w Muzeum Karykatury<\/a><\/h1>\n<h1><a href=\"http:\/\/www.spak.art.pl\/?p=4402\" target=\"_blank\" rel=\"noopener\">GALA SPAK w maju<\/a><\/h1>\n<h1><a href=\"http:\/\/www.spak.art.pl\/?p=4396\" target=\"_blank\" rel=\"noopener\">Ko\u0142aczek zdoby\u0142 laury w Rumunii<\/a><\/h1>\n<h1><a href=\"http:\/\/www.spak.art.pl\/?p=4388\" target=\"_blank\" rel=\"noopener\">Grzondziel wygra\u0142 w Bogatyni<\/a><\/h1>\n<h1><a href=\"http:\/\/www.spak.art.pl\/?p=4382\" target=\"_blank\" rel=\"noopener\">Gwiazdy muzyki narysowane przez Graczyka<\/a><\/h1>\n<h1><a href=\"http:\/\/www.spak.art.pl\/?p=4375\" target=\"_blank\" rel=\"noopener\">Regulamin V Bielskiego Konkursu Satyrycznego WRZU\u0106 NA LUZ<\/a><\/h1>\n<h1><a href=\"http:\/\/www.spak.art.pl\/?p=4371\" target=\"_blank\" rel=\"noopener\">VIII PLENER KARYKATURZYST\u00d3W W MUZEUM PSZCZELARSTWA<\/a><\/h1>\n<h1><a href=\"http:\/\/www.spak.art.pl\/?p=4366\" target=\"_blank\" rel=\"noopener\">Eryk Lipi\u0144ski \u201ePami\u0119tniki\u201d \u2013 promocja ksi\u0105\u017cki<\/a><\/h1>\n<h1><a href=\"http:\/\/www.spak.art.pl\/?p=4357\" target=\"_blank\" rel=\"noopener\">Kazanchev wygra\u0142 \u201eZlat\u00fd s\u00fadok\u201d<\/a><\/h1>\n<h1><a href=\"http:\/\/www.spak.art.pl\/?p=4351\" target=\"_blank\" rel=\"noopener\">Koz\u0142owski wygra\u0142 SATYRON 2015<\/a><\/h1>\n<h1><a href=\"http:\/\/www.spak.art.pl\/?p=4346\" target=\"_blank\" rel=\"noopener\">Trzepa\u0142ka wygra\u0142 Cztery Pory Karykatury<\/a><\/h1>\n<h1><a href=\"http:\/\/www.spak.art.pl\/?p=4340\" target=\"_blank\" rel=\"noopener\">Polacy o zamachu w Brukseli<\/a><\/h1>\n<h1><a href=\"http:\/\/www.spak.art.pl\/?p=4336\" target=\"_blank\" rel=\"noopener\">Jaro rysuje karykatury<\/a><\/h1>\n<h1><a href=\"http:\/\/www.spak.art.pl\/?p=4322\" target=\"_blank\" rel=\"noopener\">Zagro\u017cenie \u015brodowiska \u2013 wyniki konkursu<\/a><\/h1>\n<h1><a href=\"http:\/\/www.spak.art.pl\/?p=4315\" target=\"_blank\" rel=\"noopener\">Woli\u0144ski Dzie\u0144 Humoru i Satyry<\/a><\/h1>\n<h1><a href=\"http:\/\/www.spak.art.pl\/?p=4297\" target=\"_blank\" rel=\"noopener\">Wernisa\u017c w Muzeum Karykatury \u2013 relacja<\/a><\/h1>\n<h1><a href=\"http:\/\/www.spak.art.pl\/?p=4292\" target=\"_blank\" rel=\"noopener\">Mysyrowicz i Grzondziel w Purpose<\/a><\/h1>\n<h1><a href=\"http:\/\/www.spak.art.pl\/?p=4287\" target=\"_blank\" rel=\"noopener\">Bondarowicz wygra\u0142 tOOns MaG<\/a><\/h1>\n<h1><a href=\"http:\/\/www.spak.art.pl\/?p=4281\" target=\"_blank\" rel=\"noopener\">Od rysunku do animacji<\/a><\/h1>\n<h1><a href=\"http:\/\/www.spak.art.pl\/?p=4273\" target=\"_blank\" rel=\"noopener\">Mysyrowicz na Forum Humanum Mazurkas<\/a><\/h1>\n<h1><a href=\"http:\/\/www.spak.art.pl\/?p=4264\" target=\"_blank\" rel=\"noopener\">Tablica Janusza Stannego<\/a><\/h1>\n<h1><a href=\"http:\/\/www.spak.art.pl\/?p=4256\" target=\"_blank\" rel=\"noopener\">Jubileuszowy Wo\u017aniak w Sieradzu<\/a><\/h1>\n<h1><a href=\"http:\/\/www.spak.art.pl\/?p=4251\" target=\"_blank\" rel=\"noopener\">Marcin Bondarowicz \u2013 Stra\u017cnik tajemnic \u2013 na Koziej<\/a><\/h1>\n<h1><a href=\"http:\/\/www.spak.art.pl\/?p=4247\" target=\"_blank\" rel=\"noopener\">Gepp wygra\u0142 Satyrykon<\/a><\/h1>\n<h1><a href=\"http:\/\/www.spak.art.pl\/?p=4242\" target=\"_blank\" rel=\"noopener\">Karykatury i inne figury \u0141ab\u0119dzkiego<\/a><\/h1>\n<h1><a href=\"http:\/\/www.spak.art.pl\/?p=4234\" target=\"_blank\" rel=\"noopener\">Polacy w Zagrzebiu<\/a><\/h1>\n<h1><a href=\"http:\/\/www.spak.art.pl\/?p=4227\" target=\"_blank\" rel=\"noopener\">Karykatury Cebuli w Dobkowicach<\/a><\/h1>\n<h1><a href=\"http:\/\/www.spak.art.pl\/?p=4218\" target=\"_blank\" rel=\"noopener\">Sadurski na Dobry Humor w Suwa\u0142kach<\/a><\/h1>\n<h1><a href=\"http:\/\/www.spak.art.pl\/?p=4211\" target=\"_blank\" rel=\"noopener\">Wystawa \u0141uczy\u0144skiego w USA<\/a><\/h1>\n<h1><a href=\"http:\/\/www.spak.art.pl\/?p=4196\" target=\"_blank\" rel=\"noopener\">Nie \u017cyje Pawe\u0142 Ga\u0142ka<\/a><\/h1>\n<h1><a href=\"http:\/\/www.spak.art.pl\/?p=4190\" target=\"_blank\" rel=\"noopener\">Grzondziel wygra\u0142 rysunek roku 2015<\/a><\/h1>\n<h1><a href=\"http:\/\/www.spak.art.pl\/?p=4185\" target=\"_blank\" rel=\"noopener\">Sadurski w Suwa\u0142kach<\/a><\/h1>\n<h1><a href=\"http:\/\/www.spak.art.pl\/?p=4181\" target=\"_blank\" rel=\"noopener\">SATYRON czyli z czego \u015bmieje si\u0119 Polska<\/a><\/h1>\n<h1><a href=\"http:\/\/www.spak.art.pl\/?p=4172\" target=\"_blank\" rel=\"noopener\">Wystawa \u201eA to Polska w\u0142a\u015bnie\u201d w Raszynie<\/a><\/h1>\n<h1><a href=\"http:\/\/www.spak.art.pl\/?p=4154\" target=\"_blank\" rel=\"noopener\">Sadurski w Australii \u2013 relacja<\/a><\/h1>\n<h1><a href=\"http:\/\/www.spak.art.pl\/?p=4149\" target=\"_blank\" rel=\"noopener\">XVII Forum Humanum Mazurkas \u2013 relacja filmowa<\/a><\/h1>\n<h1><a href=\"http:\/\/www.spak.art.pl\/?p=4144\" target=\"_blank\" rel=\"noopener\">\u0141uczy\u0144ski w Wie\u017cy Ci\u015bnie\u0144<\/a><\/h1>\n<h1><a href=\"http:\/\/www.spak.art.pl\/?p=4139\" target=\"_blank\" rel=\"noopener\">Wystawa \u201eA to Polska w\u0142a\u015bnie\u201d w Raszynie<\/a><\/h1>\n<h1><a href=\"http:\/\/www.spak.art.pl\/?p=4135\" target=\"_blank\" rel=\"noopener\">Polacy w katalogu z Portugalii<\/a><\/h1>\n<h1><a href=\"http:\/\/www.spak.art.pl\/?p=4125\" target=\"_blank\" rel=\"noopener\">Polacy w Peru<\/a><\/h1>\n<h1><a href=\"http:\/\/www.spak.art.pl\/?p=4120\" target=\"_blank\" rel=\"noopener\">Nie tylko rysunki Belniaka w Gorlicach<\/a><\/h1>\n<h1><a href=\"http:\/\/www.spak.art.pl\/?p=4114\" target=\"_blank\" rel=\"noopener\">P\u0142ynie czas Gliwy<\/a><\/h1>\n<h1><a href=\"http:\/\/www.spak.art.pl\/?p=4110\" target=\"_blank\" rel=\"noopener\">Sadurski w Australii<\/a><\/h1>\n<h1><a href=\"http:\/\/www.spak.art.pl\/?p=4103\" target=\"_blank\" rel=\"noopener\">Cebula na Cartoons of Nippon w Japonii<\/a><\/h1>\n<h1><a href=\"http:\/\/www.spak.art.pl\/?p=4086\" target=\"_blank\" rel=\"noopener\">Ko\u0142aczek o obronie klimatu<\/a><\/h1>\n<h1><a href=\"http:\/\/www.spak.art.pl\/?p=4081\" target=\"_blank\" rel=\"noopener\">Anegdoty Lidii Stanis\u0142awskiej<\/a><\/h1>\n<h1><a href=\"http:\/\/www.spak.art.pl\/?p=4077\" target=\"_blank\" rel=\"noopener\">Nie \u017cyje Tadeusz Kobak<\/a><\/h1>\n<h1><a href=\"http:\/\/www.spak.art.pl\/?p=4070\" target=\"_blank\" rel=\"noopener\">Wodne opowie\u015bci Fr\u0105ckiewicza<\/a><\/h1>\n<h1><a href=\"http:\/\/www.spak.art.pl\/?p=4063\" target=\"_blank\" rel=\"noopener\">Papcio Chmiel i Jego Podopieczni w Muzeum Karykatury<\/a><\/h1>\n<h1><a href=\"http:\/\/www.spak.art.pl\/?p=4057\" target=\"_blank\" rel=\"noopener\">Rysunki Surmy w Tarnobrzegu<\/a><\/h1>\n<h1><a href=\"http:\/\/www.spak.art.pl\/?p=4051\" target=\"_blank\" rel=\"noopener\">Sympozjum naukowe z ,,Manufaktur\u0105 Satyry\u201d w tle<\/a><\/h1>\n<h1><a href=\"http:\/\/www.spak.art.pl\/?p=4044\" target=\"_blank\" rel=\"noopener\">Polacy nagrodzeni w Korei<\/a><\/h1>\n<h1><a href=\"http:\/\/www.spak.art.pl\/?p=4038\" target=\"_blank\" rel=\"noopener\">Frankowski w Szkole Po\u017carniczej<\/a><\/h1>\n<h1><a href=\"http:\/\/www.spak.art.pl\/?p=4033\" target=\"_blank\" rel=\"noopener\">Fr\u0105ckiewicz i Cebula wygrali Z\u0141OT\u0104 SZPIL\u0118<\/a><\/h1>\n<h1><a href=\"http:\/\/www.spak.art.pl\/?p=4022\" target=\"_blank\" rel=\"noopener\">Karpik 2015 \u2013 relacja<\/a><\/h1>\n<h1><a href=\"http:\/\/www.spak.art.pl\/?p=4017\" target=\"_blank\" rel=\"noopener\">Karykatury w litewskim sejmie<\/a><\/h1>\n<h1><a href=\"http:\/\/www.spak.art.pl\/?p=4002\" target=\"_blank\" rel=\"noopener\">Sadurski w Nowym Jorku<\/a><\/h1>\n<h1><a href=\"http:\/\/www.spak.art.pl\/?p=3996\" target=\"_blank\" rel=\"noopener\">Odesz\u0142a Helena Cebula<\/a><\/h1>\n<h1><a href=\"http:\/\/www.spak.art.pl\/?p=3992\" target=\"_blank\" rel=\"noopener\">Polacy w bu\u0142garskim katalogu<\/a><\/h1>\n<h1><a href=\"http:\/\/www.spak.art.pl\/?p=3986\" target=\"_blank\" rel=\"noopener\">Ko\u0142aczek w katalogu z Izraela<\/a><\/h1>\n<h1><a href=\"http:\/\/www.spak.art.pl\/?p=3974\" target=\"_blank\" rel=\"noopener\">Wystawy w Piotrkowie Trybunalskim<\/a><\/h1>\n<h1><a href=\"http:\/\/www.spak.art.pl\/?p=3968\" target=\"_blank\" rel=\"noopener\">Nie \u017cyje Andrzej Dziatlik<\/a><\/h1>\n<h1><a href=\"http:\/\/www.spak.art.pl\/?p=3962\" target=\"_blank\" rel=\"noopener\">Refleksje Kuczy\u0144skiego<\/a><\/h1>\n<h1><a href=\"http:\/\/www.spak.art.pl\/?p=3951\" target=\"_blank\" rel=\"noopener\">,,KOLEJ\u201dowa wystawa w \u017byrardowie<\/a><\/h1>\n<h1><a href=\"http:\/\/www.spak.art.pl\/?p=3942\" target=\"_blank\" rel=\"noopener\">Jura na weso\u0142o \u2013 relacja z wernisa\u017cu<\/a><\/h1>\n<h1><a href=\"http:\/\/www.spak.art.pl\/?p=3937\" target=\"_blank\" rel=\"noopener\">Wsp\u00f3\u0142praca SPAK z Druch Studio Galery (USA)<\/a><\/h1>\n<h1><a href=\"http:\/\/www.spak.art.pl\/?p=3932\" target=\"_blank\" rel=\"noopener\">Grzondziel wygra\u0142 KARPIKA 2015<\/a><\/h1>\n<h1><a href=\"http:\/\/www.spak.art.pl\/?p=3925\" target=\"_blank\" rel=\"noopener\">\u201eRatman\u201d Niewiadomskiego w \u0141odzi<\/a><\/h1>\n<h1><a href=\"http:\/\/www.spak.art.pl\/?p=3919\" target=\"_blank\" rel=\"noopener\">Sadurski w Nowym Jorku<\/a><\/h1>\n<h1><a href=\"http:\/\/www.spak.art.pl\/?p=3911\" target=\"_blank\" rel=\"noopener\">Ptaki Pietrzaka w \u0141ysym M\u0142ynie<\/a><\/h1>\n<h1><a href=\"http:\/\/www.spak.art.pl\/?p=3905\" target=\"_blank\" rel=\"noopener\">Jura na weso\u0142o<\/a><\/h1>\n<h1><a href=\"http:\/\/www.spak.art.pl\/?p=3900\" target=\"_blank\" rel=\"noopener\">Pi\u0119kno Ziemi \u0141\u00f3dzkiej tak\u017ce satyrycznie<\/a><\/h1>\n<h1><a href=\"http:\/\/www.spak.art.pl\/?p=3894\" target=\"_blank\" rel=\"noopener\">Meandry \u0141uczy\u0144skiego<\/a><\/h1>\n<h1><a href=\"http:\/\/www.spak.art.pl\/?p=3889\" target=\"_blank\" rel=\"noopener\">Satyrykom w Muzeum Karykatury<\/a><\/h1>\n<h1><a href=\"http:\/\/www.spak.art.pl\/?p=3884\" target=\"_blank\" rel=\"noopener\">Nasz Eryk\u2026<\/a><\/h1>\n<h1><a href=\"http:\/\/www.spak.art.pl\/?p=3875\" target=\"_blank\" rel=\"noopener\">Kolej na\u2026kolej, czyli fina\u0142 VI edycja Manufaktury Satyry<\/a><\/h1>\n<h1><a href=\"http:\/\/www.spak.art.pl\/?p=3868\" target=\"_blank\" rel=\"noopener\">Karykatury gwiazd pomagaj\u0105 Hospicjum Cordis<\/a><\/h1>\n<h1><a href=\"http:\/\/www.spak.art.pl\/?p=3863\" target=\"_blank\" rel=\"noopener\">Humor i Mistrzostwa WOPR<\/a><\/h1>\n<h1><a href=\"http:\/\/www.spak.art.pl\/?p=3857\" target=\"_blank\" rel=\"noopener\">Odszed\u0142 Julian Bohdanowicz<\/a><\/h1>\n<h1><a href=\"http:\/\/www.spak.art.pl\/?p=3839\" target=\"_blank\" rel=\"noopener\">\u0141uczy\u0144ski w \u0141asku<\/a><\/h1>\n<h1><a href=\"http:\/\/www.spak.art.pl\/?p=3828\" target=\"_blank\" rel=\"noopener\">V Og\u00f3lnopolski Jurajski Plener Karykaturzyst\u00f3w<\/a><\/h1>\n<h1><a href=\"http:\/\/www.spak.art.pl\/?p=3819\" target=\"_blank\" rel=\"noopener\">Szkicowisko Wiejackiego<\/a><\/h1>\n<h1><a href=\"http:\/\/www.spak.art.pl\/?p=3812\" target=\"_blank\" rel=\"noopener\">William Szekspir wed\u0142ug Ko\u0142aczka<\/a><\/h1>\n<h1><a href=\"http:\/\/www.spak.art.pl\/?p=3798\" target=\"_blank\" rel=\"noopener\">11. plener w Biskupinie- relacja<\/a><\/h1>\n<h1><a href=\"http:\/\/www.spak.art.pl\/?p=3791\" target=\"_blank\" rel=\"noopener\">Nyski weekend satyry \u2013 relacja<\/a><\/h1>\n<h1><a href=\"http:\/\/www.spak.art.pl\/?p=3786\" target=\"_blank\" rel=\"noopener\">Muzeum Karykatury dawcom<\/a><\/h1>\n<h1><a href=\"http:\/\/www.spak.art.pl\/?p=3780\" target=\"_blank\" rel=\"noopener\">Polacy na 46. OSTEN<\/a><\/h1>\n<h1><a href=\"http:\/\/www.spak.art.pl\/?p=3776\" target=\"_blank\" rel=\"noopener\">Kolejny weekend satyry i karykatury<\/a><\/h1>\n<h1><a href=\"http:\/\/www.spak.art.pl\/?p=3748\" target=\"_blank\" rel=\"noopener\">Morka 2015 \u2013 fotorelacja<\/a><\/h1>\n<h1><a href=\"http:\/\/www.spak.art.pl\/?p=3737\" target=\"_blank\" rel=\"noopener\">Karykatury na \u017cywo w Warszawie \u2013 fotorelacja<\/a><\/h1>\n<h1><a href=\"http:\/\/www.spak.art.pl\/?p=3731\" target=\"_blank\" rel=\"noopener\">Nie do \u015bmiechu w Be\u0142chatowie<\/a><\/h1>\n<h1><a href=\"http:\/\/www.spak.art.pl\/?p=3728\" target=\"_blank\" rel=\"noopener\">Plener w Tunezji odwo\u0142any<\/a><\/h1>\n<h1><a href=\"http:\/\/www.spak.art.pl\/?p=3719\" target=\"_blank\" rel=\"noopener\">Nie \u017cyje Waldemar Ochnia<\/a><\/h1>\n<h1><a href=\"http:\/\/www.spak.art.pl\/?p=3708\" target=\"_blank\" rel=\"noopener\">Zbigniew Wo\u017aniak zwyci\u0119zc\u0105 VI Manufaktury Satyry<\/a><\/h1>\n<h1><a href=\"http:\/\/www.spak.art.pl\/?p=3703\" target=\"_blank\" rel=\"noopener\">Ko\u0142aczek drugi w Indiach<\/a><\/h1>\n<h1><a href=\"http:\/\/www.spak.art.pl\/?p=3697\" target=\"_blank\" rel=\"noopener\">Gda\u0144ska Galeria Dobrego Humoru 2015 \u2013 finisa\u017c<\/a><\/h1>\n<h1><a href=\"http:\/\/www.spak.art.pl\/?p=3692\" target=\"_blank\" rel=\"noopener\">Karykatury portretowe Cebuli<\/a><\/h1>\n<h1><a href=\"http:\/\/www.spak.art.pl\/?p=3688\" target=\"_blank\" rel=\"noopener\">Karykatura na \u017cywo z cyklu \u201eLato z Muzeum Karykatury\u201d<\/a><\/h1>\n<h1><a href=\"http:\/\/www.spak.art.pl\/?p=3682\" target=\"_blank\" rel=\"noopener\">Wystawa plenerowa \u201ePolityka w karykaturze. Prawdziwa cnota krytyk si\u0119 nie boi\u201d<\/a><\/h1>\n<h1><a href=\"http:\/\/www.spak.art.pl\/?p=3677\" target=\"_blank\" rel=\"noopener\">Nie \u017cyje Gra\u017cyna Godziejewska<\/a><\/h1>\n<h1><a href=\"http:\/\/www.spak.art.pl\/?p=3664\" target=\"_blank\" rel=\"noopener\">XVII Otwarty Mi\u0119dzynarodowy Konkurs na Rysunek Satyryczny \u2013 rozstrzygni\u0119ty<\/a><\/h1>\n<h1><a href=\"http:\/\/www.spak.art.pl\/?p=3657\" target=\"_blank\" rel=\"noopener\">Plener w Afryce<\/a><\/h1>\n<h1><a href=\"http:\/\/www.spak.art.pl\/?p=3649\" target=\"_blank\" rel=\"noopener\">Polacy na Humor a Gallarate<\/a><\/h1>\n<h1><a href=\"http:\/\/www.spak.art.pl\/?p=3644\" target=\"_blank\" rel=\"noopener\">Wystawy Gda\u0144skiej Galerii Dobrego Humoru 2015<\/a><\/h1>\n<h1><a href=\"http:\/\/www.spak.art.pl\/?p=3637\" target=\"_blank\" rel=\"noopener\">XII MORKA 2015 \u2013 program imprezy<\/a><\/h1>\n<h1><a href=\"http:\/\/www.spak.art.pl\/?p=3632\" target=\"_blank\" rel=\"noopener\">Polacy w Gabrowie<\/a><\/h1>\n<h1><a href=\"http:\/\/www.spak.art.pl\/?p=3619\" target=\"_blank\" rel=\"noopener\">Burzenin \u2013 relacja z wystawy pokonkursowej<\/a><\/h1>\n<h1><a href=\"http:\/\/www.spak.art.pl\/?p=3610\" target=\"_blank\" rel=\"noopener\">Zamach na Muzeum Karykatury \u2013 relacja z konferencji prasowej<\/a><\/h1>\n<h1><a href=\"http:\/\/www.spak.art.pl\/?p=3605\" target=\"_blank\" rel=\"noopener\">Odszed\u0142 Zbigniew Ziomecki<\/a><\/h1>\n<h1><a href=\"http:\/\/www.spak.art.pl\/?p=3599\" target=\"_blank\" rel=\"noopener\">Likwidacja Muzeum Karykatury \u2013 ci\u0105g dalszy<\/a><\/h1>\n<h1><a href=\"http:\/\/www.spak.art.pl\/?p=3594\" target=\"_blank\" rel=\"noopener\">Petycja przeciwko likwidacji samodzielno\u015bci Muzeum Karykatury<\/a><\/h1>\n<h1><a href=\"http:\/\/www.spak.art.pl\/?p=3591\" target=\"_blank\" rel=\"noopener\">Zamach na Muzeum Karykatury \u2013 zaproszenie na konferencj\u0119 prasow\u0105<\/a><\/h1>\n<h1><a href=\"http:\/\/www.spak.art.pl\/?p=3588\" target=\"_blank\" rel=\"noopener\">Likwidacja Muzeum Karykatury \u2013 dalsza korespondencja<\/a><\/h1>\n<h1><a href=\"http:\/\/www.spak.art.pl\/?p=3574\" target=\"_blank\" rel=\"noopener\">Likwidacja Muzeum Karykatury \u2013 dalsze informacje<\/a><\/h1>\n<h1><a href=\"http:\/\/www.spak.art.pl\/?p=3570\" target=\"_blank\" rel=\"noopener\">Muzeum Karykatury zagro\u017cone \u2013 ci\u0105g dalszy<\/a><\/h1>\n<h1><a href=\"http:\/\/www.spak.art.pl\/?p=3556\" target=\"_blank\" rel=\"noopener\">Wyniki III Og\u00f3lnopolskiego Konkursu Rysunku Satyrycznego \u201eBurzenin 2015 \u2013 Kraina mlekiem i miodem p\u0142yn\u0105ca\u201d<\/a><\/h1>\n<h1><a href=\"http:\/\/www.spak.art.pl\/?p=3550\" target=\"_blank\" rel=\"noopener\">Muzeum Karykatury w\u015br\u00f3d 10 najlepszych muze\u00f3w w Europie<\/a><\/h1>\n<h1><a href=\"http:\/\/www.spak.art.pl\/?p=3540\" target=\"_blank\" rel=\"noopener\">Satyra Henryka Cebuli w Inowroc\u0142awiu<\/a><\/h1>\n<h1><a href=\"http:\/\/www.spak.art.pl\/?p=3532\" target=\"_blank\" rel=\"noopener\">\u017bARTOWNIK LENGRENA w Muzeum Karykatury<\/a><\/h1>\n<h1><a href=\"http:\/\/www.spak.art.pl\/?p=3521\" target=\"_blank\" rel=\"noopener\">Plener karykaturzyst\u00f3w Piotrk\u00f3w Trybunalski \u2013 W\u0142odzimierz\u00f3w \u2013 Sulej\u00f3w \u2013 relacja<\/a><\/h1>\n<h1><a href=\"http:\/\/www.spak.art.pl\/?p=3516\" target=\"_blank\" rel=\"noopener\">Biskupin 2015 \u2013 plener<\/a><\/h1>\n<h1><a href=\"http:\/\/www.spak.art.pl\/?p=3510\" target=\"_blank\" rel=\"noopener\">TOTALITARIANISM rozstrzygni\u0119ty<\/a><\/h1>\n<h1><a href=\"http:\/\/www.spak.art.pl\/?p=3506\" target=\"_blank\" rel=\"noopener\">\u0141uczy\u0144ski w Zdu\u0144skiej Woli<\/a><\/h1>\n<h1><a href=\"http:\/\/www.spak.art.pl\/?p=3498\" target=\"_blank\" rel=\"noopener\">Coraz mniej Polak\u00f3w w World Press Cartoon 2014<\/a><\/h1>\n<h1><a href=\"http:\/\/www.spak.art.pl\/?p=3492\" target=\"_blank\" rel=\"noopener\">Aluzyjnie i dygresyjnie, czyli otwarcie wystawy Leszka O\u0142daka w Galerii ,,Resursa\u201d<\/a><\/h1>\n<h1><a href=\"http:\/\/www.spak.art.pl\/?p=3488\" target=\"_blank\" rel=\"noopener\">Zlaty Sudok 2015 rozstrzygni\u0119ty<\/a><\/h1>\n<h1><a href=\"http:\/\/www.spak.art.pl\/?p=3471\" target=\"_blank\" rel=\"noopener\">Polacy nagrodzeni na tegorocznym PortoCartoon<\/a><\/h1>\n<h1><a href=\"http:\/\/www.spak.art.pl\/?p=3450\" target=\"_blank\" rel=\"noopener\">O\u0142dak w \u017byrardowie<\/a><\/h1>\n<h1><a href=\"http:\/\/www.spak.art.pl\/?p=3442\" target=\"_blank\" rel=\"noopener\">Remanenty w Pabianicach<\/a><\/h1>\n<h1><a href=\"http:\/\/www.spak.art.pl\/?p=3438\" target=\"_blank\" rel=\"noopener\">,,Manufaktura Satyry\u201d w Grodzisku Mazowieckim<\/a><\/h1>\n<h1><a href=\"http:\/\/www.spak.art.pl\/?p=3434\" target=\"_blank\" rel=\"noopener\">Lipecki w Cz\u0119stochowie<\/a><\/h1>\n<h1><a href=\"http:\/\/www.spak.art.pl\/?p=3428\" target=\"_blank\" rel=\"noopener\">\u201eU\u015bmiech na Koziej\u201d w \u017byrardowie<\/a><\/h1>\n<h1><a href=\"http:\/\/www.spak.art.pl\/?p=3424\">Konkurs o Burzeninie<\/a><\/h1>\n<h1><a href=\"http:\/\/www.spak.art.pl\/?p=3420\" target=\"_blank\" rel=\"noopener\">Grzondziel wygra\u0142 w Turcji<\/a><\/h1>\n<h1><a href=\"http:\/\/www.spak.art.pl\/?p=3416\" target=\"_blank\" rel=\"noopener\">Woli\u0144ski Dzie\u0144 Humoru i Satyry<\/a><\/h1>\n<h1><a href=\"http:\/\/www.spak.art.pl\/?p=3413\" target=\"_blank\" rel=\"noopener\">VII PLENER KARYKATURZYST\u00d3W W MUZEUM PSZCZELARSTWA<\/a><\/h1>\n<h1><a href=\"http:\/\/www.spak.art.pl\/?p=3408\" target=\"_blank\" rel=\"noopener\">,,Manufaktura Satyry\u201d po raz kolejny eksponowana w Zamo\u015bciu<\/a><\/h1>\n<h1><a href=\"http:\/\/www.spak.art.pl\/?p=3402\" target=\"_blank\" rel=\"noopener\">Relacja z wernisa\u017cu w Sejmie<\/a><\/h1>\n<h1><a href=\"http:\/\/www.spak.art.pl\/?p=3398\" target=\"_blank\" rel=\"noopener\">Banknoty Daniela Strzelczyka<\/a><\/h1>\n<h1><a href=\"http:\/\/www.spak.art.pl\/?p=3393\" target=\"_blank\" rel=\"noopener\">Wa\u017cna informacja dla cz\u0142onk\u00f3w SPAK<\/a><\/h1>\n<h1><a href=\"http:\/\/www.spak.art.pl\/?p=3378\" target=\"_blank\" rel=\"noopener\">Od rysunku do animacji \u2013 relacja z wernisa\u017cu<\/a><\/h1>\n<h1><a href=\"http:\/\/www.spak.art.pl\/?p=3370\" target=\"_blank\" rel=\"noopener\">Cebula w Preszowie<\/a><\/h1>\n<h1><a href=\"http:\/\/www.spak.art.pl\/?p=3362\" target=\"_blank\" rel=\"noopener\">Poczet kr\u00f3l\u00f3w wed\u0142ug Belniaka<\/a><\/h1>\n<h1><a href=\"http:\/\/www.spak.art.pl\/?p=3355\" target=\"_blank\" rel=\"noopener\">Nie \u017cyje Josef Ku\u010dera<\/a><\/h1>\n<h1><a href=\"http:\/\/www.spak.art.pl\/?p=3349\" target=\"_blank\" rel=\"noopener\">Muzeum Karykatury zagro\u017cone<\/a><\/h1>\n<h1><a href=\"http:\/\/www.spak.art.pl\/?p=3343\" target=\"_blank\" rel=\"noopener\">\u201eJestem Charlie\u201d- seminarium i wystawa rysunku satyrycznego w Norwegii<\/a><\/h1>\n<h1><a href=\"http:\/\/www.spak.art.pl\/?p=3334\" target=\"_blank\" rel=\"noopener\">\u015awiat satyry wed\u0142ug Zbigniewa Wo\u017aniaka w Muzeum Karykatury w Warszawie<\/a><\/h1>\n<h1><a href=\"http:\/\/www.spak.art.pl\/?p=3326\" target=\"_blank\" rel=\"noopener\">Polacy w Portugalii<\/a><\/h1>\n<h1><a href=\"http:\/\/www.spak.art.pl\/?p=3320\" target=\"_blank\" rel=\"noopener\">Rysunki prasowe \u0141ab\u0119dzkiego i Kuczy\u0144skiego w\u015br\u00f3d 50 najlepszych w roku 2014<\/a><\/h1>\n<h1><a href=\"http:\/\/www.spak.art.pl\/?p=3315\" target=\"_blank\" rel=\"noopener\">Polityka w karykaturze \u2013 wyniki konkursu<\/a><\/h1>\n<h1><a href=\"http:\/\/www.spak.art.pl\/?p=3307\" target=\"_blank\" rel=\"noopener\">Nie \u017cyje Zenon Porzucek<\/a><\/h1>\n<h1><a href=\"http:\/\/www.spak.art.pl\/?p=3292\" target=\"_blank\" rel=\"noopener\">Pietrzak od rysunku do animacji<\/a><\/h1>\n<h1><a href=\"http:\/\/www.spak.art.pl\/?p=3287\" target=\"_blank\" rel=\"noopener\">Najlepsze z najlepszych \u2013 rysunki roku 2014<\/a><\/h1>\n<h1><a href=\"http:\/\/www.spak.art.pl\/?p=3282\" target=\"_blank\" rel=\"noopener\">Cztery pory\u2026 karykatury<\/a><\/h1>\n<h1><a href=\"http:\/\/www.spak.art.pl\/?p=3275\" target=\"_blank\" rel=\"noopener\">POLITYKA W KARYKATURZE \u2013 wyniki I etapu konkursu<\/a><\/h1>\n<h1><a href=\"http:\/\/www.spak.art.pl\/?p=3268\" target=\"_blank\" rel=\"noopener\">Pran Kumar Sharma nagrodzony<\/a><\/h1>\n<h1><a href=\"http:\/\/www.spak.art.pl\/?p=3261\" target=\"_blank\" rel=\"noopener\">Polacy na Sejong Int\u2019l Cartoon Contest Winner Works<\/a><\/h1>\n<h1><a href=\"http:\/\/www.spak.art.pl\/?p=3250\" target=\"_blank\" rel=\"noopener\">Wiejacki in crisis<\/a><\/h1>\n<h1><a href=\"http:\/\/www.spak.art.pl\/?p=3234\" target=\"_blank\" rel=\"noopener\">O \u015b w i a d c z e n i e Stowarzyszenia Polskich Artyst\u00f3w Karykatury<\/a><\/h1>\n<h1><a href=\"http:\/\/www.spak.art.pl\/?p=3229\" target=\"_blank\" rel=\"noopener\">Zamach na redakcj\u0119 \u201eCharlie Hebdo\u201d<\/a><\/h1>\n<h1><a href=\"http:\/\/www.spak.art.pl\/?p=3218\" target=\"_blank\" rel=\"noopener\">Zi\u0119ba wygra\u0142 grudniowy rysunek miesi\u0105ca grudnia<\/a><\/h1>\n<h1><a href=\"http:\/\/www.spak.art.pl\/?p=3210\" target=\"_blank\" rel=\"noopener\">Gala SPAK 2014 \u2013 relacja<\/a><\/h1>\n<h1><a href=\"http:\/\/www.spak.art.pl\/?p=3198\" target=\"_blank\" rel=\"noopener\">Grzondziel wygra\u0142 Brain Sneezing 2014<\/a><\/h1>\n<h1><a href=\"http:\/\/www.spak.art.pl\/?p=3205\" target=\"_blank\" rel=\"noopener\">Polacy o winie<\/a><\/h1>\n<h1><a href=\"http:\/\/www.spak.art.pl\/?p=3198\" target=\"_blank\" rel=\"noopener\">Grzondziel wygra\u0142 Brain Sneezing 2014<\/a><\/h1>\n<h1><a href=\"http:\/\/www.spak.art.pl\/?p=3182\" target=\"_blank\" rel=\"noopener\">Gala SPAK w Teatrze Rampa<\/a><\/h1>\n<h1><a href=\"http:\/\/www.spak.art.pl\/?p=3178\" target=\"_blank\" rel=\"noopener\">Nie \u017cyje Radun Bator<\/a><\/h1>\n<h1><a href=\"http:\/\/www.spak.art.pl\/?p=3173\" target=\"_blank\" rel=\"noopener\">Walne zebranie SPAK<\/a><\/h1>\n<h1><a href=\"http:\/\/www.spak.art.pl\/?p=3161\" target=\"_blank\" rel=\"noopener\">\u017byrard\u00f3w w Zamo\u015bciu, czyli wystawa ,,Manufaktury Satyry\u201d<\/a><\/h1>\n<h1><a href=\"http:\/\/www.spak.art.pl\/?p=3153\" target=\"_blank\" rel=\"noopener\">POLITYKA W KARYKATURZE \u2013 nowy konkurs<\/a><\/h1>\n<h1><a href=\"http:\/\/www.spak.art.pl\/?p=3148\" target=\"_blank\" rel=\"noopener\">Z\u0142ota Szpila 2014 \u2013 wyniki<\/a><\/h1>\n<h1><a href=\"http:\/\/www.spak.art.pl\/?p=3142\" target=\"_blank\" rel=\"noopener\">Karykatura kraj\u00f3w nadba\u0142tyckich<\/a><\/h1>\n<h1><a href=\"http:\/\/www.spak.art.pl\/?p=3133\" target=\"_blank\" rel=\"noopener\">,,Manufaktura Satyry\u201d w Zamo\u015bciu<\/a><\/h1>\n<h1><a href=\"http:\/\/www.spak.art.pl\/?p=3129\" target=\"_blank\" rel=\"noopener\">Galeria Dobrego Humoru \u2013 wernisa\u017c<\/a><\/h1>\n<h1><a href=\"http:\/\/www.spak.art.pl\/?p=3124\" target=\"_blank\" rel=\"noopener\">Porzucek ikon\u0105 Pabianic<\/a><\/h1>\n<h1><a href=\"http:\/\/www.spak.art.pl\/?p=3117\" target=\"_blank\" rel=\"noopener\">Aleksander Wo\u0142os nie \u017cyje<\/a><\/h1>\n<h1><a href=\"http:\/\/www.spak.art.pl\/?p=3113\" target=\"_blank\" rel=\"noopener\">Order dla Ko\u015bcieszy<\/a><\/h1>\n<h1><a href=\"http:\/\/www.spak.art.pl\/?p=3109\" target=\"_blank\" rel=\"noopener\">,,Manufaktura Satyry\u201d w przewodniku turystycznym po \u017byrardowie<\/a><\/h1>\n<h1><a href=\"http:\/\/www.spak.art.pl\/?p=3102\" target=\"_blank\" rel=\"noopener\">Graczyk ze Z\u0142otym Soko\u0142em<\/a><\/h1>\n<h1><a href=\"http:\/\/www.spak.art.pl\/?p=3079\" target=\"_blank\" rel=\"noopener\">XII KARPIK \u2013 fotorelacja<\/a><\/h1>\n<h1><a href=\"http:\/\/www.spak.art.pl\/?p=3074\" target=\"_blank\" rel=\"noopener\">\u015awiat wed\u0142ug Fr\u0105ckiewicza<\/a><\/h1>\n<h1><a href=\"http:\/\/www.spak.art.pl\/?p=3067\" target=\"_blank\" rel=\"noopener\">Jaskiniowcy Anny Sokolskiej na Litwie<\/a><\/h1>\n<h1><a href=\"http:\/\/www.spak.art.pl\/?p=3059\" target=\"_blank\" rel=\"noopener\">Cebula wygra\u0142 \u201erysunek miesi\u0105ca\u201d \u2013 pa\u017adziernik 2014<\/a><\/h1>\n<h1><a href=\"http:\/\/www.spak.art.pl\/?p=3054\" target=\"_blank\" rel=\"noopener\">Polacy o sporcie w L\u00fcbben<\/a><\/h1>\n<h1><a href=\"http:\/\/www.spak.art.pl\/?p=3048\" target=\"_blank\" rel=\"noopener\">Nie \u017cyje Ma\u0142gorzata Tabaka<\/a><\/h1>\n<h1><a href=\"http:\/\/www.spak.art.pl\/?p=3036\" target=\"_blank\" rel=\"noopener\">A TO POLSKA W\u0141A\u015aNIE \u2013 wyniki konkursu<\/a><\/h1>\n<h1><a href=\"http:\/\/www.spak.art.pl\/?p=3031\" target=\"_blank\" rel=\"noopener\">Wiejacki w Piotrkowie<\/a><\/h1>\n<h1><a href=\"http:\/\/www.spak.art.pl\/?p=3025\" target=\"_blank\" rel=\"noopener\">\u0141uczy\u0144ski w Poraju<\/a><\/h1>\n<h1><a href=\"http:\/\/www.spak.art.pl\/?p=3020\" target=\"_blank\" rel=\"noopener\">Wo\u017aniak wygra\u0142 KARPIKA 2014<\/a><\/h1>\n<h1><a href=\"http:\/\/www.spak.art.pl\/?p=3016\" target=\"_blank\" rel=\"noopener\">Wyniki Humorest 2014<\/a><\/h1>\n<h1><a href=\"http:\/\/www.spak.art.pl\/?p=3009\" target=\"_blank\" rel=\"noopener\">Polacy na 31. Aydin Dogan International Cartoon Competition 2014<\/a><\/h1>\n<h1><a href=\"http:\/\/www.spak.art.pl\/?p=3001\" target=\"_blank\" rel=\"noopener\">Polacy w peruwia\u0144skim katalogu<\/a><\/h1>\n<h1><a href=\"http:\/\/www.spak.art.pl\/?p=2996\" target=\"_blank\" rel=\"noopener\">23. rocznica \u015bmierci Eryka Lipi\u0144skiego<\/a><\/h1>\n<h1><a href=\"http:\/\/www.spak.art.pl\/?p=2988\" target=\"_blank\" rel=\"noopener\">Grzondziel w Iranie<\/a><\/h1>\n<h1><a href=\"http:\/\/www.spak.art.pl\/?p=2982\" target=\"_blank\" rel=\"noopener\">Nowy Dyrektor Muzeum Karykatury<\/a><\/h1>\n<h1><a href=\"http:\/\/www.spak.art.pl\/?p=2955\" target=\"_blank\" rel=\"noopener\">Karykatury na Satyrbluesie<\/a><\/h1>\n<h1><a href=\"http:\/\/www.spak.art.pl\/?p=2941\" target=\"_blank\" rel=\"noopener\">Cebula w katalogu i albumie<\/a><\/h1>\n<h1><a href=\"http:\/\/www.spak.art.pl\/?p=2929\" target=\"_blank\" rel=\"noopener\">15. Satyrblues \u2013 relacja<\/a><\/h1>\n<h1><a href=\"http:\/\/www.spak.art.pl\/?p=2915\" target=\"_blank\" rel=\"noopener\">Manufaktura Satyry. Otwarcie wystawy w \u017byrardowie.<\/a><\/h1>\n<h1><a href=\"http:\/\/www.spak.art.pl\/?p=2910\" target=\"_blank\" rel=\"noopener\">\u0141uczy\u0144ski wystawia w Pabianicach<\/a><\/h1>\n<h1><a href=\"http:\/\/www.spak.art.pl\/?p=2906\" target=\"_blank\" rel=\"noopener\">Belniak w Krakowie<\/a><\/h1>\n<h1><a href=\"http:\/\/www.spak.art.pl\/?p=2900\" target=\"_blank\" rel=\"noopener\">Plenerowa wystawa ,,Manufaktury Satyry\u201d na ulicy Okrzei w \u017byrardowie<\/a><\/h1>\n<h1><a href=\"http:\/\/www.spak.art.pl\/?p=2896\" target=\"_blank\" rel=\"noopener\">15. Satyrblues<\/a><\/h1>\n<h1><a href=\"http:\/\/www.spak.art.pl\/?p=2885\" target=\"_blank\" rel=\"noopener\">Rysowanie karykatur na akcji charytatywnej<\/a><\/h1>\n<h1><a href=\"http:\/\/www.spak.art.pl\/?p=2878\" target=\"_blank\" rel=\"noopener\">,,Manufaktura Satyry\u201d ma ju\u017c pi\u0119\u0107 lat<\/a><\/h1>\n<h1><a href=\"http:\/\/www.spak.art.pl\/?p=2864\" target=\"_blank\" rel=\"noopener\">IV Jurajski Plener Karykaturzyst\u00f3w \u2013 relacja<\/a><\/h1>\n<h1><a href=\"http:\/\/www.spak.art.pl\/?p=2855\">Wystawa Lengrena w Gda\u0144sku<\/a><\/h1>\n<h1><a href=\"http:\/\/www.spak.art.pl\/?p=2848\" target=\"_blank\" rel=\"noopener\">Nie \u017cyje S\u0142awomir Burzy\u0144ski<\/a><\/h1>\n<h1><a href=\"http:\/\/www.spak.art.pl\/?p=2842\" target=\"_blank\" rel=\"noopener\">Wystawy Gda\u0144skiej Galerii Dobrego Humoru na Litwie<\/a><\/h1>\n<h1><a href=\"http:\/\/www.spak.art.pl\/?p=2829\" target=\"_blank\" rel=\"noopener\">10. Plener Satyryczny w Biskupinie \u2013 relacja<\/a><\/h1>\n<h1><a href=\"http:\/\/www.spak.art.pl\/?p=2820\" target=\"_blank\" rel=\"noopener\">Nyski Weekend Satyry \u2013 relacja<\/a><\/h1>\n<h1><a href=\"http:\/\/www.spak.art.pl\/?p=2811\" target=\"_blank\" rel=\"noopener\">Polsko \u2013 czeski weekend z satyr\u0105 i karykatur\u0105<\/a><\/h1>\n<h1><a href=\"http:\/\/www.spak.art.pl\/?p=2803\" target=\"_blank\" rel=\"noopener\">Ratman na Ligaturze<\/a><\/h1>\n<h1><a href=\"http:\/\/www.spak.art.pl\/?p=2799\" target=\"_blank\" rel=\"noopener\">10. wernisa\u017c w Biskupinie<\/a><\/h1>\n<h1><a href=\"http:\/\/www.spak.art.pl\/?p=2792\" target=\"_blank\" rel=\"noopener\">Polacy o starych samochodach<\/a><\/h1>\n<h1><a href=\"http:\/\/www.spak.art.pl\/?p=2787\" target=\"_blank\" rel=\"noopener\">Warsztaty Artystyczne Jaros\u0142aw<\/a><\/h1>\n<h1><a href=\"http:\/\/www.spak.art.pl\/?p=2782\" target=\"_blank\" rel=\"noopener\">\u201eStop za\u015bmiecaniu las\u00f3w\u201d w Nisku<\/a><\/h1>\n<h1><a href=\"http:\/\/www.spak.art.pl\/?p=2777\" target=\"_blank\" rel=\"noopener\">Grzondziel wygra\u0142 Manufaktur\u0119 Satyry<\/a><\/h1>\n<h1><a href=\"http:\/\/www.spak.art.pl\/?p=2760\" target=\"_blank\" rel=\"noopener\">Morka 2014 \u2013 fotorelacja<\/a><\/h1>\n<h1><a href=\"http:\/\/www.spak.art.pl\/?p=2739\" target=\"_blank\" rel=\"noopener\">Ach te media\u2026 na Koziej<\/a><\/h1>\n<h1><a href=\"http:\/\/www.spak.art.pl\/?p=2736\" target=\"_blank\" rel=\"noopener\">Cebula zdoby\u0142 statuetk\u0119 B\u0142\u0119kitnego Melonika<\/a><\/h1>\n<h1><a href=\"http:\/\/www.spak.art.pl\/?p=2732\" target=\"_blank\" rel=\"noopener\">Konkurs na stanowisko Dyrektora Muzeum Karykatury<\/a><\/h1>\n<h1><a href=\"http:\/\/www.spak.art.pl\/?p=2726\" target=\"_blank\" rel=\"noopener\">Karykatura Kraj\u00f3w Nadba\u0142tyckich<\/a><\/h1>\n<h1><a href=\"http:\/\/www.spak.art.pl\/?p=2722\" target=\"_blank\" rel=\"noopener\">Wystawa Galerii Dobrego Humoru<\/a><\/h1>\n<h1><a href=\"http:\/\/www.spak.art.pl\/?p=2710\" target=\"_blank\" rel=\"noopener\">XI \u201eMORKA\u201d \u2013 czyli karykaturzy\u015bci \u201erz\u0105dz\u0105\u201d<\/a><\/h1>\n<h1><a href=\"http:\/\/www.spak.art.pl\/?p=2703\" target=\"_blank\" rel=\"noopener\">Polacy w Aydin Dogan Cartoon Contest<\/a><\/h1>\n<h1><a href=\"http:\/\/www.spak.art.pl\/?p=2699\" target=\"_blank\" rel=\"noopener\">Krotos w Budapeszcie<\/a><\/h1>\n<h1><a href=\"http:\/\/www.spak.art.pl\/?p=2689\" target=\"_blank\" rel=\"noopener\">\u0141uczy\u0144ski zwyci\u0119\u017cy\u0142 tegoroczn\u0105 \u201eSatyr\u0119 poza kraw\u0119dzi\u0105\u201d<\/a><\/h1>\n<h1><a href=\"http:\/\/www.spak.art.pl\/?p=2667\" target=\"_blank\" rel=\"noopener\">Str\u00f3\u017ce 2014 \u2013 fotorelacja z pleneru<\/a><\/h1>\n<h1><a href=\"http:\/\/www.spak.art.pl\/?p=2662\" target=\"_blank\" rel=\"noopener\">Cebula Na Sto Dwa<\/a><\/h1>\n<h1><a href=\"http:\/\/www.spak.art.pl\/?p=2656\" target=\"_blank\" rel=\"noopener\">Muzyczne obrazy Zi\u0119by<\/a><\/h1>\n<h1><a href=\"http:\/\/www.spak.art.pl\/?p=2652\" target=\"_blank\" rel=\"noopener\">Wystawa satyry w Gubinie<\/a><\/h1>\n<h1><a href=\"http:\/\/www.spak.art.pl\/?p=2648\" target=\"_blank\" rel=\"noopener\">Autorzy \u201eWolnych \u017cart\u00f3w\u201d<\/a><\/h1>\n<h1><a href=\"http:\/\/www.spak.art.pl\/?p=2643\" target=\"_blank\" rel=\"noopener\">Logo Muzeum Lniarstwa<\/a><\/h1>\n<h1><a href=\"http:\/\/www.spak.art.pl\/?p=2637\" target=\"_blank\" rel=\"noopener\">Polacy w Serbii<\/a><\/h1>\n<h1><a href=\"http:\/\/www.spak.art.pl\/?p=2631\" target=\"_blank\" rel=\"noopener\">Malowid\u0142a Fr\u0105ckiewicza<\/a><\/h1>\n<h1><a href=\"http:\/\/www.spak.art.pl\/?p=2624\" target=\"_blank\" rel=\"noopener\">Cebula jedyny o turystyce<\/a><\/h1>\n<h1><a href=\"http:\/\/www.spak.art.pl\/?p=2619\" target=\"_blank\" rel=\"noopener\">Sadurski do s\u0105du<\/a><\/h1>\n<h1><a href=\"http:\/\/www.spak.art.pl\/?p=2609\" target=\"_blank\" rel=\"noopener\">W\u0105chock bez 1. nagrody<\/a><\/h1>\n<h1><a href=\"http:\/\/www.spak.art.pl\/?p=2605\" target=\"_blank\" rel=\"noopener\">Prace Graczyka w Indiach<\/a><\/h1>\n<h1><a href=\"http:\/\/www.spak.art.pl\/?p=2599\" target=\"_blank\" rel=\"noopener\">Polacy w Strumicy<\/a><\/h1>\n<h1><a href=\"http:\/\/www.spak.art.pl\/?p=2587\" target=\"_blank\" rel=\"noopener\">Plener satyryczny w Sulejowie<\/a><\/h1>\n<h1><a href=\"http:\/\/www.spak.art.pl\/?p=2577\" target=\"_blank\" rel=\"noopener\">Polacy w Bu\u0142garii<\/a><\/h1>\n<h1><a href=\"http:\/\/www.spak.art.pl\/?p=2572\" target=\"_blank\" rel=\"noopener\">Sadurski w Armenii i w Polsce\u2026 przed s\u0105d<\/a><\/h1>\n<h1><a href=\"http:\/\/www.spak.art.pl\/?p=2566\" target=\"_blank\" rel=\"noopener\">\u015alimak Wieczorkowskiego wygra\u0142<\/a><\/h1>\n<h1><a href=\"http:\/\/www.spak.art.pl\/?p=2560\" target=\"_blank\" rel=\"noopener\">Tea \u2013 tryk Strzelczyka<\/a><\/h1>\n<h1><a href=\"http:\/\/www.spak.art.pl\/?p=2548\" target=\"_blank\" rel=\"noopener\">Hajnos i Cebula nagrodzeni w Bogatyni, Trojanowski \u201eKsi\u0119ciem \u0141garzy\u201d<\/a><\/h1>\n<h1><a href=\"http:\/\/www.spak.art.pl\/?p=2541\" target=\"_blank\" rel=\"noopener\">\u201ePsychologia kreski\u201d w Legionowie<\/a><\/h1>\n<h1><a href=\"http:\/\/www.spak.art.pl\/?p=2535\" target=\"_blank\" rel=\"noopener\">Karykaturzy\u015bci na policji<\/a><\/h1>\n<h1><a href=\"http:\/\/www.spak.art.pl\/?p=2529\" target=\"_blank\" rel=\"noopener\">Kolejny sukces polskiego rysownika<\/a><\/h1>\n<h1><a href=\"http:\/\/www.spak.art.pl\/?p=2522\" target=\"_blank\" rel=\"noopener\">Fr\u0105ckowiak na Koziej<\/a><\/h1>\n<h1><a href=\"http:\/\/www.spak.art.pl\/?p=2512\" target=\"_blank\" rel=\"noopener\">Fr\u0105ckiewicz w \u017byrardowie \u2013 wernisa\u017c<\/a><\/h1>\n<h1><a href=\"http:\/\/www.spak.art.pl\/?p=2499\" target=\"_blank\" rel=\"noopener\">Zagro\u017cenie \u015arodowiska Naturalnego Cz\u0142owieka \u2013 fotoreporta\u017c<\/a><\/h1>\n<h1><a href=\"http:\/\/www.spak.art.pl\/?p=2491\" target=\"_blank\" rel=\"noopener\">Cebula ze Z\u0142otym S\u0142onecznym Smokiem<\/a><\/h1>\n<h1><a href=\"http:\/\/www.spak.art.pl\/?p=2482\" target=\"_blank\" rel=\"noopener\">Fr\u0105ckiewicza metafory i kolory<\/a><\/h1>\n<h1><a href=\"http:\/\/www.spak.art.pl\/?p=2476\" target=\"_blank\" rel=\"noopener\">Grzondziel wygra\u0142 Zlaty Sudok<\/a><\/h1>\n<h1><a href=\"http:\/\/www.spak.art.pl\/?p=2471\" target=\"_blank\" rel=\"noopener\">Spacer z Henrykiem Tomaszewskim<\/a><\/h1>\n<h1><a href=\"http:\/\/www.spak.art.pl\/?p=2466\" target=\"_blank\" rel=\"noopener\">KARPIK 2014 \u2013 regulamin konkursu<\/a><\/h1>\n<h1><a href=\"http:\/\/www.spak.art.pl\/?p=2462\" target=\"_blank\" rel=\"noopener\">\u201eSTOP za\u015bmiecaniu las\u00f3w\u201d w Wielkopolsce<\/a><\/h1>\n<h1><a href=\"http:\/\/www.spak.art.pl\/?p=2450\" target=\"_blank\" rel=\"noopener\">Strzelczyk i Wo\u0142oszyn w Piwnicy<\/a><\/h1>\n<h1><a href=\"http:\/\/www.spak.art.pl\/?p=2446\" target=\"_blank\" rel=\"noopener\">Dzie\u0144 Satyry w Widawie<\/a><\/h1>\n<h1><a href=\"http:\/\/www.spak.art.pl\/?p=2439\" target=\"_blank\" rel=\"noopener\">ZAGRO\u017bENIE \u015aRODOWISKA NATURALNEGO CZ\u0141OWIEKA \u2013 wernisa\u017c<\/a><\/h1>\n<h1><a href=\"http:\/\/www.spak.art.pl\/?p=2434\" target=\"_blank\" rel=\"noopener\">ZAPISY na VI Plener Karykaturzyst\u00f3w w Muzeum Skansenie Pszczelarstwa \u2013 Str\u00f3\u017ce 2014<\/a><\/h1>\n<h1><a href=\"http:\/\/www.spak.art.pl\/?p=2428\" target=\"_blank\" rel=\"noopener\">Galeria Satyry \u201ePirania\u201d przesta\u0142a istnie\u0107<\/a><\/h1>\n<h1><a href=\"http:\/\/www.spak.art.pl\/?p=2424\" target=\"_blank\" rel=\"noopener\">XVI mi\u0119dzynarodowy konkurs rysunku satyrycznego w Zielonej G\u00f3rze<\/a><\/h1>\n<h1><a href=\"http:\/\/www.spak.art.pl\/?p=2420\" target=\"_blank\" rel=\"noopener\">Biskupin 2014 \u2013 plener<\/a><\/h1>\n<h1><a href=\"http:\/\/www.spak.art.pl\/?p=2406\" target=\"_blank\" rel=\"noopener\">Izabela Kowalska \u2013 Wieczorek wygra\u0142a Tub\u0119 Satyrica<\/a><\/h1>\n<h1><a href=\"http:\/\/www.spak.art.pl\/?p=2389\" target=\"_blank\" rel=\"noopener\">MANUFAKTURA SATYRY 2014 \u2013 regulamin konkursu<\/a><\/h1>\n<h1><a href=\"http:\/\/www.spak.art.pl\/?p=2379\" target=\"_blank\" rel=\"noopener\">Zagro\u017cenie \u015brodowiska naturalnego cz\u0142owieka \u2013 wyniki konkursu<\/a><\/h1>\n<h1><a href=\"http:\/\/www.spak.art.pl\/?p=2351\" target=\"_blank\" rel=\"noopener\">Jubileusz \u0141ab\u0119dzkiego \u2013 relacja<\/a><\/h1>\n<h1><a href=\"http:\/\/www.spak.art.pl\/?p=2345\" target=\"_blank\" rel=\"noopener\">Bartoszewski w karykaturze<\/a><\/h1>\n<h1><a href=\"http:\/\/www.spak.art.pl\/?p=2341\" target=\"_blank\" rel=\"noopener\">Wernisa\u017c Krzycha \u2013 relacja<\/a><\/h1>\n<h1><a href=\"http:\/\/www.spak.art.pl\/?p=2337\" target=\"_blank\" rel=\"noopener\">Cebula w internetowym magazynie<\/a><\/h1>\n<h1><a href=\"http:\/\/www.spak.art.pl\/?p=2328\" target=\"_blank\" rel=\"noopener\">Grela narysowa\u0142 \u201eNiegrzecznych\u201d<\/a><\/h1>\n<h1><a href=\"http:\/\/www.spak.art.pl\/?p=2323\" target=\"_blank\" rel=\"noopener\">Nie \u017cyje Janusz Stanny<\/a><\/h1>\n<h1><a href=\"http:\/\/www.spak.art.pl\/?p=2317\" target=\"_blank\" rel=\"noopener\">Krzych u Attavantich<\/a><\/h1>\n<h1><a href=\"http:\/\/www.spak.art.pl\/?p=2311\" target=\"_blank\" rel=\"noopener\">Polacy na Tajwanie<\/a><\/h1>\n<h1><a href=\"http:\/\/www.spak.art.pl\/?p=2307\" target=\"_blank\" rel=\"noopener\">Cebula razy 100 <\/a><\/h1>\n<h1><a href=\"http:\/\/www.spak.art.pl\/?p=2300\" target=\"_blank\" rel=\"noopener\">Z\u0142ota Plakieta Cebuli<\/a><\/h1>\n<h1><a href=\"http:\/\/www.spak.art.pl\/?p=2293\" target=\"_blank\" rel=\"noopener\">Jubileusz Darka \u0141ab\u0119dzkiego<\/a><\/h1>\n<h1><a href=\"http:\/\/www.spak.art.pl\/?p=2287\" target=\"_blank\" rel=\"noopener\">Jacek Frankowski zaprasza<\/a><\/h1>\n<h1><a href=\"http:\/\/www.spak.art.pl\/?p=2280\" target=\"_blank\" rel=\"noopener\">Polacy w\u015br\u00f3d laureat\u00f3w w Chinach<\/a><\/h1>\n<h1><a href=\"http:\/\/www.spak.art.pl\/?p=2274\" target=\"_blank\" rel=\"noopener\">\u201eCartoonage 2014\u2033 \u2013 Berlin<\/a><\/h1>\n<h1><a href=\"http:\/\/www.spak.art.pl\/?p=2270\" target=\"_blank\" rel=\"noopener\">Cebula w turystyce<\/a><\/h1>\n<h1><a href=\"http:\/\/www.spak.art.pl\/?p=2264\" target=\"_blank\" rel=\"noopener\">Polacy o Havlu<\/a><\/h1>\n<h1><a href=\"http:\/\/www.spak.art.pl\/?p=2260\" target=\"_blank\" rel=\"noopener\">Najlepsze z najlepszych w Muzeum Karykatury<\/a><\/h1>\n<h1><a href=\"http:\/\/www.spak.art.pl\/?p=2251\" target=\"_blank\" rel=\"noopener\">\u201eMoje podw\u00f3rko\u201d wed\u0142ug \u0141uczy\u0144skiego<\/a><\/h1>\n<h1><a href=\"http:\/\/www.spak.art.pl\/?p=2242\" target=\"_blank\" rel=\"noopener\">Gala SPAK \u2013 uzupe\u0142nienie<\/a><\/h1>\n<h1><a href=\"http:\/\/www.spak.art.pl\/?p=2235\" target=\"_blank\" rel=\"noopener\">Zi\u0119ba na festiwalu<\/a><\/h1>\n<h1><a href=\"http:\/\/www.spak.art.pl\/?p=2228\" target=\"_blank\" rel=\"noopener\">\u201eKurorty i kuracjusze\u201d \u2013 wernisa\u017c<\/a><\/h1>\n<h1><a href=\"http:\/\/www.spak.art.pl\/?p=2216\" target=\"_blank\" rel=\"noopener\">Benefis Mysyrowicza i gala SPAK \u2013 fotorelacja<\/a><\/h1>\n<h1><a href=\"http:\/\/www.spak.art.pl\/?p=2211\" target=\"_blank\" rel=\"noopener\">Rysunki \u0141uczy\u0144skiego w \u0141\u0119czycy<\/a><\/h1>\n<h1><a href=\"http:\/\/www.spak.art.pl\/?p=2204\" target=\"_blank\" rel=\"noopener\">\u0141uczy\u0144ski zas\u0142u\u017cony<\/a><\/h1>\n<h1><a href=\"http:\/\/www.spak.art.pl\/?p=2200\" target=\"_blank\" rel=\"noopener\">Ko\u015bciesza w Inowroc\u0142awiu<\/a><\/h1>\n<h1><a href=\"http:\/\/www.spak.art.pl\/?p=2196\" target=\"_blank\" rel=\"noopener\">Tuba Satyrica 2014 \u2013 regulamin konkursu<\/a><\/h1>\n<h1><a href=\"http:\/\/www.spak.art.pl\/?p=2186\" target=\"_blank\" rel=\"noopener\">Benefis Mysyrowicza i Gala SPAK<\/a><\/h1>\n<h1><a href=\"http:\/\/www.spak.art.pl\/?p=2180\" target=\"_blank\" rel=\"noopener\">Fr\u0105ckiewicz doceniony<\/a><\/h1>\n<h1><a href=\"http:\/\/www.spak.art.pl\/?p=2174\" target=\"_blank\" rel=\"noopener\">Polacy w rumu\u0144skim katalogu<\/a><\/h1>\n<h1><a href=\"http:\/\/www.spak.art.pl\/?p=2164\" target=\"_blank\" rel=\"noopener\">Polacy na S\u0142owacji<\/a><\/h1>\n<h1><a href=\"http:\/\/www.spak.art.pl\/?p=2157\" target=\"_blank\" rel=\"noopener\">Cebula w japo\u0144skim katalogu<\/a><\/h1>\n<h1><a href=\"http:\/\/www.spak.art.pl\/?p=2153\" target=\"_blank\" rel=\"noopener\">Polacy wyr\u00f3\u017cnieni w Rumunii<\/a><\/h1>\n<h1><a href=\"http:\/\/www.spak.art.pl\/?p=2144\" target=\"_blank\" rel=\"noopener\">Plakaty Magdaleny Wosik<\/a><\/h1>\n<h1><a href=\"http:\/\/www.spak.art.pl\/?p=2139\" target=\"_blank\" rel=\"noopener\">Fr\u0105ckiewicz podw\u00f3jnym laureatem<\/a><\/h1>\n<h1><a href=\"http:\/\/www.spak.art.pl\/?p=2128\" target=\"_blank\" rel=\"noopener\">Polskie akcenty w Norwegii<\/a><\/h1>\n<h1><a href=\"http:\/\/www.spak.art.pl\/?p=2123\" target=\"_blank\" rel=\"noopener\">Polacy w katalogu World Press Cartoon 2013<\/a><\/h1>\n<h1><a href=\"http:\/\/www.spak.art.pl\/?p=2119\" target=\"_blank\" rel=\"noopener\">Cebula w kalendarzu<\/a><\/h1>\n<h1><a href=\"http:\/\/www.spak.art.pl\/?p=2113\" target=\"_blank\" rel=\"noopener\">Magda Wosik \u2013 O. Choinka!<\/a><\/h1>\n<h1><a href=\"http:\/\/www.spak.art.pl\/?p=2108\" target=\"_blank\" rel=\"noopener\">Gala SPAK<\/a><\/h1>\n<h1><a href=\"http:\/\/www.spak.art.pl\/?p=2103\" target=\"_blank\" rel=\"noopener\">Wernisa\u017c ilustracji Janusza Stannego w Galerii ,,Resursa\u201d<\/a><\/h1>\n<h1><a href=\"http:\/\/www.spak.art.pl\/?p=2097\" target=\"_blank\" rel=\"noopener\">Dziatlik i media spo\u0142eczno\u015bciowe na Koziej<\/a><\/h1>\n<h1><a href=\"http:\/\/www.spak.art.pl\/?p=2090\" target=\"_blank\" rel=\"noopener\">KARPIK 2014 \u2013 regulamin<\/a><\/h1>\n<h1><a href=\"http:\/\/www.spak.art.pl\/?p=2084\" target=\"_blank\" rel=\"noopener\">Stanny w \u017byrardowie<\/a><\/h1>\n<h1><a href=\"http:\/\/www.spak.art.pl\/?p=2076\" target=\"_blank\" rel=\"noopener\">Terlecki i Graczyk w Polanicy \u2013 Zdroju<\/a><\/h1>\n<h1><a href=\"http:\/\/www.spak.art.pl\/?p=2067\" target=\"_blank\" rel=\"noopener\">Graczyk wygra\u0142 \u201eZ\u0142ot\u0105 Szpil\u0119\u201d 2013<\/a><\/h1>\n<h1><a href=\"http:\/\/www.spak.art.pl\/?p=2061\" target=\"_blank\" rel=\"noopener\">Frankowski w Poczesnej<\/a><\/h1>\n<h1><a href=\"http:\/\/www.spak.art.pl\/?p=2056\" target=\"_blank\" rel=\"noopener\">Cebula jedyny w Hiszpanii<\/a><\/h1>\n<h1><a href=\"http:\/\/www.spak.art.pl\/?p=2045\" target=\"_blank\" rel=\"noopener\">KARPIK 2013 \u2013 fotorelacja<\/a><\/h1>\n<h1><a href=\"http:\/\/www.spak.art.pl\/?p=2037\" target=\"_blank\" rel=\"noopener\">Sadurski w RPA<\/a><\/h1>\n<h1><a href=\"http:\/\/www.spak.art.pl\/?p=2033\" target=\"_blank\" rel=\"noopener\">Cebula zwyci\u0119\u017cy\u0142 w Libanie<\/a><\/h1>\n<h1><a href=\"http:\/\/www.spak.art.pl\/?p=2022\" target=\"_blank\" rel=\"noopener\">Benefis \u0141uczy\u0144skiego- fotorelacja<\/a><\/h1>\n<h1><a href=\"http:\/\/www.spak.art.pl\/?p=2017\" target=\"_blank\" rel=\"noopener\">Wiater przed aresztem<\/a><\/h1>\n<h1><a href=\"http:\/\/www.spak.art.pl\/?p=2009\" target=\"_blank\" rel=\"noopener\">Cebula jedyny w Turcji<\/a><\/h1>\n<h1><a href=\"http:\/\/www.spak.art.pl\/?p=2004\" target=\"_blank\" rel=\"noopener\">Rysunki o stanie wojennym<\/a><\/h1>\n<h1><a href=\"http:\/\/www.spak.art.pl\/?p=1997\" target=\"_blank\" rel=\"noopener\">Benefis \u0141uczy\u0144skiego<\/a><\/h1>\n<h1><a href=\"http:\/\/www.spak.art.pl\/?p=1992\" target=\"_blank\" rel=\"noopener\">Poplenerowy kalendarz<\/a><\/h1>\n<h1><a href=\"http:\/\/www.spak.art.pl\/?p=1982\" target=\"_blank\" rel=\"noopener\">Zi\u0119ba na Zaduszki<\/a><\/h1>\n<h1><a href=\"http:\/\/www.spak.art.pl\/?p=1964\" target=\"_blank\" rel=\"noopener\">Benefis Cebuli \u2013 fotoreporta\u017c<\/a><\/h1>\n<h1><a href=\"http:\/\/www.spak.art.pl\/?p=1958\" target=\"_blank\" rel=\"noopener\">Cebula w albumie<\/a><\/h1>\n<h1><a href=\"http:\/\/www.spak.art.pl\/?p=1943\" target=\"_blank\" rel=\"noopener\">Cebula i Tabaka nagrodzeni w Bu\u0142garii<\/a><\/h1>\n<h1><a href=\"http:\/\/www.spak.art.pl\/?p=1938\" target=\"_blank\" rel=\"noopener\">Benefis Cebuli<\/a><\/h1>\n<h1><a href=\"http:\/\/www.spak.art.pl\/?p=1930\" target=\"_blank\" rel=\"noopener\">Polacy nagrodzeni w Korei<\/a><\/h1>\n<h1><a href=\"http:\/\/www.spak.art.pl\/?p=1923\" target=\"_blank\" rel=\"noopener\">Wkr\u00f3tce Karpik 2013<\/a><\/h1>\n<h1><a href=\"http:\/\/www.spak.art.pl\/?p=1918\" target=\"_blank\" rel=\"noopener\">Talarski w SPAK<\/a><\/h1>\n<h1><a href=\"http:\/\/http:\/\/www.spak.art.pl\/?p=1913\" target=\"_blank\" rel=\"noopener\">Kuczy\u0144ski wygra\u0142 Brain Sneezing<\/a><\/h1>\n<h1><a href=\"http:\/\/www.spak.art.pl\/?p=1908\" target=\"_blank\" rel=\"noopener\">Polacy w Skopje<\/a><\/h1>\n<h1><a href=\"http:\/\/www.spak.art.pl\/?p=1904\" target=\"_blank\" rel=\"noopener\">Sadurski w Barcelonie \u2013 relacja<\/a><\/h1>\n<h1><a href=\"http:\/\/www.spak.art.pl\/?p=1900\" target=\"_blank\" rel=\"noopener\">Nowi w SPAK<\/a><\/h1>\n<h1><a href=\"http:\/\/www.spak.art.pl\/?p=1892\" target=\"_blank\" rel=\"noopener\">Graczyk i Piersi<\/a><\/h1>\n<h1><a href=\"http:\/\/www.spak.art.pl\/?p=1887\" target=\"_blank\" rel=\"noopener\">Cebula nagrodzony przez ministerstwo<\/a><\/h1>\n<h1><a href=\"http:\/\/www.spak.art.pl\/?p=1881\" target=\"_blank\" rel=\"noopener\">Grzondziel laureatem w Chinach<\/a><\/h1>\n<h1><a href=\"http:\/\/www.spak.art.pl\/?p=1874\" target=\"_blank\" rel=\"noopener\">Polacy o karnawale<\/a><\/h1>\n<h1><a href=\"http:\/\/www.spak.art.pl\/?p=1869\" target=\"_blank\" rel=\"noopener\">Gala fina\u0142owa konkursu \u201eOlsztyn 660 lat\u201d<\/a><\/h1>\n<h1><a href=\"http:\/\/www.spak.art.pl\/?p=1864\" target=\"_blank\" rel=\"noopener\">Sadurski w Barcelonie<\/a><\/h1>\n<h1><a href=\"http:\/\/www.spak.art.pl\/?p=1856\" target=\"_blank\" rel=\"noopener\">Wo\u017aniak wygra\u0142 KARPIKA 2013<\/a><\/h1>\n<h1><a href=\"http:\/\/www.spak.art.pl\/?p=1848\" target=\"_blank\" rel=\"noopener\">Jacek Fr\u0105ckiewicz podw\u00f3jnym laureatem w Olsztynie<\/a><\/h1>\n<h1><a href=\"http:\/\/www.spak.art.pl\/?p=1838\" target=\"_blank\" rel=\"noopener\">Terlecki i Graczyk w Bytomiu \u2013 relacja<\/a><\/h1>\n<h1><a href=\"http:\/\/www.spak.art.pl\/?p=1830\" target=\"_blank\" rel=\"noopener\">Grzondziel wygra\u0142 w Azerbejd\u017canie<\/a><\/h1>\n<h1><a href=\"http:\/\/www.spak.art.pl\/?p=1826\" target=\"_blank\" rel=\"noopener\">Kuczy\u0144ski wygra\u0142 konkurs o Olsztynie<\/a><\/h1>\n<h1><a href=\"http:\/\/www.spak.art.pl\/?p=1822\" target=\"_blank\" rel=\"noopener\">Polacy o gastronomi<\/a><\/h1>\n<h1><a href=\"http:\/\/www.spak.art.pl\/?p=1815\" target=\"_blank\" rel=\"noopener\">Medi@ spo\u0142eczno\u015bciowe \u2013 fina\u0142<\/a><\/h1>\n<h1><a href=\"http:\/\/www.spak.art.pl\/?p=1805\" target=\"_blank\" rel=\"noopener\">Wielokulturowo i mi\u0119dzynarodowo w Galerii ,,Resursa\u201d<\/a><\/h1>\n<h1><a href=\"http:\/\/www.spak.art.pl\/?p=1800\" target=\"_blank\" rel=\"noopener\">Cebulowe pola \u201edwa i p\u00f3\u0142\u201d<\/a><\/h1>\n<h1><a href=\"http:\/\/www.spak.art.pl\/?p=1786\" target=\"_blank\" rel=\"noopener\">SATYRBLUES 2013 \u2013 relacja<\/a><\/h1>\n<h1><a href=\"http:\/\/www.spak.art.pl\/?p=1780\" target=\"_blank\" rel=\"noopener\">Prof. Zygmunt Januszewski nie \u017cyje<\/a><\/h1>\n<h1><a href=\"http:\/\/www.spak.art.pl\/?p=1771\" target=\"_blank\" rel=\"noopener\">Fr\u0105ckiewicz wygra\u0142 w Hajfie<\/a><\/h1>\n<h1><a href=\"http:\/\/www.spak.art.pl\/?p=1754\" target=\"_blank\" rel=\"noopener\">III Plener Jurajski \u2013 relacja<\/a><\/h1>\n<h1><a href=\"http:\/\/www.spak.art.pl\/?p=1747\" target=\"_blank\" rel=\"noopener\">\u201eObiektofilia\u201d Zi\u0119by \u2013 fotoreporta\u017c<\/a><\/h1>\n<h1><a href=\"http:\/\/www.spak.art.pl\/?p=1743\" target=\"_blank\" rel=\"noopener\">Wernisa\u017c IV Og\u00f3lnopolskiego Konkursu Satyrycznego ,,Manufaktura Satyry\u201d<\/a><\/h1>\n<h1><a href=\"http:\/\/www.spak.art.pl\/?p=1741\" target=\"_blank\" rel=\"noopener\">Sk\u0142ad jury III edycji konkursu \u201eBrain Sneezing\u201d<\/a><\/h1>\n<h1><a href=\"http:\/\/www.spak.art.pl\/?p=1736\" target=\"_blank\" rel=\"noopener\">Zi\u0119ba w Wejherowie<\/a><\/h1>\n<h1><a href=\"http:\/\/www.spak.art.pl\/?p=1732\" target=\"_blank\" rel=\"noopener\">Kurorty i kuracjusze \u2013 6 grudnia wr\u0119czenie nagr\u00f3d<\/a><\/h1>\n<h1><a href=\"http:\/\/www.spak.art.pl\/?p=1728\" target=\"_blank\" rel=\"noopener\">Fr\u0105ckiewicz wygra\u0142 w Chorwacji<\/a><\/h1>\n<h1><a href=\"http:\/\/www.spak.art.pl\/?p=1710\" target=\"_blank\" rel=\"noopener\">U\u015bmiech Ekranu \u2013 fotoreporta\u017c<\/a><\/h1>\n<h1><a href=\"http:\/\/www.spak.art.pl\/?p=1705\" target=\"_blank\" rel=\"noopener\">\u201eObiektofilia\u201d Wies\u0142awa Zi\u0119by<\/a><\/h1>\n<h1><a href=\"http:\/\/www.spak.art.pl\/?p=1701\" target=\"_blank\" rel=\"noopener\">SATYRBLUES 2013<\/a><\/h1>\n<h1><a href=\"http:\/\/www.spak.art.pl\/?p=1697\" target=\"_blank\" rel=\"noopener\">100 razy 60 Cebuli<\/a><\/h1>\n<h1><a href=\"http:\/\/www.spak.art.pl\/?p=1692\" target=\"_blank\" rel=\"noopener\">MISZMASZ \u2013 S\u0142awomir \u0141uczy\u0144ski i przyjaciele<\/a><\/h1>\n<h1><a href=\"http:\/\/www.spak.art.pl\/?p=1687\" target=\"_blank\" rel=\"noopener\">Weso\u0142e obrazki Graczyka i Terleckiego<\/a><\/h1>\n<h1><a href=\"http:\/\/www.spak.art.pl\/?p=1676\" target=\"_blank\" rel=\"noopener\">Wernisa\u017c w Biskupinie \u2013 fotorelacja<\/a><\/h1>\n<h1><a href=\"http:\/\/www.spak.art.pl\/?p=1670\" target=\"_blank\" rel=\"noopener\">Metaforyczne rysunki Fr\u0105ckiewicza<\/a><\/h1>\n<h1><a href=\"http:\/\/www.spak.art.pl\/?p=1665\" target=\"_blank\" rel=\"noopener\">Wernisa\u017c w Biskupinie<\/a><\/h1>\n<h1><a href=\"http:\/\/www.spak.art.pl\/?p=1662\" target=\"_blank\" rel=\"noopener\">Pietrzak wygra\u0142 konkurs \u201eKurorty i kuracjusze\u201d<\/a><\/h1>\n<h1><a href=\"http:\/\/www.spak.art.pl\/?p=1657\" target=\"_blank\" rel=\"noopener\">Kuczy\u0144ski wygra\u0142 U\u015bmiech Ekranu<\/a><\/h1>\n<h1>I<a href=\"http:\/\/www.spak.art.pl\/?p=1650\" target=\"_blank\" rel=\"noopener\">V Manufaktura Satyry rozstrzygni\u0119ta<\/a><\/h1>\n<h1><a href=\"http:\/\/www.spak.art.pl\/?p=1637\" target=\"_blank\" rel=\"noopener\">\u201eBanknoty\u201d Strzelczyka \u2013 fotoreporta\u017c<\/a><\/h1>\n<h1><a href=\"http:\/\/www.spak.art.pl\/?p=1632\" target=\"_blank\" rel=\"noopener\">,,Miasto ogr\u00f3d\u201d w Olsztynie<\/a><\/h1>\n<h1><a href=\"http:\/\/www.spak.art.pl\/?p=1626\" target=\"_blank\" rel=\"noopener\">Wystawy Jacka Fr\u0105ckiewicza<\/a><\/h1>\n<h1><a href=\"http:\/\/www.spak.art.pl\/?p=1621\" target=\"_blank\" rel=\"noopener\">Nagroda SPAK w \u201eMedi@ch spo\u0142eczno\u015bciowych\u201d<\/a><\/h1>\n<h1><a href=\"http:\/\/www.spak.art.pl\/?p=1618\" target=\"_blank\" rel=\"noopener\">Polacy w Zagrzebiu<\/a><\/h1>\n<h1><a href=\"http:\/\/www.spak.art.pl\/?p=1614\" target=\"_blank\" rel=\"noopener\">Kazanevsky wygra\u0142 konkurs o Warszawie<\/a><\/h1>\n<h1><a href=\"http:\/\/www.spak.art.pl\/?p=1612\" target=\"_blank\" rel=\"noopener\">Kuczy\u0144ski wygra\u0142 Biennale w Teheranie<\/a><\/h1>\n<h1><a href=\"http:\/\/www.spak.art.pl\/?p=1608\" target=\"_blank\" rel=\"noopener\">Media o Galerii Stodo\u0142a<\/a><\/h1>\n<h1><a href=\"http:\/\/www.spak.art.pl\/?p=1595\" target=\"_blank\" rel=\"noopener\">Letnia Galeria \u201eStodo\u0142a\u201d otwarta<\/a><\/h1>\n<h1><a href=\"http:\/\/www.spak.art.pl\/?p=1592\" target=\"_blank\" rel=\"noopener\">\u017byrardowska wystawa w Olsztynie<\/a><\/h1>\n<h1><a href=\"http:\/\/www.spak.art.pl\/?p=1587\" target=\"_blank\" rel=\"noopener\">Banknoty Strzelczyka<\/a><\/h1>\n<h1><a href=\"http:\/\/www.spak.art.pl\/?p=1582\" target=\"_blank\" rel=\"noopener\">Gra\u017cyna Bohdanowicz nie \u017cyje<\/a><\/h1>\n<h1><a href=\"http:\/\/www.spak.art.pl\/?p=1576\" target=\"_blank\" rel=\"noopener\">Plagiat czy nie?<\/a><\/h1>\n<h1><a href=\"http:\/\/www.spak.art.pl\/?p=1571\" target=\"_blank\" rel=\"noopener\">Lebenstein w Muzeum Karykatury<\/a><\/h1>\n<h1><a href=\"http:\/\/www.spak.art.pl\/?p=1566\" target=\"_blank\" rel=\"noopener\">Jubileusze Jujki<\/a><\/h1>\n<h1><a href=\"http:\/\/www.spak.art.pl\/?p=1562\" target=\"_blank\" rel=\"noopener\">Kuczy\u0144ski na Litwie<\/a><\/h1>\n<h1><a href=\"http:\/\/www.spak.art.pl\/?p=1558\" target=\"_blank\" rel=\"noopener\">Grzondziel wygra\u0142 Aydin Dogan 2013<\/a><\/h1>\n<h1><a href=\"http:\/\/www.spak.art.pl\/?p=1548\" target=\"_blank\" rel=\"noopener\">Plener w Str\u00f3\u017cach \u2013 fotoreporta\u017c<\/a><\/h1>\n<h1><a href=\"http:\/\/www.spak.art.pl\/?p=1541\" target=\"_blank\" rel=\"noopener\">Grzondziel wygra\u0142 Cartoonmag<\/a><\/h1>\n<h1><a href=\"http:\/\/www.spak.art.pl\/?p=1535\" target=\"_blank\" rel=\"noopener\">G\u0142uszek wygra\u0142 \u201emedia spo\u0142eczno\u015bciowe\u201d<\/a><\/h1>\n<h1><a href=\"http:\/\/www.spak.art.pl\/?p=1529\" target=\"_blank\" rel=\"noopener\">\u017byrardowska wystawa w Podkowie Le\u015bnej<\/a><\/h1>\n<h1><a href=\"http:\/\/www.spak.art.pl\/?p=1517\" target=\"_blank\" rel=\"noopener\">Manufaktura Satyry w Podkowie Le\u015bnej<\/a><\/h1>\n<h1><a href=\"http:\/\/www.spak.art.pl\/?p=1512\" target=\"_blank\" rel=\"noopener\">Wernisa\u017c Belniaka \u2013 fotoreporta\u017c<\/a><\/h1>\n<h1><a href=\"http:\/\/www.spak.art.pl\/?p=1507\" target=\"_blank\" rel=\"noopener\">Komiks Andrzeja Graniaka<\/a><\/h1>\n<h1><a href=\"http:\/\/www.spak.art.pl\/?p=1502\" target=\"_blank\" rel=\"noopener\">Hokej w karykaturze<\/a><\/h1>\n<h1><a href=\"http:\/\/www.spak.art.pl\/?p=1497\" target=\"_blank\" rel=\"noopener\">Lizo\u0144 w Piranii<\/a><\/h1>\n<h1><a href=\"http:\/\/www.spak.art.pl\/?p=1491\" target=\"_blank\" rel=\"noopener\">Belniak w Gorlicach<\/a><\/h1>\n<h1><a href=\"http:\/\/www.spak.art.pl\/?p=1475\" target=\"_blank\" rel=\"noopener\">I plener Piotrk\u00f3w \u2013 Sulej\u00f3w \u2013 W\u0142odzimierz\u00f3w \u2013 fotorelacja<\/a><\/h1>\n<h1><a href=\"http:\/\/www.spak.art.pl\/?p=1460\" target=\"_blank\" rel=\"noopener\">W 222 rocznic\u0119 uchwalenia Konstytucji 3 Maja<\/a><\/h1>\n<h1><a href=\"http:\/\/www.spak.art.pl\/?p=1456\" target=\"_blank\" rel=\"noopener\">\u201eKoniec \u017cart\u00f3w\u201d w Sofii<\/a><\/h1>\n<h1><a href=\"http:\/\/www.spak.art.pl\/?p=1449\" target=\"_blank\" rel=\"noopener\">Polacy w du\u0144skim Viborgu<\/a><\/h1>\n<h1><a href=\"http:\/\/www.spak.art.pl\/?p=1442\" target=\"_blank\" rel=\"noopener\">Br\u0105zowy medal dla Zi\u0119by<\/a><\/h1>\n<h1><a href=\"http:\/\/www.spak.art.pl\/?p=1433\" target=\"_blank\" rel=\"noopener\">Manufaktura Satyry w Warszawie<\/a><\/h1>\n<h1><a href=\"http:\/\/www.spak.art.pl\/?p=1427\" target=\"_blank\" rel=\"noopener\">Pie\u015bni patriotyczne w ilustracji<\/a><\/h1>\n<h1><a href=\"http:\/\/www.spak.art.pl\/?p=1422\" target=\"_blank\" rel=\"noopener\">Manufaktura Satyry w Warszawie<\/a><\/h1>\n<h1><a href=\"http:\/\/www.spak.art.pl\/?p=1407\" target=\"_blank\" rel=\"noopener\">Ruch Pi\u0119kniejsza Polska nagrodzi\u0142 artyst\u00f3w \u2013 fotoreporta\u017c<\/a><\/h1>\n<h1><a href=\"http:\/\/www.spak.art.pl\/?p=1396\" target=\"_blank\" rel=\"noopener\">Gala na Zamku Kr\u00f3lewskim<\/a><\/h1>\n<h1><a href=\"http:\/\/www.spak.art.pl\/?p=1390\" target=\"_blank\" rel=\"noopener\">SMILESIA ruszy\u0142a<\/a><\/h1>\n<h1><a href=\"http:\/\/www.spak.art.pl\/?p=1384\" target=\"_blank\" rel=\"noopener\">Ruk\u015b\u0107 w Bogatyni<\/a><\/h1>\n<h1><a href=\"http:\/\/www.spak.art.pl\/?p=1378\" target=\"_blank\" rel=\"noopener\">Rusza SMILESIA<\/a><\/h1>\n<h1><a href=\"http:\/\/www.spak.art.pl\/?p=1373\" target=\"_blank\" rel=\"noopener\">Arkadiusz Gacparski nie \u017cyje<\/a><\/h1>\n<h1><a href=\"http:\/\/www.spak.art.pl\/?p=1368\" target=\"_blank\" rel=\"noopener\">Swojskie klimaty Graczyka<\/a><\/h1>\n<h1><a href=\"http:\/\/www.spak.art.pl\/?p=1354\" target=\"_blank\" rel=\"noopener\">Rysownicy w Pradze<\/a><\/h1>\n<h1><a href=\"http:\/\/www.spak.art.pl\/?p=1349\" target=\"_blank\" rel=\"noopener\">LEX IS MORE<\/a><\/h1>\n<h1><a href=\"http:\/\/www.spak.art.pl\/?p=1344\" target=\"_blank\" rel=\"noopener\">Konkurs na rysunek satyryczny MORKA 2013<\/a><\/h1>\n<h1><a href=\"http:\/\/www.spak.art.pl\/?p=1339\" target=\"_blank\" rel=\"noopener\">\u0141uczy\u0144ski \u201ePo drodze\u201d<\/a><\/h1>\n<h1><a href=\"http:\/\/www.spak.art.pl\/?p=1334\" target=\"_blank\" rel=\"noopener\">Wystawy Stowarzyszenia IKAR<\/a><\/h1>\n<h1><a href=\"http:\/\/www.spak.art.pl\/?p=1331\" target=\"_blank\" rel=\"noopener\">Konkurs o zabytkach<\/a><\/h1>\n<h1><a href=\"http:\/\/www.spak.art.pl\/?p=1328\" target=\"_blank\" rel=\"noopener\">Zi\u0119ba w Wypiekach Kultury<\/a><\/h1>\n<h1><a href=\"http:\/\/www.spak.art.pl\/?p=1319\" target=\"_blank\" rel=\"noopener\">Polacy w Syrii<\/a><\/h1>\n<h1><a href=\"http:\/\/www.spak.art.pl\/?p=1315\" target=\"_blank\" rel=\"noopener\">Tomasz Jura nie \u017cyje<\/a><\/h1>\n<h1><a href=\"http:\/\/www.spak.art.pl\/?p=1309\" target=\"_blank\" rel=\"noopener\">Polacy w Bojnourd<\/a><\/h1>\n<h1><a href=\"http:\/\/www.spak.art.pl\/?p=1299\" target=\"_blank\" rel=\"noopener\">MALOWANE NADZIEJ\u0104<\/a><\/h1>\n<h1><a href=\"http:\/\/www.spak.art.pl\/?p=1292\" target=\"_blank\" rel=\"noopener\">V PLENER KARYKATURZYST\u00d3W W MUZEUM PSZCZELARSTWA \u2013 STR\u00d3\u017bE 2013<\/a><\/h1>\n<h1><a href=\"http:\/\/www.spak.art.pl\/?p=1273\" target=\"_blank\" rel=\"noopener\">Rok Mrowi\u0144skiego<\/a><\/h1>\n<h1><a href=\"http:\/\/www.spak.art.pl\/?p=1262\" target=\"_blank\" rel=\"noopener\">Mrowi\u0144ski uwieczniony w br\u0105zie<\/a><\/h1>\n<h1><a href=\"http:\/\/www.spak.art.pl\/?p=1258\" target=\"_blank\" rel=\"noopener\">Plener w Biskupinie<\/a><\/h1>\n<h1><a href=\"http:\/\/www.spak.art.pl\/?p=1255\" target=\"_blank\" rel=\"noopener\">Polacy w Skopje<\/a><\/h1>\n<h1><a href=\"http:\/\/http:\/\/www.spak.art.pl\/?p=1248\" target=\"_blank\" rel=\"noopener\">Cebula w Pradze<\/a><\/h1>\n<h1><a href=\"http:\/\/www.spak.art.pl\/?p=1243\" target=\"_blank\" rel=\"noopener\">Kustowski wygra\u0142 \u201cZlaty Sudok\u201d<\/a><\/h1>\n<h1><a href=\"http:\/\/www.spak.art.pl\/?p=1237\" target=\"_blank\" rel=\"noopener\">Lizo\u0144 w Wie\u017cy<\/a><\/h1>\n<h1><a href=\"http:\/\/www.spak.art.pl\/?p=1231\" target=\"_blank\" rel=\"noopener\">Nie tylko Strzelczyk o kobiecie<\/a><\/h1>\n<h1><a href=\"http:\/\/www.spak.art.pl\/?p=1227\" target=\"_blank\" rel=\"noopener\">Wystawa 25-lecia SPAK w Teatrze Rampa w Warszawie do ko\u0144ca maja<\/a><\/h1>\n<h1><a href=\"http:\/\/www.spak.art.pl\/?p=1217\" target=\"_blank\" rel=\"noopener\">O SPAK w \u201eAmbasadorze\u201d<\/a><\/h1>\n<h1><a href=\"http:\/\/www.spak.art.pl\/?p=1211\" target=\"_blank\" rel=\"noopener\">Odznaki Honorowe 25 \u2013 lecia SPAK<\/a><\/h1>\n<h1><a href=\"http:\/\/www.spak.art.pl\/?p=1205\" target=\"_blank\" rel=\"noopener\">KOMIKS ORBITALNY. 540 ROCZNICA URODZIN ASTRONOMA<\/a><\/h1>\n<h1><a href=\"http:\/\/www.spak.art.pl\/?p=1201\" target=\"_blank\" rel=\"noopener\">MI\u0118DZYNARODOWY KONKURS NA RYSUNEK SATYRYCZNY \u201eWARSZAWA I WARSZAWKA\u201d<\/a><\/h1>\n<h1><a href=\"http:\/\/www.spak.art.pl\/?p=1195\" target=\"_blank\" rel=\"noopener\">Lazarek wygra\u0142a SATYRYKON 2013<\/a><\/h1>\n<h1><a href=\"http:\/\/www.spak.art.pl\/?p=1184\" target=\"_blank\" rel=\"noopener\">Polacy nagrodzeni w Rumunii<\/a><\/h1>\n<h1><a href=\"http:\/\/www.spak.art.pl\/?p=1171\" target=\"_blank\" rel=\"noopener\">Mysyrowicz na Koziej \u2013 fotoreporta\u017c<\/a><\/h1>\n<h1><a href=\"http:\/\/www.spak.art.pl\/?p=1166\" target=\"_blank\" rel=\"noopener\">Wystawa o Fredrze<\/a><\/h1>\n<h1><a href=\"http:\/\/www.spak.art.pl\/?p=1157\" target=\"_blank\" rel=\"noopener\">Rysunek roku 2012 rozstrzygni\u0119ty<\/a><\/h1>\n<h1><a href=\"http:\/\/www.spak.art.pl\/?p=1151\" target=\"_blank\" rel=\"noopener\">Regulamin I Polanickiego Biennale Rysunku Satyrycznego<\/a><\/h1>\n<h1><a href=\"http:\/\/www.spak.art.pl\/?p=1145\" target=\"_blank\" rel=\"noopener\">Informacja Zarz\u0105du SPAK<\/a><\/h1>\n<h1><a href=\"http:\/\/www.spak.art.pl\/?p=1139\" target=\"_blank\" rel=\"noopener\">\u201eZ\u0142ota Szpila\u201d w Piranii<\/a><\/h1>\n<h1><a href=\"http:\/\/www.spak.art.pl\/?p=1134\" target=\"_blank\" rel=\"noopener\">Zmar\u0142 Janusz Ob\u0142ucki<\/a><\/h1>\n<h1><a href=\"http:\/\/www.spak.art.pl\/?p=1127\" target=\"_blank\" rel=\"noopener\">Tadeusz Ruci\u0144ski nie \u017cyje<\/a><\/h1>\n<h1><a href=\"http:\/\/www.spak.art.pl\/?p=1120\" target=\"_blank\" rel=\"noopener\">Plagiat po 2O latach, inspiracja czy niewiedza?<\/a><\/h1>\n<h1><a href=\"http:\/\/www.spak.art.pl\/?p=1115\" target=\"_blank\" rel=\"noopener\">Rysunki miesi\u0105ca i Mysyrowicz na Koziej<\/a><\/h1>\n<h1><a href=\"http:\/\/www.spak.art.pl\/?p=1109\" target=\"_blank\" rel=\"noopener\">Rysunek Scarfe obrazi\u0142 \u017byd\u00f3w<\/a><\/h1>\n<h1><a href=\"http:\/\/www.spak.art.pl\/?p=1104\" target=\"_blank\" rel=\"noopener\">Malarstwo Strzelczyka<\/a><\/h1>\n<h1><a href=\"http:\/\/www.spak.art.pl\/?p=1096\" target=\"_blank\" rel=\"noopener\">,,Zestaw Powi\u0119kszony\u201d w \u017byrardowie<\/a><\/h1>\n<h1><a href=\"http:\/\/www.spak.art.pl\/?p=1090\" target=\"_blank\" rel=\"noopener\">Nie \u017cyje Yurij Kosobukin<\/a><\/h1>\n<h1><a href=\"http:\/\/www.spak.art.pl\/?p=1078\" target=\"_blank\" rel=\"noopener\">Mrozowski dla WO\u015aP<\/a><\/h1>\n<h1><a href=\"http:\/\/www.spak.art.pl\/?p=1073\" target=\"_blank\" rel=\"noopener\">Cebula w finale AFDESTA<\/a><\/h1>\n<h1><a href=\"http:\/\/www.spak.art.pl\/?p=1067\" target=\"_blank\" rel=\"noopener\">Po\u015bmiertna wystawa Krzysztofa Krzycha<\/a><\/h1>\n<h1><a href=\"http:\/\/www.spak.art.pl\/?p=1063\" target=\"_blank\" rel=\"noopener\">Cebula na biennale w Nigerii<\/a><\/h1>\n<h1><a href=\"http:\/\/www.spak.art.pl\/?p=1059\" target=\"_blank\" rel=\"noopener\">Polacy nagrodzeni w Korei<\/a><\/h1>\n<h1><a href=\"http:\/\/www.spak.art.pl\/?p=1055\" target=\"_blank\" rel=\"noopener\">Krotos na WO\u015aP w Berlinie<\/a><\/h1>\n<h1><a href=\"http:\/\/www.spak.art.pl\/?p=1050\" target=\"_blank\" rel=\"noopener\">Kuczy\u0144ski w \u017byrardowie<\/a><\/h1>\n<h1><a href=\"http:\/\/www.spak.art.pl\/?p=1045\" target=\"_blank\" rel=\"noopener\">Sadurski w NYC<\/a><\/h1>\n<h1><a href=\"http:\/\/www.spak.art.pl\/?p=1040\" target=\"_blank\" rel=\"noopener\">R\u00f3\u017cowa seria \u0141uczy\u0144skiego<\/a><\/h1>\n<h1><a href=\"http:\/\/www.spak.art.pl\/?p=1035\" target=\"_blank\" rel=\"noopener\">Wojtasi\u0144ski \u2013 20 lat od debiutu<\/a><\/h1>\n<h1><a href=\"http:\/\/www.spak.art.pl\/?p=1027\" target=\"_blank\" rel=\"noopener\">Krzysztof Krzych nie \u017cyje<\/a><\/h1>\n<h1><a href=\"http:\/\/www.spak.art.pl\/?p=1021\" target=\"_blank\" rel=\"noopener\">Cebula jedyny w Japonii<\/a><\/h1>\n<h1><a href=\"http:\/\/www.spak.art.pl\/?p=1014\" target=\"_blank\" rel=\"noopener\">Per\u0142owe gody Barbary i Dariusza \u0141ab\u0119dzkich<\/a><\/h1>\n<h1><a href=\"http:\/\/www.spak.art.pl\/?p=987\" target=\"_blank\" rel=\"noopener\">Gala z okazji 25 \u2013 lecia SPAK \u2013 relacja<\/a><\/h1>\n<h1><a href=\"http:\/\/www.spak.art.pl\/?p=982\" target=\"_blank\" rel=\"noopener\">25-lecie SPAK \u2013 wernisa\u017c<\/a><\/h1>\n<h1><a href=\"http:\/\/www.spak.art.pl\/?p=975\" target=\"_blank\" rel=\"noopener\">Bohdanowicz i Ziomecki laureatami Gloria Artis<\/a><\/h1>\n<h1><a href=\"http:\/\/www.spak.art.pl\/?p=970\" target=\"_blank\" rel=\"noopener\">Karykatura i jazz<\/a><\/h1>\n<h1><a href=\"http:\/\/www.spak.art.pl\/?p=965\" target=\"_blank\" rel=\"noopener\">Polacy o winie<\/a><\/h1>\n<h1><a href=\"http:\/\/www.spak.art.pl\/?p=959\" target=\"_blank\" rel=\"noopener\">Polacy w Sport Humor Fossano<\/a><\/h1>\n<h1><a href=\"http:\/\/www.spak.art.pl\/?p=953\" target=\"_blank\" rel=\"noopener\">Polacy na wystawie w Anadolu<\/a><\/h1>\n<h1><a href=\"http:\/\/www.spak.art.pl\/?p=948\" target=\"_blank\" rel=\"noopener\">Polacy w portugalskim katalogu<\/a><\/h1>\n<h1><a href=\"http:\/\/www.spak.art.pl\/?p=944\" target=\"_blank\" rel=\"noopener\">XV Z\u0142ota Szpilka rozstrzygni\u0119ta<\/a><\/h1>\n<h1><a href=\"http:\/\/www.spak.art.pl\/?p=939\" target=\"_blank\" rel=\"noopener\">Wernisa\u017c wystawy 25-lecia SPAK<\/a><\/h1>\n<h1><a href=\"http:\/\/www.spak.art.pl\/?p=933\" target=\"_blank\" rel=\"noopener\">Ziomecki wygra\u0142 \u201erysunek miesi\u0105ca\u201d listopada<\/a><\/h1>\n<h1><a href=\"http:\/\/www.spak.art.pl\/?p=913\" target=\"_blank\" rel=\"noopener\">10. KARPIK \u2013 fotorelacja<\/a><\/h1>\n<h1><a href=\"http:\/\/www.spak.art.pl\/?p=892\" target=\"_blank\" rel=\"noopener\">Ferster i samoloty w Muzeum Karykatury<\/a><\/h1>\n<h1><a href=\"http:\/\/www.spak.art.pl\/?p=884\" target=\"_blank\" rel=\"noopener\">Humorystyczna rewolucja<\/a><\/h1>\n<h1><a href=\"http:\/\/www.spak.art.pl\/?p=878\" target=\"_blank\" rel=\"noopener\">10. Karpik 2012 \u2013 program imprezy<\/a><\/h1>\n<h1><a href=\"http:\/\/www.spak.art.pl\/?p=873\" target=\"_blank\" rel=\"noopener\">Fedorowicz wygra\u0142 \u201eRysunek miesi\u0105ca pa\u017adziernika\u201d<\/a><\/h1>\n<h1><a href=\"http:\/\/www.spak.art.pl\/?p=866\" target=\"_blank\" rel=\"noopener\">Sadurski w Nowym Jorku<\/a><\/h1>\n<h1><a href=\"http:\/\/www.spak.art.pl\/?p=860\" target=\"_blank\" rel=\"noopener\">Graniak i concept art<\/a><\/h1>\n<h1><a href=\"http:\/\/www.spak.art.pl\/?p=855\" target=\"_blank\" rel=\"noopener\">Polacy w chorwackim \u201eTAXI\u201d<\/a><\/h1>\n<h1><a href=\"http:\/\/www.spak.art.pl\/?p=849\" target=\"_blank\" rel=\"noopener\">Cebula po raz 99.<\/a><\/h1>\n<h1><a href=\"http:\/\/www.spak.art.pl\/?p=845\" target=\"_blank\" rel=\"noopener\">Bohdanowicz w Kamienicy<\/a><\/h1>\n<h1><a href=\"http:\/\/www.spak.art.pl\/?p=839\" target=\"_blank\" rel=\"noopener\">Grigori Katz wygra\u0142 KARPIKA 2012<\/a><\/h1>\n<h1><a href=\"http:\/\/www.spak.art.pl\/?p=832\" target=\"_blank\" rel=\"noopener\">Terlecki prezesem klubu jazzowego<\/a><\/h1>\n<h1><a href=\"http:\/\/www.spak.art.pl\/?p=827\" target=\"_blank\" rel=\"noopener\">Mistrz i uczniowie<\/a><\/h1>\n<h1><a href=\"http:\/\/www.spak.art.pl\/?p=819\" target=\"_blank\" rel=\"noopener\">Terlecki wystawia w Polanicy \u2013 Zdroju<\/a><\/h1>\n<h1><a href=\"http:\/\/www.spak.art.pl\/?p=813\" target=\"_blank\" rel=\"noopener\">Zaradkiewicz w Muzeum Karykatury<\/a><\/h1>\n<h1><a href=\"http:\/\/www.spak.art.pl\/?p=806\" target=\"_blank\" rel=\"noopener\">Rysunki Sadurskiego w podr\u0119czniku WoS<\/a><\/h1>\n<h1><a href=\"http:\/\/www.spak.art.pl\/?p=801\" target=\"_blank\" rel=\"noopener\">Surma w Nisku<\/a><\/h1>\n<h1><a href=\"http:\/\/www.spak.art.pl\/?p=787\" target=\"_blank\" rel=\"noopener\">III ,,Manufaktura Satyry\u201d w parkowych plenerach<\/a><\/h1>\n<h1><a href=\"http:\/\/www.spak.art.pl\/?p=782\" target=\"_blank\" rel=\"noopener\">Zi\u0119ba wystawia w Nowym S\u0105czu<\/a><\/h1>\n<h1><a href=\"http:\/\/www.spak.art.pl\/?p=774\" target=\"_blank\" rel=\"noopener\">Terlecki wystawia w Polanicy<\/a><\/h1>\n<h1><a href=\"http:\/\/www.spak.art.pl\/?p=769\" target=\"_blank\" rel=\"noopener\">13. Satyrblues<\/a><\/h1>\n<h1><a href=\"http:\/\/www.spak.art.pl\/?p=762\" target=\"_blank\" rel=\"noopener\">Wiater w Krakowie<\/a><\/h1>\n<h1><a href=\"http:\/\/www.spak.art.pl\/?p=756\" target=\"_blank\" rel=\"noopener\">Koralowe gody Heleny i Henryka Cebul\u00f3w<\/a><\/h1>\n<h1><a href=\"http:\/\/www.spak.art.pl\/?p=751\" target=\"_blank\" rel=\"noopener\">Wernisa\u017c Manufaktury 2012<\/a><\/h1>\n<h1><a href=\"http:\/\/www.spak.art.pl\/?p=744\" target=\"_blank\" rel=\"noopener\">II Jurajski Plener Karykaturzyst\u00f3w<\/a><\/h1>\n<h1><a href=\"http:\/\/www.spak.art.pl\/?p=738\" target=\"_blank\" rel=\"noopener\">,,Manufaktura Satyry\u201d pozostaje w Zamo\u015bciu<\/a><\/h1>\n<h1><a href=\"http:\/\/www.spak.art.pl\/?p=732\" target=\"_blank\" rel=\"noopener\">&#8222;Polska Piast\u00f3w&#8221; na You Tube<\/a><\/h1>\n<h1><a href=\"http:\/\/www.spak.art.pl\/?p=725\" target=\"_blank\" rel=\"noopener\">\u201ePolska Piast\u00f3w\u201d \u2013 wernisa\u017c<\/a><\/h1>\n<h1><a href=\"http:\/\/www.spak.art.pl\/?p=715\" target=\"_blank\" rel=\"noopener\">Zmar\u0142 Wojciech Fonder<\/a><\/h1>\n<h1><a href=\"http:\/\/www.spak.art.pl\/?p=708\" target=\"_blank\" rel=\"noopener\">Sadurski w E\u0142ku<\/a><\/h1>\n<h1><a href=\"http:\/\/www.spak.art.pl\/?p=701\" target=\"_blank\" rel=\"noopener\">Plakaty Magdy Wosik z odrobin\u0105 koloru<\/a><\/h1>\n<h1><a href=\"http:\/\/www.spak.art.pl\/?p=693\" target=\"_blank\" rel=\"noopener\">Nie ma miodu bez pszczo\u0142y<\/a><\/h1>\n<h1><a href=\"http:\/\/www.spak.art.pl\/?p=680\" target=\"_blank\" rel=\"noopener\">Serwis Hajnosa ma 10 lat<\/a><\/h1>\n<h1><a href=\"http:\/\/www.spak.art.pl\/?p=674\" target=\"_blank\" rel=\"noopener\">Dudek nagrodzony<\/a><\/h1>\n<h1><a href=\"http:\/\/www.spak.art.pl\/?p=667\" target=\"_blank\" rel=\"noopener\">Cebulowe Pola w Try\u0144czy<\/a><\/h1>\n<h1><a href=\"http:\/\/www.spak.art.pl\/?p=655\" target=\"_blank\" rel=\"noopener\">Morka 2012 \u2013 relacja<\/a><\/h1>\n<h1><a href=\"http:\/\/www.spak.art.pl\/?p=647\" target=\"_blank\" rel=\"noopener\">XIII Festiwal Dobrego Humoru zako\u0144czony!<\/a><\/h1>\n<h1><a href=\"http:\/\/www.spak.art.pl\/?p=641\" target=\"_blank\" rel=\"noopener\">Wystawy Gda\u0144skiej Galerii Dobrego Humoru z okazji XIII Festiwalu Dobrego Humoru<\/a><\/h1>\n<h1><a href=\"http:\/\/www.spak.art.pl\/?p=637\" target=\"_blank\" rel=\"noopener\">Jerzy G\u0142uszek wygra\u0142 III Manufaktur\u0119 Satyry<\/a><\/h1>\n<h1><a href=\"http:\/\/www.spak.art.pl\/?p=619\" target=\"_blank\" rel=\"noopener\">\u201ePi\u0142ka w Grze\u201d i karykatury<\/a><\/h1>\n<h1><a href=\"http:\/\/www.spak.art.pl\/?p=614\" target=\"_blank\" rel=\"noopener\">\u201eJaka bede \u2026 2012\u2033 \u2013 wyniki<\/a><\/h1>\n<h1><a href=\"http:\/\/www.spak.art.pl\/?p=611\" target=\"_blank\" rel=\"noopener\">10. Spotkania z Karykatur\u0105 i Satyr\u0105 \u201eMORKA 2012\u201d \u2013 program imprezy<\/a><\/h1>\n<h1><a href=\"http:\/\/www.spak.art.pl\/?p=609\" target=\"_blank\" rel=\"noopener\">Lipecki wygra\u0142 \u201eGrzyby\u201d<\/a><\/h1>\n<h1><a href=\"http:\/\/www.spak.art.pl\/?p=603\" target=\"_blank\" rel=\"noopener\">Kuczy\u0144ski wygra\u0142 we W\u0142oszech<\/a><\/h1>\n<h1><a href=\"http:\/\/www.spak.art.pl\/?p=599\" target=\"_blank\" rel=\"noopener\">Malarstwo Fr\u0105ckiewicza w Pabianicach<\/a><\/h1>\n<h1><a href=\"http:\/\/www.spak.art.pl\/?p=593\" target=\"_blank\" rel=\"noopener\">Graniak nagrodzony w Iranie<\/a><\/h1>\n<h1><a href=\"http:\/\/www.spak.art.pl\/?p=589\" target=\"_blank\" rel=\"noopener\">\u201eSATYRA POZA KRAW\u0118DZI\u0104\u201d 2012 rozstrzygni\u0119ta<\/a><\/h1>\n<h1><a href=\"http:\/\/www.spak.art.pl\/?p=583\" target=\"_blank\" rel=\"noopener\">Polacy o na\u0142ogach<\/a><\/h1>\n<h1><a href=\"http:\/\/www.spak.art.pl\/?p=579\" target=\"_blank\" rel=\"noopener\">Industrialne klimaty w renesansowym Zamo\u015bciu<\/a><\/h1>\n<h1><a href=\"http:\/\/www.spak.art.pl\/?p=572\" target=\"_blank\" rel=\"noopener\">IV Plener w Str\u00f3\u017cach \u2013 relacja<\/a><\/h1>\n<h1><a href=\"http:\/\/www.spak.art.pl\/?p=566\" target=\"_blank\" rel=\"noopener\">Piszczako o EURO \u2013 fotorelacja<\/a><\/h1>\n<h1><a href=\"http:\/\/www.spak.art.pl\/?p=547\" target=\"_blank\" rel=\"noopener\">\u201eKurorty i kuracjusze\u201d \u2013 relacja z wernisa\u017cu<\/a><\/h1>\n<h1><a href=\"http:\/\/www.spak.art.pl\/?p=538\" target=\"_blank\" rel=\"noopener\">Ruk\u015b\u0107 i poeci<\/a><\/h1>\n<h1><a href=\"http:\/\/www.spak.art.pl\/?p=534\" target=\"_blank\" rel=\"noopener\">Terlecki w Tarnowskich G\u00f3rach<\/a><\/h1>\n<h1><a href=\"http:\/\/www.spak.art.pl\/?p=529\" target=\"_blank\" rel=\"noopener\">\u201eCebulowe pola 2\u201d w Przeworsku<\/a><\/h1>\n<h1><a href=\"http:\/\/www.spak.art.pl\/?p=524\" target=\"_blank\" rel=\"noopener\">Latali na uwi\u0119zi<\/a><\/h1>\n<h1><a href=\"http:\/\/www.spak.art.pl\/?p=516\" target=\"_blank\" rel=\"noopener\">Satyrycy w polanickiej bibliotece<\/a><\/h1>\n<h1><a href=\"http:\/\/www.spak.art.pl\/?p=511\" target=\"_blank\" rel=\"noopener\">rOpOniOska \u2013 relacja fotograficzna<\/a><\/h1>\n<h1><a href=\"http:\/\/www.spak.art.pl\/?p=507\" target=\"_blank\" rel=\"noopener\">EURO SPOKO wed\u0142ug Piszczako<\/a><\/h1>\n<h1><a href=\"http:\/\/www.spak.art.pl\/?p=499\" target=\"_blank\" rel=\"noopener\">Marek Rona nie \u017cyje<\/a><\/h1>\n<h1><a href=\"http:\/\/www.spak.art.pl\/?p=492\" target=\"_blank\" rel=\"noopener\">Belniak wygra\u0142 \u201erysunek miesi\u0105ca\u201d maja<\/a><\/h1>\n<h1><a href=\"http:\/\/www.spak.art.pl\/?p=475\" target=\"_blank\" rel=\"noopener\">\u0141uczy\u0144ski w Polanicy \u2013 fotoreporta\u017c<\/a><\/h1>\n<h1><a href=\"http:\/\/www.spak.art.pl\/?p=470\" target=\"_blank\" rel=\"noopener\">Kurorty i kuracjusze<\/a><\/h1>\n<h1><a href=\"http:\/\/www.spak.art.pl\/?p=467\" target=\"_blank\" rel=\"noopener\">Wrzu\u0107 na luz \u2013 wygra\u0142a Gewinner<\/a><\/h1>\n<h1><a href=\"http:\/\/www.spak.art.pl\/?p=463\" target=\"_blank\" rel=\"noopener\">Polacy w Nasreddin Hodja<\/a><\/h1>\n<h1><a href=\"http:\/\/www.spak.art.pl\/?p=460\" target=\"_blank\" rel=\"noopener\">\u0141uczy\u0144ski w Polanicy \u2013 Zdroju<\/a><\/h1>\n<h1><a href=\"http:\/\/www.spak.art.pl\/?p=457\" target=\"_blank\" rel=\"noopener\">Plener w Biskupinie \u2013 30.07 \u2013 6.08.2012<\/a><\/h1>\n<h1><a href=\"http:\/\/www.spak.art.pl\/?p=457\" target=\"_blank\" rel=\"noopener\">Plener w Biskupinie \u2013 30.07 \u2013 6.08.2012<\/a><\/h1>\n<h1><a href=\"http:\/\/www.spak.art.pl\/?p=453\" target=\"_blank\" rel=\"noopener\">Bo\u0142tryk na Wolinie<\/a><\/h1>\n<h1><a href=\"http:\/\/www.spak.art.pl\/?p=450\" target=\"_blank\" rel=\"noopener\">Manufaktura Satyry w Zamo\u015bciu<\/a><\/h1>\n<h1><a href=\"http:\/\/www.spak.art.pl\/?p=445\" target=\"_blank\" rel=\"noopener\">Zi\u0119ba w &#8222;Szpilce&#8221;<\/a><\/h1>\n<h1><a href=\"http:\/\/www.spak.art.pl\/?p=437\" target=\"_blank\" rel=\"noopener\">Cebula wygra\u0142 Roponiosk\u0119<\/a><\/h1>\n<h1><a href=\"http:\/\/www.spak.art.pl\/?p=412\" target=\"_blank\" rel=\"noopener\">Gda\u0144ska Galeria Dobrego Humoru wystawia na Litwie<\/a><\/h1>\n<h1><a href=\"http:\/\/www.spak.art.pl\/?p=406\" target=\"_blank\" rel=\"noopener\">Andrzej Czeczot nie \u017cyje<\/a><\/h1>\n<h1><a href=\"http:\/\/www.spak.art.pl\/?p=398\" target=\"_blank\" rel=\"noopener\">Mitologia i PEGAZ \u2013 wernisa\u017c<\/a><\/h1>\n<h1><a href=\"http:\/\/www.spak.art.pl\/?p=392\" target=\"_blank\" rel=\"noopener\">25 lat SPAK \u2013 czekamy na prace<\/a><\/h1>\n<h1><a href=\"http:\/\/www.spak.art.pl\/?p=379\" target=\"_blank\" rel=\"noopener\">Plener w Ustroniu Morskim \u2013 Morka 2012<\/a><\/h1>\n<h1><a href=\"http:\/\/www.spak.art.pl\/?p=353\" target=\"_blank\" rel=\"noopener\">1% na SPAK<\/a><\/h1>\n<h1><a href=\"http:\/\/www.spak.art.pl\/?p=368\" target=\"_blank\" rel=\"noopener\">Ani Mru Mru w karykaturze<\/a><\/h1>\n<h1><a href=\"http:\/\/www.spak.art.pl\/?p=348\" target=\"_blank\" rel=\"noopener\">Sokolska wyr\u00f3\u017cniona w Berlinie<\/a><\/h1>\n<h1><a href=\"http:\/\/www.spak.art.pl\/?p=340\" target=\"_blank\" rel=\"noopener\">Grzegorz My\u0107ka wygra\u0142 \u201erysunek miesi\u0105ca\u201d kwietnia<\/a><\/h1>\n<h1><a href=\"http:\/\/www.spak.art.pl\/?p=330\" target=\"_blank\" rel=\"noopener\">\u201eBiblioteka\u201d w Olsztynie<\/a><\/h1>\n<h1><a href=\"http:\/\/www.spak.art.pl\/?p=328\" target=\"_blank\" rel=\"noopener\">Aukcja na rzecz Zenona Porzucka zako\u0144czona<\/a><\/h1>\n<h2><a title=\"Permalink do Sobczak produkuje teledyski\" href=\"http:\/\/www.spak.art.pl\/?p=315\" rel=\"bookmark\">Sobczak produkuje teledyski<\/a><\/h2>\n<h1><a href=\"http:\/\/www.spak.art.pl\/?p=307\" target=\"_blank\" rel=\"noopener\">Rysownik laureatem Pulitzera 2012<\/a><\/h1>\n<h2><a href=\"http:\/\/www.spak.art.pl\/?p=304\" target=\"_blank\" rel=\"noopener\">Polacy w w\u0119gierskim katalogu<\/a><\/h2>\n<h2><a title=\"Permalink do Lasy w Rampie\" href=\"http:\/\/www.spak.art.pl\/?p=294\" target=\"_blank\" rel=\"bookmark noopener\">Lasy w Rampie <\/a><\/h2>\n<h1><a href=\"http:\/\/www.spak.art.pl\/?p=279\" target=\"_blank\" rel=\"noopener\">Wyniki 18. International cartoon contest Golden Keg Pre\u0161ov 2012 \u2013 S\u0142owacja<\/a><\/h1>\n<h1><a href=\"http:\/\/www.spak.art.pl\/?p=276\" target=\"_blank\" rel=\"noopener\">Belniak w Bardejovie<\/a><\/h1>\n<h1><a href=\"http:\/\/www.spak.art.pl\/?p=273\" target=\"_blank\" rel=\"noopener\">,,Manufaktura Satyry\u201d we w\u0142oskiej Pizie<\/a><\/h1>\n<h1><a href=\"http:\/\/www.spak.art.pl\/?p=269\" target=\"_blank\" rel=\"noopener\">Polacy na Biennale Ilustracji<\/a><\/h1>\n","protected":false},"excerpt":{"rendered":"<p>Czekamy na KARYKATURZYST\u00d3W! \u2013 plener w Legionowie PODOBNY J\u0118ZYK, TEN SAM \u015aMIECH czyli Sadurski i Zalepa w Bratys\u0142awie Zmar\u0142 J\u00f3zef Jurczyszyn Premiera Opolskiego Salonu Satyry \u201cOSSa\u201926 Zbigniew Ko\u0142aczek z nagrod\u0105 ministra kultury Nowa galeria satyry w Jaros\u0142awiu \u017byrard\u00f3w oczami satyryk\u00f3w PROTEST Karykaturzy\u015bci na 34. finale WO\u015aP Czes\u0142aw Prz\u0119zak wyr\u00f3\u017cniony w Portugalii \u201eDEMON-KRACJA\u201d wg Cebuli \u2013 &hellip; <\/p>\n<p><a class=\"more-link btn\" href=\"http:\/\/www.spak.art.pl\/?p=61\">Kontynuuj czytanie<\/a><\/p>\n","protected":false},"author":1,"featured_media":0,"comment_status":"closed","ping_status":"closed","sticky":false,"template":"","format":"standard","meta":{"ngg_post_thumbnail":0,"footnotes":""},"categories":[1],"tags":[],"class_list":["post-61","post","type-post","status-publish","format-standard","hentry","category-bez-kategorii","nodate","item-wrap"],"_links":{"self":[{"href":"http:\/\/www.spak.art.pl\/index.php?rest_route=\/wp\/v2\/posts\/61","targetHints":{"allow":["GET"]}}],"collection":[{"href":"http:\/\/www.spak.art.pl\/index.php?rest_route=\/wp\/v2\/posts"}],"about":[{"href":"http:\/\/www.spak.art.pl\/index.php?rest_route=\/wp\/v2\/types\/post"}],"author":[{"embeddable":true,"href":"http:\/\/www.spak.art.pl\/index.php?rest_route=\/wp\/v2\/users\/1"}],"replies":[{"embeddable":true,"href":"http:\/\/www.spak.art.pl\/index.php?rest_route=%2Fwp%2Fv2%2Fcomments&post=61"}],"version-history":[{"count":820,"href":"http:\/\/www.spak.art.pl\/index.php?rest_route=\/wp\/v2\/posts\/61\/revisions"}],"predecessor-version":[{"id":9164,"href":"http:\/\/www.spak.art.pl\/index.php?rest_route=\/wp\/v2\/posts\/61\/revisions\/9164"}],"wp:attachment":[{"href":"http:\/\/www.spak.art.pl\/index.php?rest_route=%2Fwp%2Fv2%2Fmedia&parent=61"}],"wp:term":[{"taxonomy":"category","embeddable":true,"href":"http:\/\/www.spak.art.pl\/index.php?rest_route=%2Fwp%2Fv2%2Fcategories&post=61"},{"taxonomy":"post_tag","embeddable":true,"href":"http:\/\/www.spak.art.pl\/index.php?rest_route=%2Fwp%2Fv2%2Ftags&post=61"}],"curies":[{"name":"wp","href":"https:\/\/api.w.org\/{rel}","templated":true}]}}