{"id":6110,"date":"2019-05-27T19:07:30","date_gmt":"2019-05-27T19:07:30","guid":{"rendered":"http:\/\/www.spak.art.pl\/?p=6110"},"modified":"2019-06-05T22:01:13","modified_gmt":"2019-06-05T22:01:13","slug":"xi-plener-karykaturzystow-stroze-2019","status":"publish","type":"post","link":"http:\/\/www.spak.art.pl\/?p=6110","title":{"rendered":"XI PLENER KARYKATURZYST\u00d3W \u2013 STR\u00d3\u017bE 2019"},"content":{"rendered":"<p><a href=\"http:\/\/www.spak.art.pl\/wp-content\/uploads\/2019\/05\/zajawka-pleneru-2019.jpg\"><img loading=\"lazy\" decoding=\"async\" class=\"alignleft size-full wp-image-6111\" title=\"zajawka pleneru 2019\" src=\"http:\/\/www.spak.art.pl\/wp-content\/uploads\/2019\/05\/zajawka-pleneru-2019.jpg\" alt=\"\" width=\"800\" height=\"533\" srcset=\"http:\/\/www.spak.art.pl\/wp-content\/uploads\/2019\/05\/zajawka-pleneru-2019.jpg 800w, http:\/\/www.spak.art.pl\/wp-content\/uploads\/2019\/05\/zajawka-pleneru-2019-300x199.jpg 300w\" sizes=\"auto, (max-width: 800px) 100vw, 800px\" \/><\/a><\/p>\n<p>1)\u00a0\u00a0\u00a0 Organizator:\u00a0 <strong>BARTNIK S\u0104DECKI <\/strong>\u00a0(www.bartnik.pl)<\/p>\n<p>2)\u00a0\u00a0\u00a0 Miejsce pleneru: skansen &#8211; Muzeum Pszczelarstwa<\/p>\n<p>(pp. Anny i Janusza Kasztelewicz\u00f3w) w Str\u00f3\u017cach k\/Nowego S\u0105cza<\/p>\n<p>Kontakt: firma \u201eS\u0105decki bartnik\u201d tel. +48 18\u00a0 414 05 50,\u00a0\u00a0 tel. +48 18\u00a0 414 05 58<\/p>\n<p>(zakwaterowaniem zajmuj\u0105 si\u0119 panie Jola i Ania \u2013 tel. +48 18\u00a0414 05 77)<\/p>\n<p>3)\u00a0\u00a0 Termin pleneru:\u00a0 <strong>23\u00a0\u2013 28. 06.\u00a02019<\/strong><\/p>\n<p><strong>\u00a0\u00a0\u00a0\u00a0 \u00a0<\/strong>Uwaga:\u00a0<strong> <\/strong><\/p>\n<p><strong>\u00a0\u00a0\u00a0\u00a0\u00a0\u00a0 &#8211; <\/strong>mo\u017cna przybywa\u0107 23.06 (niedziela) ale po 14.00 ( zwalniaj\u0105 si\u0119 pokoje)<\/p>\n<p>&#8211; mo\u017cliwy jest wyjazd 29.06 (sobota), ale trzeba to zg\u0142osi\u0107, gdy\u017c z 28\/29 jest<\/p>\n<p>ograniczona liczba miejsc noclegowych<\/p>\n<p>4)\u00a0\u00a0\u00a0Organizator gwarantuje:<\/p>\n<p>a.\u00a0\u00a0\u00a0\u00a0 nocleg: w hoteliku na terenie skansenu,\u00a0w pokojach 2-3 osobowych<\/p>\n<p>b.\u00a0\u00a0\u00a0\u00a0 wy\u017cywienie \u2013 w restauracji BARTNA CHATA<\/p>\n<p>c.\u00a0\u00a0\u00a0\u00a0 zwrot koszt\u00f3w podr\u00f3\u017cy (maks. do kwoty 500 z\u0142, tylko artystom)<\/p>\n<p>5)\u00a0\u00a0Plan pleneru:<\/p>\n<p>a.\u00a0\u00a0\u00a0\u00a0 zapoznanie si\u0119 z atrakcjami skansenu i histori\u0105 bartnictwa<\/p>\n<p>b.\u00a0\u00a0\u00a0\u00a0 zwiedzanie okolic<\/p>\n<p>c.\u00a0\u00a0\u00a0\u00a0 wsp\u00f3lne biesiadowanie z organizatorami, go\u015b\u0107mi i innymi uczestnikami<\/p>\n<p>pleneru (m.in. rze\u017abiarzami)<\/p>\n<p>d.\u00a0\u00a0\u00a0\u00a0 rysowanie w plenerze<\/p>\n<p>e.\u00a0\u00a0\u00a0\u00a0 organizacja wystawy prac<\/p>\n<p>6)\u00a0\u00a0\u00a0 Opiekunem pleneru ze strony organizatora jest Bogdan Klimczyk kom. 660 547 691<\/p>\n<p>7)\u00a0\u00a0\u00a0\u00a0\u00a0 Warunek udzia\u0142u w plenerze:<\/p>\n<p>Ka\u017cdy uczestnik zobowi\u0105zany jest do uiszczenia op\u0142aty w wysoko\u015bci 150 z\u0142<\/p>\n<p>na konto SPAK. do dnia 20 czerwca 2019.<\/p>\n<p><strong>KONTO SPAK:<\/strong><br \/>\n<strong>Nr konta: SPAK, ul. Kozia 11, 00-070 Warszawa<\/strong><br \/>\n<strong>55 1240 6175 1111 0000 4564 2841<\/strong><br \/>\n<strong>PEKAO SA, ul. Jasna 1, 00-950 Warszawa<\/strong><\/p>\n<p>Przy przelewie prosz\u0119 dopisa\u0107:\u00a0 <strong>X Plener Karykaturzyst\u00f3w. Str\u00f3\u017ce 2019<\/strong><\/p>\n<h2>\u00a0<strong style=\"color: #2c2b2b; font-size: 12px;\">UWAGA:<\/strong><\/h2>\n<p>Komisarz pleneru z ramienia SPAK &#8211; kol. <strong>Dariusz \u0141ab\u0119dzki,<\/strong> w tym roku nie b\u0119dzie obecny na plenerze z uwagi na nieobecno\u015b\u0107 w kraju. Jednak zg\u0142oszenia prosimy kierowa\u0107 jak zwykle do niego i ustala\u0107 wszelkie sprawy (m.in. zwi\u0105zane z osobami towarzysz\u0105cymi).<\/p>\n<p>&nbsp;<\/p>\n<p><a href=\"mailto:darek@karykatury.com.pl\">darek@karykatury.com.pl<\/a>\u00a0 lub <a href=\"mailto:darek@labedzki.com.pl\">darek@labedzki.com.pl<\/a><\/p>\n<p>kom. 603\u00a0969 267<\/p>\n","protected":false},"excerpt":{"rendered":"<p>1)\u00a0\u00a0\u00a0 Organizator:\u00a0 BARTNIK S\u0104DECKI \u00a0(www.bartnik.pl) 2)\u00a0\u00a0\u00a0 Miejsce pleneru: skansen &#8211; Muzeum Pszczelarstwa (pp. Anny i Janusza Kasztelewicz\u00f3w) w Str\u00f3\u017cach k\/Nowego S\u0105cza Kontakt: firma \u201eS\u0105decki bartnik\u201d tel. +48 18\u00a0 414 05 50,\u00a0\u00a0 tel. +48 18\u00a0 414 05 58 (zakwaterowaniem zajmuj\u0105 si\u0119 panie Jola i Ania \u2013 tel. +48 18\u00a0414 05 77) 3)\u00a0\u00a0 Termin pleneru:\u00a0 23\u00a0\u2013 28. &hellip; <\/p>\n<p><a class=\"more-link btn\" href=\"http:\/\/www.spak.art.pl\/?p=6110\">Kontynuuj czytanie<\/a><\/p>\n","protected":false},"author":1,"featured_media":0,"comment_status":"closed","ping_status":"closed","sticky":false,"template":"","format":"standard","meta":{"ngg_post_thumbnail":0,"footnotes":""},"categories":[9],"tags":[],"class_list":["post-6110","post","type-post","status-publish","format-standard","hentry","category-aktualnosci","nodate","item-wrap"],"_links":{"self":[{"href":"http:\/\/www.spak.art.pl\/index.php?rest_route=\/wp\/v2\/posts\/6110","targetHints":{"allow":["GET"]}}],"collection":[{"href":"http:\/\/www.spak.art.pl\/index.php?rest_route=\/wp\/v2\/posts"}],"about":[{"href":"http:\/\/www.spak.art.pl\/index.php?rest_route=\/wp\/v2\/types\/post"}],"author":[{"embeddable":true,"href":"http:\/\/www.spak.art.pl\/index.php?rest_route=\/wp\/v2\/users\/1"}],"replies":[{"embeddable":true,"href":"http:\/\/www.spak.art.pl\/index.php?rest_route=%2Fwp%2Fv2%2Fcomments&post=6110"}],"version-history":[{"count":5,"href":"http:\/\/www.spak.art.pl\/index.php?rest_route=\/wp\/v2\/posts\/6110\/revisions"}],"predecessor-version":[{"id":6127,"href":"http:\/\/www.spak.art.pl\/index.php?rest_route=\/wp\/v2\/posts\/6110\/revisions\/6127"}],"wp:attachment":[{"href":"http:\/\/www.spak.art.pl\/index.php?rest_route=%2Fwp%2Fv2%2Fmedia&parent=6110"}],"wp:term":[{"taxonomy":"category","embeddable":true,"href":"http:\/\/www.spak.art.pl\/index.php?rest_route=%2Fwp%2Fv2%2Fcategories&post=6110"},{"taxonomy":"post_tag","embeddable":true,"href":"http:\/\/www.spak.art.pl\/index.php?rest_route=%2Fwp%2Fv2%2Ftags&post=6110"}],"curies":[{"name":"wp","href":"https:\/\/api.w.org\/{rel}","templated":true}]}}