{"id":6434,"date":"2019-11-20T20:03:30","date_gmt":"2019-11-20T20:03:30","guid":{"rendered":"http:\/\/www.spak.art.pl\/?p=6434"},"modified":"2019-11-20T20:03:30","modified_gmt":"2019-11-20T20:03:30","slug":"ii-ogolnopolski-konkurs-na-rysunek-prasowy-im-aleksandra-wolosa","status":"publish","type":"post","link":"http:\/\/www.spak.art.pl\/?p=6434","title":{"rendered":"II Og\u00f3lnopolski konkurs na rysunek prasowy im. Aleksandra Wo\u0142osa"},"content":{"rendered":"<p><strong><a href=\"http:\/\/www.spak.art.pl\/wp-content\/uploads\/2019\/11\/logo-wolos1.jpg\"><img loading=\"lazy\" decoding=\"async\" class=\"alignleft size-full wp-image-6435\" title=\"logo wolos1\" src=\"http:\/\/www.spak.art.pl\/wp-content\/uploads\/2019\/11\/logo-wolos1.jpg\" alt=\"\" width=\"350\" height=\"321\" srcset=\"http:\/\/www.spak.art.pl\/wp-content\/uploads\/2019\/11\/logo-wolos1.jpg 350w, http:\/\/www.spak.art.pl\/wp-content\/uploads\/2019\/11\/logo-wolos1-300x275.jpg 300w\" sizes=\"auto, (max-width: 350px) 100vw, 350px\" \/><\/a>Celem Og\u00f3lnopolskiego konkursu na rysunek prasowy im. Aleksandra Wo\u0142osa jest nagrodzenie autor\u00f3w najlepszych prac opublikowanych w 2019 roku i zwr\u00f3cenie uwagi na znaczenie rysunku prasowego, kt\u00f3ry mo\u017ce by\u0107 komentarzem politycznym, spo\u0142ecznym b\u0105d\u017a sportowym,\u00a0 tworzy\u0107 opowie\u015b\u0107 w postaci kr\u00f3tkiego komiksu czy by\u0107 rysunkiem-ilustracj\u0105 artyku\u0142u prasowego.<\/strong><\/p>\n<p>Organizatorem konkursu jest Warmi\u0144sko-Mazurski Oddzia\u0142 Stowarzyszenia Dziennikarzy Polskich w Olsztynie.<\/p>\n<p>Patronat honorowy nad konkursem obj\u0119\u0142o Muzeum Karykatury im. Eryka Lipi\u0144skiego.<\/p>\n<p><strong>Regulamin <\/strong><\/p>\n<ol>\n<li>Konkurs obejmuje rysunki opublikowane od 1 stycznia do 31 grudnia 2019 roku, w prasie i mediach elektronicznych. Tematyka konkursu jest nieograniczona: rysunek polityczny, spo\u0142eczny, humorystyczny, sportowy, karykatura itp.<\/li>\n<li>Prace konkursowe nale\u017cy przes\u0142a\u0107 w formie elektronicznej w rozdzielczo\u015bci 300 dpi, formacie jpg, rozmiarze A4 z podaniem tytu\u0142u wydawnictwa i dat\u0105 publikacji. Ponadto nale\u017cy do\u0142\u0105czy\u0107 zeskanowan\u0105 stron\u0119 czasopisma z rysunkiem, natomiast w przypadku prac zamieszczonych w Internecie nale\u017cy poda\u0107 link do strony, na kt\u00f3rej zosta\u0142 zamieszczony rysunek oraz PrintScreen strony internetowej z zamieszczonym rysunkiem.<\/li>\n<li>Ka\u017cdy uczestnik mo\u017ce zg\u0142osi\u0107 do konkursu maksymalnie 5 prac.<\/li>\n<li>Prace, opatrzone imieniem i nazwiskiem autora wraz z danymi kontaktowymi, nale\u017cy przes\u0142a\u0107 na adres: <a href=\"mailto:ok.rysprasowy@interia.pl\">ok.rysprasowy@interia.pl<\/a>. Termin nadsy\u0142ania prac do 31 stycznia 2020 roku.<\/li>\n<li>Prace b\u0119dzie ocenia\u0107 jury powo\u0142ane przez Zarz\u0105d Oddzia\u0142u SDP, kt\u00f3re przyzna nagrody i wyr\u00f3\u017cnienia. Nagroda g\u0142\u00f3wna b\u0119dzie nagrod\u0105 pieni\u0119\u017cn\u0105.<\/li>\n<li>Prace zakwalifikowane do konkursu zostan\u0105 zaprezentowane na wystawie pokonkursowej.<\/li>\n<li>Og\u0142oszenie wynik\u00f3w konkursu odb\u0119dzie si\u0119 podczas Gali Dziennikarzy Warmii i Mazur w Olsztynie, 25 lutego 2020 roku.<\/li>\n<\/ol>\n<p>&nbsp;<\/p>\n<p>Szczeg\u00f3\u0142owe informacje u koordynatora konkursu: Zbigniew Piszczako, email: <a href=\"mailto:ok.rysprasowy@interia.pl\">ok.rysprasowy@interia.pl<\/a>, tel. 694\u00a0712\u00a0745.<\/p>\n<p><strong><sup>\u00a0<\/sup><\/strong><\/p>\n<p><strong>Postanowienia ko\u0144cowe<\/strong><\/p>\n<p>Udzia\u0142 w konkursie jest jednoznaczny z wyra\u017ceniem zgody na nieodp\u0142atne reprodukowanie prac do cel\u00f3w promocyjnych konkursu oraz Warmi\u0144sko-Mazurski Oddzia\u0142 Stowarzyszenia Dziennikarzy Polskich w Olsztynie za po\u015brednictwem medi\u00f3w dowoln\u0105 ilo\u015b\u0107 razy i w dowolnym czasie. Nades\u0142anie prac na konkurs jest jednoznaczne z wyra\u017ceniem przez autora zgody na warunki niniejszego regulaminu.<\/p>\n<p>&nbsp;<\/p>\n<p><strong><em>Aleksander Wo\u0142os<\/em><\/strong><em> (1934-2014); <\/em><em>doktor habilitowany z zakresu nauk przyrodniczych,\u00a0 <\/em><em>olszty\u0144ski karykaturzysta, rysownik, pastelista,\u00a0 <\/em><em>malarz. Od 1955 r. publikowa\u0142 w prasie regionalnej (Gazeta Olszty\u0144ska, Nasza Wie\u015b, Panorama P\u00f3\u0142nocy, Pos\u0142aniec Warmi\u0144ski, Warmia i Mazury), w tygodnikach og\u00f3lnopolskich Karuzela, Polityka, Szpilki, Wprost, a tak\u017ce w prasie niemieckiej (Kontraste, Eulenspiegel, Pardon) i jugos\u0142owia\u0144skiej (Osten) oraz wielu wydawnictwach ksi\u0105\u017ckowych. By\u0142 autorem ponad 100 projekt\u00f3w ok\u0142adek do ksi\u0105\u017cek. Opublikowa\u0142 cztery zbiorki rysunk\u00f3w satyrycznych oraz trzy albumy malarstwa pastelowego: Pastelowy humor (2002), G\u0142owy i g\u0142\u00f3wki (2004), Akweny (2006). Mia\u0142 na swym koncie ponad 60 wystaw indywidualnych oraz udzia\u0142 w kilkuset wystawach zbiorowych. Laureat wielu nagr\u00f3d krajowych i zagranicznych. Otrzyma\u0142 m.in. Krzy\u017c Kawalerski Orderu Odrodzenia Polski,\u00a0 Odznak\u0119 Zas\u0142u\u017cony dla Kultury Polskiej, Odznak\u0119 \u201eZas\u0142u\u017cony dla Warmii i Mazur\u201d.<\/em><em><\/em><\/p>\n","protected":false},"excerpt":{"rendered":"<p>Celem Og\u00f3lnopolskiego konkursu na rysunek prasowy im. Aleksandra Wo\u0142osa jest nagrodzenie autor\u00f3w najlepszych prac opublikowanych w 2019 roku i zwr\u00f3cenie uwagi na znaczenie rysunku prasowego, kt\u00f3ry mo\u017ce by\u0107 komentarzem politycznym, spo\u0142ecznym b\u0105d\u017a sportowym,\u00a0 tworzy\u0107 opowie\u015b\u0107 w postaci kr\u00f3tkiego komiksu czy by\u0107 rysunkiem-ilustracj\u0105 artyku\u0142u prasowego. Organizatorem konkursu jest Warmi\u0144sko-Mazurski Oddzia\u0142 Stowarzyszenia Dziennikarzy Polskich w Olsztynie. Patronat &hellip; <\/p>\n<p><a class=\"more-link btn\" href=\"http:\/\/www.spak.art.pl\/?p=6434\">Kontynuuj czytanie<\/a><\/p>\n","protected":false},"author":1,"featured_media":0,"comment_status":"closed","ping_status":"closed","sticky":false,"template":"","format":"standard","meta":{"ngg_post_thumbnail":0,"footnotes":""},"categories":[9],"tags":[],"class_list":["post-6434","post","type-post","status-publish","format-standard","hentry","category-aktualnosci","nodate","item-wrap"],"_links":{"self":[{"href":"http:\/\/www.spak.art.pl\/index.php?rest_route=\/wp\/v2\/posts\/6434","targetHints":{"allow":["GET"]}}],"collection":[{"href":"http:\/\/www.spak.art.pl\/index.php?rest_route=\/wp\/v2\/posts"}],"about":[{"href":"http:\/\/www.spak.art.pl\/index.php?rest_route=\/wp\/v2\/types\/post"}],"author":[{"embeddable":true,"href":"http:\/\/www.spak.art.pl\/index.php?rest_route=\/wp\/v2\/users\/1"}],"replies":[{"embeddable":true,"href":"http:\/\/www.spak.art.pl\/index.php?rest_route=%2Fwp%2Fv2%2Fcomments&post=6434"}],"version-history":[{"count":2,"href":"http:\/\/www.spak.art.pl\/index.php?rest_route=\/wp\/v2\/posts\/6434\/revisions"}],"predecessor-version":[{"id":6437,"href":"http:\/\/www.spak.art.pl\/index.php?rest_route=\/wp\/v2\/posts\/6434\/revisions\/6437"}],"wp:attachment":[{"href":"http:\/\/www.spak.art.pl\/index.php?rest_route=%2Fwp%2Fv2%2Fmedia&parent=6434"}],"wp:term":[{"taxonomy":"category","embeddable":true,"href":"http:\/\/www.spak.art.pl\/index.php?rest_route=%2Fwp%2Fv2%2Fcategories&post=6434"},{"taxonomy":"post_tag","embeddable":true,"href":"http:\/\/www.spak.art.pl\/index.php?rest_route=%2Fwp%2Fv2%2Ftags&post=6434"}],"curies":[{"name":"wp","href":"https:\/\/api.w.org\/{rel}","templated":true}]}}