{"id":6730,"date":"2020-09-17T09:00:11","date_gmt":"2020-09-17T09:00:11","guid":{"rendered":"http:\/\/www.spak.art.pl\/?p=6730"},"modified":"2020-09-17T09:00:11","modified_gmt":"2020-09-17T09:00:11","slug":"prasowe-rysunki-konkursowe-w-swiatkach","status":"publish","type":"post","link":"http:\/\/www.spak.art.pl\/?p=6730","title":{"rendered":"Prasowe rysunki konkursowe w \u015awi\u0105tkach"},"content":{"rendered":"<p><strong><a href=\"http:\/\/www.spak.art.pl\/wp-content\/uploads\/2020\/09\/plakat_\u015awiatki-2.jpg\"><img loading=\"lazy\" decoding=\"async\" class=\"alignleft size-full wp-image-6731\" title=\"plakat_\u015awiatki 2\" src=\"http:\/\/www.spak.art.pl\/wp-content\/uploads\/2020\/09\/plakat_\u015awiatki-2.jpg\" alt=\"\" width=\"600\" height=\"840\" srcset=\"http:\/\/www.spak.art.pl\/wp-content\/uploads\/2020\/09\/plakat_\u015awiatki-2.jpg 600w, http:\/\/www.spak.art.pl\/wp-content\/uploads\/2020\/09\/plakat_\u015awiatki-2-214x300.jpg 214w\" sizes=\"auto, (max-width: 600px) 100vw, 600px\" \/><\/a>W sobot\u0119, 26.09.2020, o godz. 12.00<\/strong>, w Gminnej Bibliotece Publicznej w \u015awi\u0105tkach, odb\u0119dzie si\u0119 wernisa\u017c wystawy prac z Og\u00f3lnopolskiego Konkursu na Rysunek Prasowy im. Aleksandra Wo\u0142osa. Organizatorem wystaw jest nasz kolega z Olsztyna &#8211; Zbigniew Piszczako.<\/p>\n","protected":false},"excerpt":{"rendered":"<p>W sobot\u0119, 26.09.2020, o godz. 12.00, w Gminnej Bibliotece Publicznej w \u015awi\u0105tkach, odb\u0119dzie si\u0119 wernisa\u017c wystawy prac z Og\u00f3lnopolskiego Konkursu na Rysunek Prasowy im. Aleksandra Wo\u0142osa. Organizatorem wystaw jest nasz kolega z Olsztyna &#8211; Zbigniew Piszczako.<\/p>\n","protected":false},"author":1,"featured_media":0,"comment_status":"closed","ping_status":"closed","sticky":false,"template":"","format":"standard","meta":{"ngg_post_thumbnail":0,"footnotes":""},"categories":[9],"tags":[],"class_list":["post-6730","post","type-post","status-publish","format-standard","hentry","category-aktualnosci","nodate","item-wrap"],"_links":{"self":[{"href":"http:\/\/www.spak.art.pl\/index.php?rest_route=\/wp\/v2\/posts\/6730","targetHints":{"allow":["GET"]}}],"collection":[{"href":"http:\/\/www.spak.art.pl\/index.php?rest_route=\/wp\/v2\/posts"}],"about":[{"href":"http:\/\/www.spak.art.pl\/index.php?rest_route=\/wp\/v2\/types\/post"}],"author":[{"embeddable":true,"href":"http:\/\/www.spak.art.pl\/index.php?rest_route=\/wp\/v2\/users\/1"}],"replies":[{"embeddable":true,"href":"http:\/\/www.spak.art.pl\/index.php?rest_route=%2Fwp%2Fv2%2Fcomments&post=6730"}],"version-history":[{"count":3,"href":"http:\/\/www.spak.art.pl\/index.php?rest_route=\/wp\/v2\/posts\/6730\/revisions"}],"predecessor-version":[{"id":6734,"href":"http:\/\/www.spak.art.pl\/index.php?rest_route=\/wp\/v2\/posts\/6730\/revisions\/6734"}],"wp:attachment":[{"href":"http:\/\/www.spak.art.pl\/index.php?rest_route=%2Fwp%2Fv2%2Fmedia&parent=6730"}],"wp:term":[{"taxonomy":"category","embeddable":true,"href":"http:\/\/www.spak.art.pl\/index.php?rest_route=%2Fwp%2Fv2%2Fcategories&post=6730"},{"taxonomy":"post_tag","embeddable":true,"href":"http:\/\/www.spak.art.pl\/index.php?rest_route=%2Fwp%2Fv2%2Ftags&post=6730"}],"curies":[{"name":"wp","href":"https:\/\/api.w.org\/{rel}","templated":true}]}}