{"id":6766,"date":"2020-09-30T17:40:04","date_gmt":"2020-09-30T17:40:04","guid":{"rendered":"http:\/\/www.spak.art.pl\/?p=6766"},"modified":"2020-09-30T17:40:04","modified_gmt":"2020-09-30T17:40:04","slug":"labedzki-w-programie-poswieconym-deformacji","status":"publish","type":"post","link":"http:\/\/www.spak.art.pl\/?p=6766","title":{"rendered":"\u0141ab\u0119dzki w programie po\u015bwi\u0119conym deformacji"},"content":{"rendered":"<p>Dariusz \u0141ab\u0119dzki, mieszkaj\u0105cy w Poznaniu rysownik i karykaturzysta, wiceprezes SPAK, wyst\u0105pi\u0142 w programie nakr\u0119conym w ramach cyklu ZA KULISAMI SZTUKI Galerii V.A, mieszcz\u0105cej si\u0119 w podpozna\u0144skim Wysogotowie. T\u0119 interesuj\u0105c\u0105 rozmow\u0119, po\u015bwi\u0119con\u0105 szeroko rozumianej DEFORMACJI mo\u017cna obejrze\u0107 na stronie <a href=\"https:\/\/www.youtube.com\/watch?v=M2y_uE7wrSM&amp;feature=youtu.be&amp;fbclid=IwAR0eF19qrbdT1lHpSPsaaWYm4JG2lQUVPslNH0oqTObOSGdM6bHaQB_NolA\">https:\/\/www.youtube.com\/watch?v=M2y_uE7wrSM&amp;feature=youtu.be&amp;fbclid=IwAR0eF19qrbdT1lHpSPsaaWYm4JG2lQUVPslNH0oqTObOSGdM6bHaQB_NolA<\/a><\/p>\n<p><a href=\"http:\/\/www.spak.art.pl\/wp-content\/uploads\/2020\/09\/\u0142ab\u0119dzki-dyskusja.jpg\"><img loading=\"lazy\" decoding=\"async\" class=\"alignleft size-full wp-image-6767\" title=\"\u0142ab\u0119dzki dyskusja\" src=\"http:\/\/www.spak.art.pl\/wp-content\/uploads\/2020\/09\/\u0142ab\u0119dzki-dyskusja.jpg\" alt=\"\" width=\"700\" height=\"342\" srcset=\"http:\/\/www.spak.art.pl\/wp-content\/uploads\/2020\/09\/\u0142ab\u0119dzki-dyskusja.jpg 700w, http:\/\/www.spak.art.pl\/wp-content\/uploads\/2020\/09\/\u0142ab\u0119dzki-dyskusja-300x146.jpg 300w\" sizes=\"auto, (max-width: 700px) 100vw, 700px\" \/><\/a><\/p>\n","protected":false},"excerpt":{"rendered":"<p>Dariusz \u0141ab\u0119dzki, mieszkaj\u0105cy w Poznaniu rysownik i karykaturzysta, wiceprezes SPAK, wyst\u0105pi\u0142 w programie nakr\u0119conym w ramach cyklu ZA KULISAMI SZTUKI Galerii V.A, mieszcz\u0105cej si\u0119 w podpozna\u0144skim Wysogotowie. T\u0119 interesuj\u0105c\u0105 rozmow\u0119, po\u015bwi\u0119con\u0105 szeroko rozumianej DEFORMACJI mo\u017cna obejrze\u0107 na stronie https:\/\/www.youtube.com\/watch?v=M2y_uE7wrSM&amp;feature=youtu.be&amp;fbclid=IwAR0eF19qrbdT1lHpSPsaaWYm4JG2lQUVPslNH0oqTObOSGdM6bHaQB_NolA<\/p>\n","protected":false},"author":1,"featured_media":0,"comment_status":"closed","ping_status":"closed","sticky":false,"template":"","format":"standard","meta":{"ngg_post_thumbnail":0,"footnotes":""},"categories":[9],"tags":[],"class_list":["post-6766","post","type-post","status-publish","format-standard","hentry","category-aktualnosci","nodate","item-wrap"],"_links":{"self":[{"href":"http:\/\/www.spak.art.pl\/index.php?rest_route=\/wp\/v2\/posts\/6766","targetHints":{"allow":["GET"]}}],"collection":[{"href":"http:\/\/www.spak.art.pl\/index.php?rest_route=\/wp\/v2\/posts"}],"about":[{"href":"http:\/\/www.spak.art.pl\/index.php?rest_route=\/wp\/v2\/types\/post"}],"author":[{"embeddable":true,"href":"http:\/\/www.spak.art.pl\/index.php?rest_route=\/wp\/v2\/users\/1"}],"replies":[{"embeddable":true,"href":"http:\/\/www.spak.art.pl\/index.php?rest_route=%2Fwp%2Fv2%2Fcomments&post=6766"}],"version-history":[{"count":2,"href":"http:\/\/www.spak.art.pl\/index.php?rest_route=\/wp\/v2\/posts\/6766\/revisions"}],"predecessor-version":[{"id":6769,"href":"http:\/\/www.spak.art.pl\/index.php?rest_route=\/wp\/v2\/posts\/6766\/revisions\/6769"}],"wp:attachment":[{"href":"http:\/\/www.spak.art.pl\/index.php?rest_route=%2Fwp%2Fv2%2Fmedia&parent=6766"}],"wp:term":[{"taxonomy":"category","embeddable":true,"href":"http:\/\/www.spak.art.pl\/index.php?rest_route=%2Fwp%2Fv2%2Fcategories&post=6766"},{"taxonomy":"post_tag","embeddable":true,"href":"http:\/\/www.spak.art.pl\/index.php?rest_route=%2Fwp%2Fv2%2Ftags&post=6766"}],"curies":[{"name":"wp","href":"https:\/\/api.w.org\/{rel}","templated":true}]}}