{"id":6799,"date":"2020-10-28T13:34:05","date_gmt":"2020-10-28T13:34:05","guid":{"rendered":"http:\/\/www.spak.art.pl\/?p=6799"},"modified":"2020-10-28T13:34:05","modified_gmt":"2020-10-28T13:34:05","slug":"pomagamy-arkowi-wznawiamy-akcje-charytatywna-spak","status":"publish","type":"post","link":"http:\/\/www.spak.art.pl\/?p=6799","title":{"rendered":"POMAGAMY ARKOWI \u2013 wznawiamy akcj\u0119 charytatywn\u0105 SPAK"},"content":{"rendered":"<div id=\"attachment_6800\" style=\"width: 185px\" class=\"wp-caption alignleft\"><a href=\"http:\/\/www.spak.art.pl\/wp-content\/uploads\/2020\/10\/Arek4.jpg\"><img loading=\"lazy\" decoding=\"async\" aria-describedby=\"caption-attachment-6800\" class=\"size-full wp-image-6800\" title=\"Arek4\" src=\"http:\/\/www.spak.art.pl\/wp-content\/uploads\/2020\/10\/Arek4.jpg\" alt=\"\" width=\"185\" height=\"250\" \/><\/a><p id=\"caption-attachment-6800\" class=\"wp-caption-text\">Arek Maniuk<\/p><\/div>\n<p>Wznawiamy akcj\u0119 charytatywn\u0105 Stowarzyszenia Polskich Artyst\u00f3w Karykatury SPAK, maj\u0105c\u0105 na celu wsparcie rehabilitacji naszego kolegi karykaturzysty ARKA MANIUKA, kt\u00f3ry jest po ci\u0119\u017ckiej operacji guza m\u00f3zgu i bardzo powoli wraca do sprawno\u015bci. Z powodu pandemii akcj\u0119 prowadzimy tylko w formie zdalnej \u2013 przez stron\u0119 internetow\u0105 SPAK, na kt\u00f3rej zosta\u0142 umieszczony katalog wszystkich prac i Facebooka. Zakupienie rysunku czy karykatury jest okazj\u0105 do zrobienia nietuzinkowego prezentu a tak\u017ce wzbogacenia w\u0142asnej kolekcji.<\/p>\n<p>Wszystkich ch\u0119tnych, kt\u00f3rzy b\u0119d\u0105 mogli wesprze\u0107 akcj\u0119, zapraszamy do zapoznania si\u0119 z <strong>\u00a0<a href=\"https:\/\/drive.google.com\/file\/d\/1t6MgErYKs380FyO8cpt74aPgyTF8c9hm\/view\" target=\"_blank\">KATALOGIEM PRAC<\/a><\/strong> rysownik\u00f3w i karykaturzyst\u00f3w, kt\u00f3rzy podarowali swoje dzie\u0142a. Ca\u0142y doch\u00f3d ze sprzeda\u017cy przeznaczony zostanie na rehabilitacj\u0119 naszego kolegi karykaturzysty ARKA MANIUKA.<\/p>\n<p>Wszyscy czekamy na powr\u00f3t Arka do tw\u00f3rczo\u015bci w dziedzinie karykatury i\u00a0chcemy mu w tym pom\u00f3c.<\/p>\n<p>Akcj\u0119 prowadzimy do 31 grudnia 2020 roku.<\/p>\n<p>&nbsp;<\/p>\n<p>W imieniu Zarz\u0105du SPAK<\/p>\n<p>Dariusz Pietrzak<\/p>\n<p>Sekretarz SPAK, tel. 600 332 060, mail: <a href=\"mailto:dariusz-pietrzak@wp.pl\">dariusz-pietrzak@wp.pl<\/a><\/p>\n<p>Wszelkie zapytania prosz\u0119 kierowa\u0107 do mnie bezpo\u015brednio.<\/p>\n","protected":false},"excerpt":{"rendered":"<p>Wznawiamy akcj\u0119 charytatywn\u0105 Stowarzyszenia Polskich Artyst\u00f3w Karykatury SPAK, maj\u0105c\u0105 na celu wsparcie rehabilitacji naszego kolegi karykaturzysty ARKA MANIUKA, kt\u00f3ry jest po ci\u0119\u017ckiej operacji guza m\u00f3zgu i bardzo powoli wraca do sprawno\u015bci. Z powodu pandemii akcj\u0119 prowadzimy tylko w formie zdalnej \u2013 przez stron\u0119 internetow\u0105 SPAK, na kt\u00f3rej zosta\u0142 umieszczony katalog wszystkich prac i Facebooka. Zakupienie &hellip; <\/p>\n<p><a class=\"more-link btn\" href=\"http:\/\/www.spak.art.pl\/?p=6799\">Kontynuuj czytanie<\/a><\/p>\n","protected":false},"author":1,"featured_media":0,"comment_status":"closed","ping_status":"closed","sticky":false,"template":"","format":"standard","meta":{"ngg_post_thumbnail":0,"footnotes":""},"categories":[9],"tags":[],"class_list":["post-6799","post","type-post","status-publish","format-standard","hentry","category-aktualnosci","nodate","item-wrap"],"_links":{"self":[{"href":"http:\/\/www.spak.art.pl\/index.php?rest_route=\/wp\/v2\/posts\/6799","targetHints":{"allow":["GET"]}}],"collection":[{"href":"http:\/\/www.spak.art.pl\/index.php?rest_route=\/wp\/v2\/posts"}],"about":[{"href":"http:\/\/www.spak.art.pl\/index.php?rest_route=\/wp\/v2\/types\/post"}],"author":[{"embeddable":true,"href":"http:\/\/www.spak.art.pl\/index.php?rest_route=\/wp\/v2\/users\/1"}],"replies":[{"embeddable":true,"href":"http:\/\/www.spak.art.pl\/index.php?rest_route=%2Fwp%2Fv2%2Fcomments&post=6799"}],"version-history":[{"count":3,"href":"http:\/\/www.spak.art.pl\/index.php?rest_route=\/wp\/v2\/posts\/6799\/revisions"}],"predecessor-version":[{"id":6803,"href":"http:\/\/www.spak.art.pl\/index.php?rest_route=\/wp\/v2\/posts\/6799\/revisions\/6803"}],"wp:attachment":[{"href":"http:\/\/www.spak.art.pl\/index.php?rest_route=%2Fwp%2Fv2%2Fmedia&parent=6799"}],"wp:term":[{"taxonomy":"category","embeddable":true,"href":"http:\/\/www.spak.art.pl\/index.php?rest_route=%2Fwp%2Fv2%2Fcategories&post=6799"},{"taxonomy":"post_tag","embeddable":true,"href":"http:\/\/www.spak.art.pl\/index.php?rest_route=%2Fwp%2Fv2%2Ftags&post=6799"}],"curies":[{"name":"wp","href":"https:\/\/api.w.org\/{rel}","templated":true}]}}