{"id":6870,"date":"2020-12-12T11:16:03","date_gmt":"2020-12-12T11:16:03","guid":{"rendered":"http:\/\/www.spak.art.pl\/?p=6870"},"modified":"2020-12-12T11:16:03","modified_gmt":"2020-12-12T11:16:03","slug":"polacy-na-olense-kartoenale-2020-belgia","status":"publish","type":"post","link":"http:\/\/www.spak.art.pl\/?p=6870","title":{"rendered":"Polacy na Olense Kartoenale 2020 \u2013 Belgia"},"content":{"rendered":"<p>W tegorocznej edycji mi\u0119dzynarodowego konkursu Olense Kartoenale 2020 \u2013 Belgia, kt\u00f3rego tematem by\u0142y: \u201eZakupy wczoraj, dzi\u015b, jutro\u201d wzi\u0119\u0142o udzia\u0142 o\u015bmiu polskich artyst\u00f3w: <strong>Henryk Cebula, Emil Idzikowski, Jaros\u0142aw Koz\u0142owski, Pawe\u0142 Kuczy\u0144ski, S\u0142awomir Makal, Czes\u0142aw Prz\u0119zak, Alicja Wieczorek i Zygmunt Zaradkiewicz<\/strong>.<\/p>\n<p>Pawe\u0142 Kuczy\u0144ski zdoby\u0142 nagrod\u0119 miasta Bia\u0142ogard.<\/p>\n<p>W katalogu znajduj\u0105 si\u0119 prace wspomnianego ju\u017c Paw\u0142a Kuczy\u0144skiego \/2 rysunki\/, Czes\u0142awa Prz\u0119zaka \/1 rysunek\/ i Zygmunta Zaradkiewicza\/ 2 rysunki\/.<\/p>\n<p><a href=\"http:\/\/www.spak.art.pl\/wp-content\/uploads\/2020\/12\/olense1.jpg\"><img loading=\"lazy\" decoding=\"async\" class=\"alignleft size-full wp-image-6871\" title=\"olense1\" src=\"http:\/\/www.spak.art.pl\/wp-content\/uploads\/2020\/12\/olense1.jpg\" alt=\"\" width=\"600\" height=\"450\" srcset=\"http:\/\/www.spak.art.pl\/wp-content\/uploads\/2020\/12\/olense1.jpg 600w, http:\/\/www.spak.art.pl\/wp-content\/uploads\/2020\/12\/olense1-300x225.jpg 300w\" sizes=\"auto, (max-width: 600px) 100vw, 600px\" \/><\/a><\/p>\n<div id=\"attachment_6872\" style=\"width: 600px\" class=\"wp-caption alignleft\"><a href=\"http:\/\/www.spak.art.pl\/wp-content\/uploads\/2020\/12\/olense2.jpg\"><img loading=\"lazy\" decoding=\"async\" aria-describedby=\"caption-attachment-6872\" class=\"size-full wp-image-6872\" title=\"olense2\" src=\"http:\/\/www.spak.art.pl\/wp-content\/uploads\/2020\/12\/olense2.jpg\" alt=\"\" width=\"600\" height=\"314\" srcset=\"http:\/\/www.spak.art.pl\/wp-content\/uploads\/2020\/12\/olense2.jpg 600w, http:\/\/www.spak.art.pl\/wp-content\/uploads\/2020\/12\/olense2-300x157.jpg 300w\" sizes=\"auto, (max-width: 600px) 100vw, 600px\" \/><\/a><p id=\"caption-attachment-6872\" class=\"wp-caption-text\">Rys. z prawej - Czes\u0142aw Prz\u0119zak<\/p><\/div>\n","protected":false},"excerpt":{"rendered":"<p>W tegorocznej edycji mi\u0119dzynarodowego konkursu Olense Kartoenale 2020 \u2013 Belgia, kt\u00f3rego tematem by\u0142y: \u201eZakupy wczoraj, dzi\u015b, jutro\u201d wzi\u0119\u0142o udzia\u0142 o\u015bmiu polskich artyst\u00f3w: Henryk Cebula, Emil Idzikowski, Jaros\u0142aw Koz\u0142owski, Pawe\u0142 Kuczy\u0144ski, S\u0142awomir Makal, Czes\u0142aw Prz\u0119zak, Alicja Wieczorek i Zygmunt Zaradkiewicz. Pawe\u0142 Kuczy\u0144ski zdoby\u0142 nagrod\u0119 miasta Bia\u0142ogard. W katalogu znajduj\u0105 si\u0119 prace wspomnianego ju\u017c Paw\u0142a Kuczy\u0144skiego \/2 &hellip; <\/p>\n<p><a class=\"more-link btn\" href=\"http:\/\/www.spak.art.pl\/?p=6870\">Kontynuuj czytanie<\/a><\/p>\n","protected":false},"author":1,"featured_media":0,"comment_status":"closed","ping_status":"closed","sticky":false,"template":"","format":"standard","meta":{"ngg_post_thumbnail":0,"footnotes":""},"categories":[9],"tags":[],"class_list":["post-6870","post","type-post","status-publish","format-standard","hentry","category-aktualnosci","nodate","item-wrap"],"_links":{"self":[{"href":"http:\/\/www.spak.art.pl\/index.php?rest_route=\/wp\/v2\/posts\/6870","targetHints":{"allow":["GET"]}}],"collection":[{"href":"http:\/\/www.spak.art.pl\/index.php?rest_route=\/wp\/v2\/posts"}],"about":[{"href":"http:\/\/www.spak.art.pl\/index.php?rest_route=\/wp\/v2\/types\/post"}],"author":[{"embeddable":true,"href":"http:\/\/www.spak.art.pl\/index.php?rest_route=\/wp\/v2\/users\/1"}],"replies":[{"embeddable":true,"href":"http:\/\/www.spak.art.pl\/index.php?rest_route=%2Fwp%2Fv2%2Fcomments&post=6870"}],"version-history":[{"count":2,"href":"http:\/\/www.spak.art.pl\/index.php?rest_route=\/wp\/v2\/posts\/6870\/revisions"}],"predecessor-version":[{"id":6874,"href":"http:\/\/www.spak.art.pl\/index.php?rest_route=\/wp\/v2\/posts\/6870\/revisions\/6874"}],"wp:attachment":[{"href":"http:\/\/www.spak.art.pl\/index.php?rest_route=%2Fwp%2Fv2%2Fmedia&parent=6870"}],"wp:term":[{"taxonomy":"category","embeddable":true,"href":"http:\/\/www.spak.art.pl\/index.php?rest_route=%2Fwp%2Fv2%2Fcategories&post=6870"},{"taxonomy":"post_tag","embeddable":true,"href":"http:\/\/www.spak.art.pl\/index.php?rest_route=%2Fwp%2Fv2%2Ftags&post=6870"}],"curies":[{"name":"wp","href":"https:\/\/api.w.org\/{rel}","templated":true}]}}