{"id":701,"date":"2012-07-18T18:36:43","date_gmt":"2012-07-18T18:36:43","guid":{"rendered":"http:\/\/www.spak.art.pl\/?p=701"},"modified":"2012-07-18T18:36:43","modified_gmt":"2012-07-18T18:36:43","slug":"plakaty-magdy-wosik-z-odrobina-koloru","status":"publish","type":"post","link":"http:\/\/www.spak.art.pl\/?p=701","title":{"rendered":"Plakaty Magdy Wosik z odrobin\u0105 koloru"},"content":{"rendered":"<div id=\"attachment_703\" style=\"width: 450px\" class=\"wp-caption alignleft\"><a href=\"http:\/\/www.spak.art.pl\/wp-content\/uploads\/2012\/07\/wosik1907.jpg\"><img loading=\"lazy\" decoding=\"async\" aria-describedby=\"caption-attachment-703\" class=\"size-full wp-image-703\" title=\"wosik1907\" src=\"http:\/\/www.spak.art.pl\/wp-content\/uploads\/2012\/07\/wosik1907.jpg\" alt=\"\" width=\"450\" height=\"321\" srcset=\"http:\/\/www.spak.art.pl\/wp-content\/uploads\/2012\/07\/wosik1907.jpg 450w, http:\/\/www.spak.art.pl\/wp-content\/uploads\/2012\/07\/wosik1907-300x214.jpg 300w\" sizes=\"auto, (max-width: 450px) 100vw, 450px\" \/><\/a><p id=\"caption-attachment-703\" class=\"wp-caption-text\">Rysunek z zaproszenia na wystaw\u0119<\/p><\/div>\n<div id=\"attachment_702\" style=\"width: 351px\" class=\"wp-caption alignleft\"><a href=\"http:\/\/www.spak.art.pl\/wp-content\/uploads\/2012\/07\/wosik1807.jpg\"><img loading=\"lazy\" decoding=\"async\" aria-describedby=\"caption-attachment-702\" class=\"size-full wp-image-702\" title=\"wosik1807\" src=\"http:\/\/www.spak.art.pl\/wp-content\/uploads\/2012\/07\/wosik1807.jpg\" alt=\"\" width=\"351\" height=\"500\" srcset=\"http:\/\/www.spak.art.pl\/wp-content\/uploads\/2012\/07\/wosik1807.jpg 351w, http:\/\/www.spak.art.pl\/wp-content\/uploads\/2012\/07\/wosik1807-210x300.jpg 210w\" sizes=\"auto, (max-width: 351px) 100vw, 351px\" \/><\/a><p id=\"caption-attachment-702\" class=\"wp-caption-text\">Jeden z plakat\u00f3w<\/p><\/div>\n<p>\u201eCZARNY Z ODROBIN\u0104 KOLORU&#8221; \u2013 wystawa plakat\u00f3w <strong>Magdy Wosik,<\/strong> kt\u00f3r\u0105 mo\u017cna ogl\u0105da\u0107 <strong>od 16 lipca do 20 wrze\u015bnia<\/strong> w Galerii \u0141\u0105cznik, w budynku Wydzia\u0142u Informatyki Uniwersytetu Wroc\u0142awskiego, ul. Joliot-Curie 15 (w bok od ul. Polaka, w pobli\u017cu Mostu Grunwaldzkiego)<\/p>\n<p>Wystawa sk\u0142ada si\u0119 z plakat\u00f3w powsta\u0142ych w ostatnich dw\u00f3ch latach. \u0141\u0105czy je oszcz\u0119dne zastosowanie koloru.<\/p>\n<p>MAGDALENA WOSIK<br \/>\nPracuje w Katedrze Projektowania Graficznego w Akademii Sztuk Pi\u0119knych<br \/>\nim E. Gepperta we Wroc\u0142awiu. Zajmuje si\u0119 rysunkiem prasowym,<br \/>\nsatyrycznym, ilustracj\u0105. Wszystkie te zainteresowania wykorzystuje tak\u017ce<br \/>\nw projektowaniu plakat\u00f3w. Ostatnio wraz z m\u0119\u017cem, Piotrem Rychlem,<br \/>\npracowa\u0142a nad antykolorowank\u0105 \u201eO! Ja ci\u0119! Smok w krawacie!\u201d, nagrodzon\u0105<br \/>\nw konkursie na Najlepsz\u0105 Ksi\u0105\u017ck\u0119 dla Dzieci 2011 roku \u201ePrzecinek i<br \/>\nkropka\u201d. Od czerwca tego roku we Wroc\u0142awiu mo\u017cna zobaczy\u0107 plakat jaj<br \/>\nautorstwa, zapraszaj\u0105cy na wystaw\u0119 zorganizowan\u0105 przez Zak\u0142ad Narodowy<br \/>\nim. Ossoli\u0144skich \u201eHistoria R\u0119kopisu Pana Tadeusza&#8230;\u201d. Jednocze\u015bnie dla<br \/>\nOssolineum narysowa\u0142a \u201ePana Tadeusza w obrazkach\u201d \u2013 pr\u00f3b\u0119 uj\u0119cia epopei<br \/>\nw komiksowej formie.<\/p>\n","protected":false},"excerpt":{"rendered":"<p>\u201eCZARNY Z ODROBIN\u0104 KOLORU&#8221; \u2013 wystawa plakat\u00f3w Magdy Wosik, kt\u00f3r\u0105 mo\u017cna ogl\u0105da\u0107 od 16 lipca do 20 wrze\u015bnia w Galerii \u0141\u0105cznik, w budynku Wydzia\u0142u Informatyki Uniwersytetu Wroc\u0142awskiego, ul. Joliot-Curie 15 (w bok od ul. Polaka, w pobli\u017cu Mostu Grunwaldzkiego) Wystawa sk\u0142ada si\u0119 z plakat\u00f3w powsta\u0142ych w ostatnich dw\u00f3ch latach. \u0141\u0105czy je oszcz\u0119dne zastosowanie koloru. MAGDALENA &hellip; <\/p>\n<p><a class=\"more-link btn\" href=\"http:\/\/www.spak.art.pl\/?p=701\">Kontynuuj czytanie<\/a><\/p>\n","protected":false},"author":1,"featured_media":0,"comment_status":"closed","ping_status":"closed","sticky":false,"template":"","format":"standard","meta":{"ngg_post_thumbnail":0,"footnotes":""},"categories":[9],"tags":[],"class_list":["post-701","post","type-post","status-publish","format-standard","hentry","category-aktualnosci","nodate","item-wrap"],"_links":{"self":[{"href":"http:\/\/www.spak.art.pl\/index.php?rest_route=\/wp\/v2\/posts\/701","targetHints":{"allow":["GET"]}}],"collection":[{"href":"http:\/\/www.spak.art.pl\/index.php?rest_route=\/wp\/v2\/posts"}],"about":[{"href":"http:\/\/www.spak.art.pl\/index.php?rest_route=\/wp\/v2\/types\/post"}],"author":[{"embeddable":true,"href":"http:\/\/www.spak.art.pl\/index.php?rest_route=\/wp\/v2\/users\/1"}],"replies":[{"embeddable":true,"href":"http:\/\/www.spak.art.pl\/index.php?rest_route=%2Fwp%2Fv2%2Fcomments&post=701"}],"version-history":[{"count":3,"href":"http:\/\/www.spak.art.pl\/index.php?rest_route=\/wp\/v2\/posts\/701\/revisions"}],"predecessor-version":[{"id":706,"href":"http:\/\/www.spak.art.pl\/index.php?rest_route=\/wp\/v2\/posts\/701\/revisions\/706"}],"wp:attachment":[{"href":"http:\/\/www.spak.art.pl\/index.php?rest_route=%2Fwp%2Fv2%2Fmedia&parent=701"}],"wp:term":[{"taxonomy":"category","embeddable":true,"href":"http:\/\/www.spak.art.pl\/index.php?rest_route=%2Fwp%2Fv2%2Fcategories&post=701"},{"taxonomy":"post_tag","embeddable":true,"href":"http:\/\/www.spak.art.pl\/index.php?rest_route=%2Fwp%2Fv2%2Ftags&post=701"}],"curies":[{"name":"wp","href":"https:\/\/api.w.org\/{rel}","templated":true}]}}