{"id":7041,"date":"2021-05-18T09:43:43","date_gmt":"2021-05-18T09:43:43","guid":{"rendered":"http:\/\/www.spak.art.pl\/?p=7041"},"modified":"2021-05-18T09:43:43","modified_gmt":"2021-05-18T09:43:43","slug":"odszedl-tomasz-wiater","status":"publish","type":"post","link":"http:\/\/www.spak.art.pl\/?p=7041","title":{"rendered":"Odszed\u0142 Tomasz Wiater"},"content":{"rendered":"<p><strong><a href=\"http:\/\/www.spak.art.pl\/wp-content\/uploads\/2021\/05\/Tomasz-Wiater.png\"><img loading=\"lazy\" decoding=\"async\" class=\"alignleft size-full wp-image-7042\" title=\"Tomasz Wiater\" src=\"http:\/\/www.spak.art.pl\/wp-content\/uploads\/2021\/05\/Tomasz-Wiater.png\" alt=\"\" width=\"400\" height=\"300\" srcset=\"http:\/\/www.spak.art.pl\/wp-content\/uploads\/2021\/05\/Tomasz-Wiater.png 400w, http:\/\/www.spak.art.pl\/wp-content\/uploads\/2021\/05\/Tomasz-Wiater-300x225.png 300w\" sizes=\"auto, (max-width: 400px) 100vw, 400px\" \/><\/a>Wczoraj, 17 maja w wieku 52 lat odszed\u0142 od nas Tomasz Wiater<\/strong><strong> (1969-2021), nasz kolega ze SPAK. Tomek przez prawie 30 lat by\u0142 zwi\u0105zany z tygodnikiem \u201eNIE\u201d. By\u0142 rysownikiem satyrycznym i rze\u017abiarzem, zdolnym artyst\u0105, sympatycznym i dowcipnym koleg\u0105.<\/strong><\/p>\n<p><strong>\u00a0<\/strong><\/p>\n<p><strong>Tomasz Wiater<\/strong>\u00a0\u2013 rze\u017abiarz, rysownik. Urodzi\u0142 si\u0119 w 1969 roku w Makowie Podhala\u0144skim. Uko\u0144czy\u0142 Liceum Plastyczne im. Antoniego Kenara w\u00a0Zakopanem. W latach 1990-1995 studiowa\u0142 na Wydziale Rze\u017aby ASP w\u00a0Warszawie. W 1995 roku otrzyma\u0142 dyplom w pracowni prof. Adama Myjaka. W latach 1997-1998 odby\u0142 sta\u017c artystyczny w \u00c9cole Nationale Sup\u00e9rieure des Beaux-Arts w Pary\u017cu. Stypendysta Rz\u0105du Francuskiego (1997-98), Ministra Kultury i\u00a0Sztuki (1997) oraz Fundacji im. Stefana Batorego. Laureat nagrody w dziedzinie rze\u017aby Akademii Francuskiej i Instytutu Francuskiego w 1996 roku. W\u00a0latach 1999-2003 pracownik Wydzia\u0142u Rze\u017aby ASP w Warszawie. Debiutowa\u0142 jako rysownik w\u00a0latach 80. w wydawnictwach niezale\u017cnych. Od 1992 roku zwi\u0105zany by\u0142 z tygodnikiem \u201eNIE\u201d. Od 2011 roku prowadzi\u0142 autorsk\u0105 stron\u0119 internetow\u0105 \u201eWiater w oczy\u201d. Autor ksi\u0105\u017cek \u201eHabemus pamparampampam\u201d, \u201eSiwy Dym!\u201d, \u201eDuda plus\u201d. By\u0142 cz\u0142onkiem Stowarzyszenia Polskich Artyst\u00f3w Karykatury i Zwi\u0105zku Polskich Artyst\u00f3w Plastyk\u00f3w.<\/p>\n<p>Swoje rysunki satyryczne prezentowa\u0142 na wystawach indywidualnych w kraju, m.in.: Klub Kultury Kazimierz z okazji \u201eDni \u015awiecko\u015bci\u201d, Krak\u00f3w (2012); Areszt \u015aledczy Olszynka Grochowska w\u00a0prote\u015bcie przeciwko wi\u0119zieniu Piotra Ikonowicza, Warszawa (2013); Muzeum Karykatury im. Eryka Lipi\u0144skiego \u201eWiater w oczy\u201d, Warszawa (2019). Kilkakrotnie bra\u0142 udzia\u0142 w Nocy Muze\u00f3w, udost\u0119pniaj\u0105c zwiedzaj\u0105cym swoj\u0105 pracowni\u0119 na warszawskim Grochowie. Bra\u0142 udzia\u0142 w wystawach zbiorowych w kraju i za granic\u0105, m.in.: Satyrykon, Legnica (1996); Satyrykon, Legnica (2012); X\u00a0Biennale Internationale du dessin d\u2019humour de Jonzac, Francja (2012); A to polska w\u0142a\u015bnie, Warszawa (2014); Satyrykon, Legnica (2015); 12. Spotkania z Satyr\u0105 i Karykatur\u0105 \u201eMorka 2015\u201d, Ustronie Morskie (2015); Polityka w karykaturze. Prawdziwa cnota krytyk si\u0119 nie boi, Warszawa (2015); 11. plener satyryczny \u201eSmaki w przesz\u0142o\u015bci\u201d, Biskupin (2015); Satyrykon, Legnica (2016); Cztery Pory Karykatury. Rysunki Roku 2015, Warszawa (MK, 2016); Cztery Pory Karykatury. Rysunki Roku 2016, Warszawa (MK, 2017); S\u00f3l w oku satyry, Wieliczka (2018), Satyrykon, Legnica (2018); Cztery Pory Karykatury. Rysunki Roku 2017\/2018, Warszawa (MK, 2018); I Og\u00f3lnopolski Konkurs na Rysunek Prasowy im. Aleksandra Wo\u0142osa, Olsztyn (2019); Satyrykon, Legnica (2019).<\/p>\n<p>By\u0142 laureatem nagr\u00f3d i wyr\u00f3\u017cnie\u0144, m.in.: nagroda specjalna \u2013 Festiwal Satyry Europejskiej, Warszawa (2015); wyr\u00f3\u017cnienie \u2013 Cztery Pory Karykatury: Zima, Warszawa (MK, 2015); wyr\u00f3\u017cnienie \u2013 Cztery Pory Karykatury: Wiosna, Warszawa (MK, 2015); II nagroda \u2013 Cztery Pory Karykatury: Zima (MK, 2015); III nagroda \u2013 Cztery Pory Karykatury: Zima (MK, 2016); III nagroda \u2013 Cztery Pory Karykatury: Wiosna (MK, 2016); I nagroda \u2013 Cztery Pory Karykatury: Lato, Warszawa (MK, 2016); II nagroda \u2013 Cztery Pory Karykatury: Jesie\u0144 (MK, 2016); nagroda legnickich dziennikarzy im. Andrzeja Walig\u00f3rskiego \u2013 Satyrykon, Legnica (2016); wyr\u00f3\u017cnienie \u2013 Cztery Pory Karykatury: Wiosna (MK, 2017); I nagroda \u2013 Cztery Pory Karykatury: Lato (MK, 2017); wyr\u00f3\u017cnienie \u2013 Cztery Pory Karykatury: Lato (MK, 2017); wyr\u00f3\u017cnienie \u2013 Cztery Pory Karykatury: Jesie\u0144, Warszawa (MK, 2017); I nagroda \u2013 Cztery Pory Karykatury: Zima 2017\/2018, Warszawa (MK, 2018); wyr\u00f3\u017cnienie \u2013 Cztery Pory Karykatury: Zima 2017\/2018, Warszawa (MK, 2018); I nagroda i \u201eRogaty O\u0142\u00f3wek\u201d \u2013 Cztery Pory Karykatury. Rysunki Roku 2017\/2018, Warszawa (MK, 2018); nagroda honorowa \u2013 I Og\u00f3lnopolski Konkurs na Rysunek Prasowy im. Aleksandra Wo\u0142osa, Olsztyn (2019).<\/p>\n<p><em>(\u0179r\u00f3d\u0142o: Muzeum Karykatury, fot. Tygodnik \u201eNIE\u201d)<\/em><\/p>\n<p><strong>Cze\u015b\u0107 Jego pami\u0119ci!<\/strong><\/p>\n","protected":false},"excerpt":{"rendered":"<p>Wczoraj, 17 maja w wieku 52 lat odszed\u0142 od nas Tomasz Wiater (1969-2021), nasz kolega ze SPAK. Tomek przez prawie 30 lat by\u0142 zwi\u0105zany z tygodnikiem \u201eNIE\u201d. By\u0142 rysownikiem satyrycznym i rze\u017abiarzem, zdolnym artyst\u0105, sympatycznym i dowcipnym koleg\u0105. \u00a0 Tomasz Wiater\u00a0\u2013 rze\u017abiarz, rysownik. Urodzi\u0142 si\u0119 w 1969 roku w Makowie Podhala\u0144skim. Uko\u0144czy\u0142 Liceum Plastyczne im. &hellip; <\/p>\n<p><a class=\"more-link btn\" href=\"http:\/\/www.spak.art.pl\/?p=7041\">Kontynuuj czytanie<\/a><\/p>\n","protected":false},"author":1,"featured_media":0,"comment_status":"closed","ping_status":"closed","sticky":false,"template":"","format":"standard","meta":{"ngg_post_thumbnail":0,"footnotes":""},"categories":[9],"tags":[],"class_list":["post-7041","post","type-post","status-publish","format-standard","hentry","category-aktualnosci","nodate","item-wrap"],"_links":{"self":[{"href":"http:\/\/www.spak.art.pl\/index.php?rest_route=\/wp\/v2\/posts\/7041","targetHints":{"allow":["GET"]}}],"collection":[{"href":"http:\/\/www.spak.art.pl\/index.php?rest_route=\/wp\/v2\/posts"}],"about":[{"href":"http:\/\/www.spak.art.pl\/index.php?rest_route=\/wp\/v2\/types\/post"}],"author":[{"embeddable":true,"href":"http:\/\/www.spak.art.pl\/index.php?rest_route=\/wp\/v2\/users\/1"}],"replies":[{"embeddable":true,"href":"http:\/\/www.spak.art.pl\/index.php?rest_route=%2Fwp%2Fv2%2Fcomments&post=7041"}],"version-history":[{"count":2,"href":"http:\/\/www.spak.art.pl\/index.php?rest_route=\/wp\/v2\/posts\/7041\/revisions"}],"predecessor-version":[{"id":7044,"href":"http:\/\/www.spak.art.pl\/index.php?rest_route=\/wp\/v2\/posts\/7041\/revisions\/7044"}],"wp:attachment":[{"href":"http:\/\/www.spak.art.pl\/index.php?rest_route=%2Fwp%2Fv2%2Fmedia&parent=7041"}],"wp:term":[{"taxonomy":"category","embeddable":true,"href":"http:\/\/www.spak.art.pl\/index.php?rest_route=%2Fwp%2Fv2%2Fcategories&post=7041"},{"taxonomy":"post_tag","embeddable":true,"href":"http:\/\/www.spak.art.pl\/index.php?rest_route=%2Fwp%2Fv2%2Ftags&post=7041"}],"curies":[{"name":"wp","href":"https:\/\/api.w.org\/{rel}","templated":true}]}}