{"id":7075,"date":"2021-06-14T09:47:06","date_gmt":"2021-06-14T09:47:06","guid":{"rendered":"http:\/\/www.spak.art.pl\/?p=7075"},"modified":"2021-06-14T09:47:06","modified_gmt":"2021-06-14T09:47:06","slug":"rysunek-prasowy-w-mragowie-2","status":"publish","type":"post","link":"http:\/\/www.spak.art.pl\/?p=7075","title":{"rendered":"Rysunek prasowy w Mr\u0105gowie"},"content":{"rendered":"<div id=\"attachment_7076\" style=\"width: 640px\" class=\"wp-caption alignleft\"><a href=\"http:\/\/www.spak.art.pl\/wp-content\/uploads\/2021\/06\/Zbigniew-Piszczako-pomyslodawca-konkursu.jpg\"><img loading=\"lazy\" decoding=\"async\" aria-describedby=\"caption-attachment-7076\" class=\"size-full wp-image-7076\" title=\"Zbigniew-Piszczako-pomyslodawca-konkursu\" src=\"http:\/\/www.spak.art.pl\/wp-content\/uploads\/2021\/06\/Zbigniew-Piszczako-pomyslodawca-konkursu.jpg\" alt=\"\" width=\"640\" height=\"480\" srcset=\"http:\/\/www.spak.art.pl\/wp-content\/uploads\/2021\/06\/Zbigniew-Piszczako-pomyslodawca-konkursu.jpg 640w, http:\/\/www.spak.art.pl\/wp-content\/uploads\/2021\/06\/Zbigniew-Piszczako-pomyslodawca-konkursu-300x225.jpg 300w\" sizes=\"auto, (max-width: 640px) 100vw, 640px\" \/><\/a><p id=\"caption-attachment-7076\" class=\"wp-caption-text\">Na zdj\u0119ciu - Zbigniew Piszczako, pomys\u0142odawca konkursu<\/p><\/div>\n<p>&nbsp;<\/p>\n<p>&nbsp;<\/p>\n<p>&nbsp;<\/p>\n<p>&nbsp;<\/p>\n<p>&nbsp;<\/p>\n<p>&nbsp;<\/p>\n<p>&nbsp;<\/p>\n<p>&nbsp;<\/p>\n<p>&nbsp;<\/p>\n<p>&nbsp;<\/p>\n<p>&nbsp;<\/p>\n<p>&nbsp;<\/p>\n<p>&nbsp;<\/p>\n<p>&nbsp;<\/p>\n<p>&nbsp;<\/p>\n<p>&nbsp;<\/p>\n<p>&nbsp;<\/p>\n<p>&nbsp;<\/p>\n<p>&nbsp;<\/p>\n<p><strong>W Mr\u0105gowskim Centrum Kultury ponownie b\u0119dzie mo\u017cna ogl\u0105da\u0107 rysunki prasowe, tym razem zg\u0142oszone do III edycji Konkursu Og\u00f3lnopolskiego na Rysunek Prasowy im. Aleksandra Wo\u0142osa.<\/strong><\/p>\n<p>Wystawa sk\u0142ada si\u0119 z kilkudziesi\u0119ciu najlepszych prac zg\u0142oszonych do III edycji Konkursu Og\u00f3lnopolskiego na Rysunek Prasowy im. Aleksandra Wo\u0142osa. Celem konkursu jest nagrodzenie autor\u00f3w najlepszych prac opublikowanych w 2020 roku i zwr\u00f3cenie uwagi na znaczenie rysunku prasowego, kt\u00f3ry mo\u017ce by\u0107 komentarzem politycznym, spo\u0142ecznym b\u0105d\u017a sportowym, tworzy\u0107 opowie\u015b\u0107 w postaci kr\u00f3tkiego komiksu czy by\u0107 rysunkiem-ilustracj\u0105 artyku\u0142u prasowego. Pomys\u0142odawc\u0105 konkursu jest Zbigniew Piszczako, a organizatorem Warmi\u0144sko-Mazurski Oddzia\u0142 Stowarzyszenia Dziennikarzy Polskich w Olsztynie.<\/p>\n<p>\u2013\u00a0<em>Ponownie pobili\u015bmy rekord, bo w tym roku do konkursu wp\u0142yn\u0119\u0142o a\u017c 205 prac nades\u0142anych przez 44 autor\u00f3w. Ostatecznie jury przyzna\u0142o Nagrod\u0119 G\u0142\u00f3wn\u0105 im. Aleksandra Wo\u0142osa Jankowi Janowskiemu za prac\u0119 \u201ePartia\u201d, opublikowan\u0105 w Polityce. Poziom w tym roku jednak wysoki i postanowili\u015bmy wyr\u00f3\u017cni\u0107 tak\u017ce kilkana\u015bcie innych pracy<\/em>\u00a0\u2013 informuje o przebiegu konkursu\u00a0<strong>Zbigniew Piszczako<\/strong>, sekretarz Warmi\u0144sko-Mazurskiego Oddzia\u0142u Stowarzyszenia Dziennikarzy Polskich.<\/p>\n<p>Swoje prace do konkursu zg\u0142osili:\u00a0<strong>Mariusz Boche\u0144ski, Marcin Bondarowicz, Henryk Cybula, Andrzej Czyczy\u0142o, Dariusz D\u0105browski, Edmund Dudek, Jacek Fr\u0105ckiewicz, Micha\u0142 Graczyk, Krzysztof Grzondziel, Miros\u0142aw Hajnos, Janek Janowski, Nika Jaworowska, Artur Kopp, Lech Kotwicz, Izabela Wieczorek-Kowalska, Jaros\u0142aw Koz\u0142owski, Ryszard Kudzian, Marek Lenc, Wies\u0142aw Lipecki, Dariusz \u0141ab\u0119dzki, S\u0142awomir \u0141uczy\u0144ski, S\u0142awomir Makal, Maciej Michalski, Robert Mirowski, Marek Mosor, Janusz Mrozowski, Ala Hanna Murgrabia, Dariusz Pietrzak, Anna Rok, Waldemar Ru\u015b\u0107, Szczepan Sadurski, Marcin Skoczek, Miros\u0142aw Stankiewicz, W\u0142odzimierz Stelamszczyk, Jan Surma, Ireneusz Szuniewicz, Jaros\u0142aw Szyma\u0144ski, Maciej Trzepa\u0142ka, Pawe\u0142 Waku\u0142a, Tomasz Wiater, Tomasz Wilczkiewicz, Jacek Zabawa, Katarzyna Zalepa, Jacek Zygmunt<\/strong>.<\/p>\n<p>W Mr\u0105gowie b\u0119dzie mo\u017cna zobaczy\u0107 r\u00f3wnie\u017c wybrane prace jury konkursu, \u015bp.<strong>\u00a0Aleksandra Wo\u0142osa<\/strong>\u00a0oraz zwi\u0105zanego z Mr\u0105gowem i K\u0119trzynem \u015bp.\u00a0<strong>J\u00f3zefa Jab\u0142o\u0144skiego<\/strong>.<\/p>\n<p>\u2013\u00a0<em>Zapraszamy wszystkich serdecznie do Mr\u0105gowa. Wystawa b\u0119dzie dost\u0119pna w\u00a0<\/em><strong><em>Mr\u0105gowskim Centrum Kultury od 12 czerwca,\u00a0<\/em><\/strong><em>a\u00a0<\/em><strong><em>3 lipca\u00a0<\/em>o godzinie 18.00<\/strong><em>podczas\u00a0<\/em><strong><em>Dni Mr\u0105gowa\u00a0<\/em><\/strong><em>odb\u0119dzie si\u0119\u00a0<\/em><strong><em>uroczysty<\/em><\/strong><em>\u00a0<\/em><strong><em>finisa\u017c wystawy\u00a0<\/em>\u2013\u00a0<\/strong>zach\u0119ca\u00a0<strong>Mateusz Kossakowski<\/strong>, wiceprezes Warmi\u0144sko-Mazurskiego Oddzia\u0142u Stowarzyszenia Dziennikarzy Polskich.<\/p>\n<p>Informacja ze strony:<\/p>\n<p><a href=\"https:\/\/glosmazur24.pl\/mragowo\/rysunek-prasowy-ponownie-zagosci-w-mragowie\/\">https:\/\/glosmazur24.pl\/mragowo\/rysunek-prasowy-ponownie-zagosci-w-mragowie\/<\/a><\/p>\n<p>&nbsp;<\/p>\n","protected":false},"excerpt":{"rendered":"<p>&nbsp; &nbsp; &nbsp; &nbsp; &nbsp; &nbsp; &nbsp; &nbsp; &nbsp; &nbsp; &nbsp; &nbsp; &nbsp; &nbsp; &nbsp; &nbsp; &nbsp; &nbsp; &nbsp; W Mr\u0105gowskim Centrum Kultury ponownie b\u0119dzie mo\u017cna ogl\u0105da\u0107 rysunki prasowe, tym razem zg\u0142oszone do III edycji Konkursu Og\u00f3lnopolskiego na Rysunek Prasowy im. Aleksandra Wo\u0142osa. Wystawa sk\u0142ada si\u0119 z kilkudziesi\u0119ciu najlepszych prac zg\u0142oszonych do III edycji Konkursu &hellip; <\/p>\n<p><a class=\"more-link btn\" href=\"http:\/\/www.spak.art.pl\/?p=7075\">Kontynuuj czytanie<\/a><\/p>\n","protected":false},"author":1,"featured_media":0,"comment_status":"closed","ping_status":"closed","sticky":false,"template":"","format":"standard","meta":{"ngg_post_thumbnail":0,"footnotes":""},"categories":[9],"tags":[],"class_list":["post-7075","post","type-post","status-publish","format-standard","hentry","category-aktualnosci","nodate","item-wrap"],"_links":{"self":[{"href":"http:\/\/www.spak.art.pl\/index.php?rest_route=\/wp\/v2\/posts\/7075","targetHints":{"allow":["GET"]}}],"collection":[{"href":"http:\/\/www.spak.art.pl\/index.php?rest_route=\/wp\/v2\/posts"}],"about":[{"href":"http:\/\/www.spak.art.pl\/index.php?rest_route=\/wp\/v2\/types\/post"}],"author":[{"embeddable":true,"href":"http:\/\/www.spak.art.pl\/index.php?rest_route=\/wp\/v2\/users\/1"}],"replies":[{"embeddable":true,"href":"http:\/\/www.spak.art.pl\/index.php?rest_route=%2Fwp%2Fv2%2Fcomments&post=7075"}],"version-history":[{"count":2,"href":"http:\/\/www.spak.art.pl\/index.php?rest_route=\/wp\/v2\/posts\/7075\/revisions"}],"predecessor-version":[{"id":7078,"href":"http:\/\/www.spak.art.pl\/index.php?rest_route=\/wp\/v2\/posts\/7075\/revisions\/7078"}],"wp:attachment":[{"href":"http:\/\/www.spak.art.pl\/index.php?rest_route=%2Fwp%2Fv2%2Fmedia&parent=7075"}],"wp:term":[{"taxonomy":"category","embeddable":true,"href":"http:\/\/www.spak.art.pl\/index.php?rest_route=%2Fwp%2Fv2%2Fcategories&post=7075"},{"taxonomy":"post_tag","embeddable":true,"href":"http:\/\/www.spak.art.pl\/index.php?rest_route=%2Fwp%2Fv2%2Ftags&post=7075"}],"curies":[{"name":"wp","href":"https:\/\/api.w.org\/{rel}","templated":true}]}}