{"id":7710,"date":"2022-11-18T18:02:59","date_gmt":"2022-11-18T18:02:59","guid":{"rendered":"http:\/\/www.spak.art.pl\/?p=7710"},"modified":"2022-11-18T18:03:00","modified_gmt":"2022-11-18T18:03:00","slug":"wernisaz-cebuli-w-jaroslawiu-fotorelacja","status":"publish","type":"post","link":"http:\/\/www.spak.art.pl\/?p=7710","title":{"rendered":"Wernisa\u017c Cebuli w Jaros\u0142awiu \u2013 fotorelacja"},"content":{"rendered":"\n<p>17 listopada mia\u0142 miejsce wernisa\u017c rysunk\u00f3w Henryka Cebuli w M Galerii Jaros\u0142awskiego Domu Kultury i Sztuki.<\/p>\n\n\n\n<p>Wernisa\u017c wystawy rysunku satyrycznego Henryka Cebuli &#8211; wyj\u0105tkowego wszechstronnego artysty i wieloletniego pedagoga jaros\u0142awskiego ,,Plastyka\u201d. Tym razem wiod\u0105cym kontekstem prezentowanych prac jest tematyka wojenna i militarna.<\/p>\n\n\n\n<p>Warto odwiedzi\u0107 Ma\u0142\u0105 Galeri\u0119 Jaros\u0142awskiego O\u015brodka Kultury i Sztuki i zapozna\u0107 si\u0119 z zaprezentowanymi rysunkami b\u0119d\u0105cymi okazj\u0105 zar\u00f3wno do u\u015bmiechu, jak te\u017c \u2013 zw\u0142aszcza wobec aktualnej sytuacji za wschodni\u0105 granic\u0105 \u2013 do zamy\u015blenia i nieco smutniejszych refleksji&#8230;<\/p>\n\n\n\n<p>Wystawa b\u0119dzie dost\u0119pna do 12 grudnia. \/foto: Krzysztof Peszko, Fb JOKiS\/<\/p>\n\n\n\n<figure class=\"wp-block-image size-full\"><a href=\"http:\/\/www.spak.art.pl\/wp-content\/uploads\/2022\/11\/314614048_5618783998206985_7741617582098995692_n.jpg\"><img loading=\"lazy\" decoding=\"async\" width=\"800\" height=\"533\" src=\"http:\/\/www.spak.art.pl\/wp-content\/uploads\/2022\/11\/314614048_5618783998206985_7741617582098995692_n.jpg\" alt=\"\" class=\"wp-image-7711\" srcset=\"http:\/\/www.spak.art.pl\/wp-content\/uploads\/2022\/11\/314614048_5618783998206985_7741617582098995692_n.jpg 800w, http:\/\/www.spak.art.pl\/wp-content\/uploads\/2022\/11\/314614048_5618783998206985_7741617582098995692_n-300x200.jpg 300w, http:\/\/www.spak.art.pl\/wp-content\/uploads\/2022\/11\/314614048_5618783998206985_7741617582098995692_n-768x512.jpg 768w, http:\/\/www.spak.art.pl\/wp-content\/uploads\/2022\/11\/314614048_5618783998206985_7741617582098995692_n-600x400.jpg 600w\" sizes=\"auto, (max-width: 800px) 100vw, 800px\" \/><\/a><\/figure>\n\n\n\n<figure class=\"wp-block-image size-full\"><a href=\"http:\/\/www.spak.art.pl\/wp-content\/uploads\/2022\/11\/316116621_5618784021540316_8401889413402650710_n.jpg\"><img loading=\"lazy\" decoding=\"async\" width=\"800\" height=\"533\" src=\"http:\/\/www.spak.art.pl\/wp-content\/uploads\/2022\/11\/316116621_5618784021540316_8401889413402650710_n.jpg\" alt=\"\" class=\"wp-image-7712\" srcset=\"http:\/\/www.spak.art.pl\/wp-content\/uploads\/2022\/11\/316116621_5618784021540316_8401889413402650710_n.jpg 800w, http:\/\/www.spak.art.pl\/wp-content\/uploads\/2022\/11\/316116621_5618784021540316_8401889413402650710_n-300x200.jpg 300w, http:\/\/www.spak.art.pl\/wp-content\/uploads\/2022\/11\/316116621_5618784021540316_8401889413402650710_n-768x512.jpg 768w, http:\/\/www.spak.art.pl\/wp-content\/uploads\/2022\/11\/316116621_5618784021540316_8401889413402650710_n-600x400.jpg 600w\" sizes=\"auto, (max-width: 800px) 100vw, 800px\" \/><\/a><\/figure>\n\n\n\n<figure class=\"wp-block-image size-full\"><a href=\"http:\/\/www.spak.art.pl\/wp-content\/uploads\/2022\/11\/314685807_5618784478206937_8782204548344338336_n.jpg\"><img loading=\"lazy\" decoding=\"async\" width=\"800\" height=\"533\" src=\"http:\/\/www.spak.art.pl\/wp-content\/uploads\/2022\/11\/314685807_5618784478206937_8782204548344338336_n.jpg\" alt=\"\" class=\"wp-image-7713\" srcset=\"http:\/\/www.spak.art.pl\/wp-content\/uploads\/2022\/11\/314685807_5618784478206937_8782204548344338336_n.jpg 800w, http:\/\/www.spak.art.pl\/wp-content\/uploads\/2022\/11\/314685807_5618784478206937_8782204548344338336_n-300x200.jpg 300w, http:\/\/www.spak.art.pl\/wp-content\/uploads\/2022\/11\/314685807_5618784478206937_8782204548344338336_n-768x512.jpg 768w, http:\/\/www.spak.art.pl\/wp-content\/uploads\/2022\/11\/314685807_5618784478206937_8782204548344338336_n-600x400.jpg 600w\" sizes=\"auto, (max-width: 800px) 100vw, 800px\" \/><\/a><\/figure>\n\n\n\n<figure class=\"wp-block-image size-full\"><a href=\"http:\/\/www.spak.art.pl\/wp-content\/uploads\/2022\/11\/314706009_5618784248206960_1975398175170434666_n.jpg\"><img loading=\"lazy\" decoding=\"async\" width=\"800\" height=\"533\" src=\"http:\/\/www.spak.art.pl\/wp-content\/uploads\/2022\/11\/314706009_5618784248206960_1975398175170434666_n.jpg\" alt=\"\" class=\"wp-image-7714\" srcset=\"http:\/\/www.spak.art.pl\/wp-content\/uploads\/2022\/11\/314706009_5618784248206960_1975398175170434666_n.jpg 800w, http:\/\/www.spak.art.pl\/wp-content\/uploads\/2022\/11\/314706009_5618784248206960_1975398175170434666_n-300x200.jpg 300w, http:\/\/www.spak.art.pl\/wp-content\/uploads\/2022\/11\/314706009_5618784248206960_1975398175170434666_n-768x512.jpg 768w, http:\/\/www.spak.art.pl\/wp-content\/uploads\/2022\/11\/314706009_5618784248206960_1975398175170434666_n-600x400.jpg 600w\" sizes=\"auto, (max-width: 800px) 100vw, 800px\" \/><\/a><\/figure>\n\n\n\n<figure class=\"wp-block-image size-full\"><a href=\"http:\/\/www.spak.art.pl\/wp-content\/uploads\/2022\/11\/316126833_5618784578206927_1720099446990674119_n.jpg\"><img loading=\"lazy\" decoding=\"async\" width=\"800\" height=\"533\" src=\"http:\/\/www.spak.art.pl\/wp-content\/uploads\/2022\/11\/316126833_5618784578206927_1720099446990674119_n.jpg\" alt=\"\" class=\"wp-image-7715\" srcset=\"http:\/\/www.spak.art.pl\/wp-content\/uploads\/2022\/11\/316126833_5618784578206927_1720099446990674119_n.jpg 800w, http:\/\/www.spak.art.pl\/wp-content\/uploads\/2022\/11\/316126833_5618784578206927_1720099446990674119_n-300x200.jpg 300w, http:\/\/www.spak.art.pl\/wp-content\/uploads\/2022\/11\/316126833_5618784578206927_1720099446990674119_n-768x512.jpg 768w, http:\/\/www.spak.art.pl\/wp-content\/uploads\/2022\/11\/316126833_5618784578206927_1720099446990674119_n-600x400.jpg 600w\" sizes=\"auto, (max-width: 800px) 100vw, 800px\" \/><\/a><\/figure>\n","protected":false},"excerpt":{"rendered":"<p>17 listopada mia\u0142 miejsce wernisa\u017c rysunk\u00f3w Henryka Cebuli w M Galerii Jaros\u0142awskiego Domu Kultury i Sztuki. Wernisa\u017c wystawy rysunku satyrycznego Henryka Cebuli &#8211; wyj\u0105tkowego wszechstronnego artysty i wieloletniego pedagoga jaros\u0142awskiego ,,Plastyka\u201d. Tym razem wiod\u0105cym kontekstem prezentowanych prac jest tematyka wojenna i militarna. Warto odwiedzi\u0107 Ma\u0142\u0105 Galeri\u0119 Jaros\u0142awskiego O\u015brodka Kultury i Sztuki i zapozna\u0107 si\u0119 z &hellip; <\/p>\n<p><a class=\"more-link btn\" href=\"http:\/\/www.spak.art.pl\/?p=7710\">Kontynuuj czytanie<\/a><\/p>\n","protected":false},"author":1,"featured_media":0,"comment_status":"closed","ping_status":"closed","sticky":false,"template":"","format":"standard","meta":{"ngg_post_thumbnail":0,"footnotes":""},"categories":[9],"tags":[],"class_list":["post-7710","post","type-post","status-publish","format-standard","hentry","category-aktualnosci","nodate","item-wrap"],"_links":{"self":[{"href":"http:\/\/www.spak.art.pl\/index.php?rest_route=\/wp\/v2\/posts\/7710","targetHints":{"allow":["GET"]}}],"collection":[{"href":"http:\/\/www.spak.art.pl\/index.php?rest_route=\/wp\/v2\/posts"}],"about":[{"href":"http:\/\/www.spak.art.pl\/index.php?rest_route=\/wp\/v2\/types\/post"}],"author":[{"embeddable":true,"href":"http:\/\/www.spak.art.pl\/index.php?rest_route=\/wp\/v2\/users\/1"}],"replies":[{"embeddable":true,"href":"http:\/\/www.spak.art.pl\/index.php?rest_route=%2Fwp%2Fv2%2Fcomments&post=7710"}],"version-history":[{"count":1,"href":"http:\/\/www.spak.art.pl\/index.php?rest_route=\/wp\/v2\/posts\/7710\/revisions"}],"predecessor-version":[{"id":7716,"href":"http:\/\/www.spak.art.pl\/index.php?rest_route=\/wp\/v2\/posts\/7710\/revisions\/7716"}],"wp:attachment":[{"href":"http:\/\/www.spak.art.pl\/index.php?rest_route=%2Fwp%2Fv2%2Fmedia&parent=7710"}],"wp:term":[{"taxonomy":"category","embeddable":true,"href":"http:\/\/www.spak.art.pl\/index.php?rest_route=%2Fwp%2Fv2%2Fcategories&post=7710"},{"taxonomy":"post_tag","embeddable":true,"href":"http:\/\/www.spak.art.pl\/index.php?rest_route=%2Fwp%2Fv2%2Ftags&post=7710"}],"curies":[{"name":"wp","href":"https:\/\/api.w.org\/{rel}","templated":true}]}}