{"id":7784,"date":"2023-01-18T11:09:12","date_gmt":"2023-01-18T11:09:12","guid":{"rendered":"http:\/\/www.spak.art.pl\/?p=7784"},"modified":"2023-01-18T11:09:13","modified_gmt":"2023-01-18T11:09:13","slug":"nie-zyje-andrzej-dudzinski","status":"publish","type":"post","link":"http:\/\/www.spak.art.pl\/?p=7784","title":{"rendered":"Nie \u017cyje Andrzej Dudzi\u0144ski"},"content":{"rendered":"\n<figure class=\"wp-block-image size-full\"><a href=\"http:\/\/www.spak.art.pl\/wp-content\/uploads\/2023\/01\/63c6d2f05e5ac_o_large.jpg\"><img loading=\"lazy\" decoding=\"async\" width=\"300\" height=\"238\" src=\"http:\/\/www.spak.art.pl\/wp-content\/uploads\/2023\/01\/63c6d2f05e5ac_o_large.jpg\" alt=\"\" class=\"wp-image-7785\"\/><\/a><\/figure>\n\n\n\n<p>Po ci\u0119\u017ckiej chorobie zmar\u0142 Andrzej Dudzi\u0144ski rysownik, grafik, malarz, karykaturzysta. Mia\u0142 77 lat.<\/p>\n\n\n\n<p><strong>Andrzej Dudzi\u0144ski<\/strong>, ps. \u201eDudi\u201d (1945-2-23) \u2013 polski rysownik, grafik, malarz, karykaturzysta i fotografik. Studiowa\u0142 architektur\u0119 na Politechnice Gda\u0144skiej a nast\u0119pnie architektur\u0119 wn\u0119trz w PWSSP&nbsp;w Gda\u0144sku. Zosta\u0142 absolwentem Wydzia\u0142u Grafiki&nbsp;na warszawskiej ASP.<\/p>\n\n\n\n<p>Jako rysownik debiutowa\u0142 w 1970 na \u0142amach \u201eSzpilek\u201d. Swoje prace zamieszcza\u0142 r\u00f3wnie\u017c w takich pismach jak \u201ePolska\u201d, \u201ePolityka\u201d, \u201eKultura\u201d, \u201eTy i Ja\u201d i \u201eTygodnik Powszechny\u201d.<\/p>\n\n\n\n<p>W 1977 wyemigrowa\u0142 do USA\u00a0Stan\u00f3w Zjednoczonych, od 1980 zamieszkuj\u0105c w\u00a0Nowym Jorku. Po latach zamieszka\u0142 na sta\u0142e w\u00a0Warszawie. Wsp\u00f3\u0142pracowa\u0142 z wieloma czasopismami ameryka\u0144skimi \u2013 \u201eThe Atlantic Monthly\u201d, \u201eThe Boston Globe\u201d, \u201eNewsweek\u201d, \u201eThe New York Times\u201d, \u201ePlayboy\u201d, \u201eRolling Stone\u201d, \u201eTime\u201d, \u201eVanity Fair\u201d i \u201eThe Washington Post\u201d. Wykonywa\u0142 te\u017c prace na zam\u00f3wienie wielu przedsi\u0119biorstw \u2013\u00a0AT&amp;T,\u00a0Deutsche Telekom,\u00a0IBM,\u00a0Royal Bank of Scotland, a tak\u017ce dla\u00a0PBS, przedsi\u0119biorstwa badania rynku i opinii. W latach 1982\u20131990 wyk\u0142ada\u0142 w Parsons School of Design w Nowym Jorku. W dorobku mia\u0142 kilkadziesi\u0105t indywidualnych wystaw swoich prac (m.in. w\u00a0Berlinie,\u00a0D\u00fcsseldorfie,\u00a0Genewie,\u00a0Lipsku,\u00a0Pradze,\u00a0Tokio,\u00a0Waszyngtoni<a href=\"https:\/\/pl.wikipedia.org\/wiki\/Waszyngton\">e<\/a>\u00a0i licznych miastach Polski).<\/p>\n\n\n\n<p>W 2012,\u00a0<em>za wybitne zas\u0142ugi dla polskiej i \u015bwiatowej kultury, za osi\u0105gni\u0119cia w pracy tw\u00f3rczej i artystycznej<\/em>, zosta\u0142 odznaczony Krzy\u017cem Oficerskim\u00a0Orderu Odrodzenia Polski. Uroczysto\u015b\u0107 uhonorowania odby\u0142a si\u0119 3 maja 2012. W 2001 otrzyma\u0142 tytu\u0142 honorowego obywatela Sopotu. By\u0142 m\u0119\u017cem pisarki\u00a0Magdy Dygat. Wraz z \u017con\u0105 napisa\u0142 ksi\u0105\u017ck\u0119\u00a0<em>Ma\u0142y alfabet Magdy i Andrzeja Dudzi\u0144skich<\/em>\u00a0(Wyd. Literackie, Krak\u00f3w 2009).<\/p>\n","protected":false},"excerpt":{"rendered":"<p>Po ci\u0119\u017ckiej chorobie zmar\u0142 Andrzej Dudzi\u0144ski rysownik, grafik, malarz, karykaturzysta. Mia\u0142 77 lat. Andrzej Dudzi\u0144ski, ps. \u201eDudi\u201d (1945-2-23) \u2013 polski rysownik, grafik, malarz, karykaturzysta i fotografik. Studiowa\u0142 architektur\u0119 na Politechnice Gda\u0144skiej a nast\u0119pnie architektur\u0119 wn\u0119trz w PWSSP&nbsp;w Gda\u0144sku. Zosta\u0142 absolwentem Wydzia\u0142u Grafiki&nbsp;na warszawskiej ASP. Jako rysownik debiutowa\u0142 w 1970 na \u0142amach \u201eSzpilek\u201d. Swoje prace zamieszcza\u0142 &hellip; <\/p>\n<p><a class=\"more-link btn\" href=\"http:\/\/www.spak.art.pl\/?p=7784\">Kontynuuj czytanie<\/a><\/p>\n","protected":false},"author":1,"featured_media":0,"comment_status":"closed","ping_status":"closed","sticky":false,"template":"","format":"standard","meta":{"ngg_post_thumbnail":0,"footnotes":""},"categories":[9],"tags":[],"class_list":["post-7784","post","type-post","status-publish","format-standard","hentry","category-aktualnosci","nodate","item-wrap"],"_links":{"self":[{"href":"http:\/\/www.spak.art.pl\/index.php?rest_route=\/wp\/v2\/posts\/7784","targetHints":{"allow":["GET"]}}],"collection":[{"href":"http:\/\/www.spak.art.pl\/index.php?rest_route=\/wp\/v2\/posts"}],"about":[{"href":"http:\/\/www.spak.art.pl\/index.php?rest_route=\/wp\/v2\/types\/post"}],"author":[{"embeddable":true,"href":"http:\/\/www.spak.art.pl\/index.php?rest_route=\/wp\/v2\/users\/1"}],"replies":[{"embeddable":true,"href":"http:\/\/www.spak.art.pl\/index.php?rest_route=%2Fwp%2Fv2%2Fcomments&post=7784"}],"version-history":[{"count":2,"href":"http:\/\/www.spak.art.pl\/index.php?rest_route=\/wp\/v2\/posts\/7784\/revisions"}],"predecessor-version":[{"id":7787,"href":"http:\/\/www.spak.art.pl\/index.php?rest_route=\/wp\/v2\/posts\/7784\/revisions\/7787"}],"wp:attachment":[{"href":"http:\/\/www.spak.art.pl\/index.php?rest_route=%2Fwp%2Fv2%2Fmedia&parent=7784"}],"wp:term":[{"taxonomy":"category","embeddable":true,"href":"http:\/\/www.spak.art.pl\/index.php?rest_route=%2Fwp%2Fv2%2Fcategories&post=7784"},{"taxonomy":"post_tag","embeddable":true,"href":"http:\/\/www.spak.art.pl\/index.php?rest_route=%2Fwp%2Fv2%2Ftags&post=7784"}],"curies":[{"name":"wp","href":"https:\/\/api.w.org\/{rel}","templated":true}]}}