{"id":7816,"date":"2023-02-14T09:31:03","date_gmt":"2023-02-14T09:31:03","guid":{"rendered":"http:\/\/www.spak.art.pl\/?p=7816"},"modified":"2023-02-16T21:50:44","modified_gmt":"2023-02-16T21:50:44","slug":"plenery-spak-maj-czerwiec-2023","status":"publish","type":"post","link":"http:\/\/www.spak.art.pl\/?p=7816","title":{"rendered":"PLENERY SPAK \u2013 maj\/czerwiec 2023"},"content":{"rendered":"\n<p><strong>PLENER W PI\u0118NI\u0118\u017bNIE<\/strong><\/p>\n\n\n\n<p>Rok 2023 jest og\u0142oszony Rokiem Miko\u0142aja Kopernika. Z tej okazji Warmi\u0144sko-Mazurski Oddzia\u0142 SDP oraz samorz\u0105d Pieni\u0119\u017cna organizuj\u0105 plener dla karykaturzyst\u00f3w (cz\u0142onk\u00f3w SPAK), kt\u00f3ry odb\u0119dzie si\u0119 &nbsp;w dniach&nbsp;<strong>18-21 maja<\/strong>&nbsp;(3 noclegi) w Pieni\u0119\u017cnie. Uczestnicy maj\u0105 zagwarantowane noclegi, wy\u017cywienie, atrakcje. Ch\u0119\u0107 uczestnictwa nale\u017cy zg\u0142asza\u0107 do <strong>Zbigniewa Piszczako<\/strong>; tel. 694 712 745; mail:&nbsp;<a href=\"mailto:zbp58@interia.pl\">zbp58@interia.pl<\/a>.<\/p>\n\n\n\n<p>Warunkiem udzia\u0142u w plenerze jest wpisowe w kwocie 100 z\u0142, kt\u00f3re nale\u017cy wp\u0142aci\u0107 na konto SPAK.<\/p>\n\n\n\n<figure class=\"wp-block-image size-full\"><a href=\"http:\/\/www.spak.art.pl\/wp-content\/uploads\/2023\/02\/Pieniezno-plener.jpg\"><img loading=\"lazy\" decoding=\"async\" width=\"800\" height=\"600\" src=\"http:\/\/www.spak.art.pl\/wp-content\/uploads\/2023\/02\/Pieniezno-plener.jpg\" alt=\"\" class=\"wp-image-7822\" srcset=\"http:\/\/www.spak.art.pl\/wp-content\/uploads\/2023\/02\/Pieniezno-plener.jpg 800w, http:\/\/www.spak.art.pl\/wp-content\/uploads\/2023\/02\/Pieniezno-plener-300x225.jpg 300w, http:\/\/www.spak.art.pl\/wp-content\/uploads\/2023\/02\/Pieniezno-plener-768x576.jpg 768w, http:\/\/www.spak.art.pl\/wp-content\/uploads\/2023\/02\/Pieniezno-plener-533x400.jpg 533w\" sizes=\"auto, (max-width: 800px) 100vw, 800px\" \/><\/a><\/figure>\n\n\n\n<p><strong>XV (jubileuszowy) PLENER KARYKATURZYST\u00d3W \u2013 STR\u00d3\u017bE 2023<\/strong><\/p>\n\n\n\n<p>Jubileuszowy plener w S\u0105deckim Bartniku, w &nbsp;Str\u00f3\u017cach, odb\u0119dzie si\u0119 w dniach <strong>28.05 \u2013 3.06.2023<\/strong>. Mo\u017cna przyjecha\u0107 z osob\u0105 towarzysz\u0105c\u0105. Ka\u017cdy z rysownik\u00f3w otrzymuje zwrot koszt\u00f3w podr\u00f3\u017cy \u2013 do 500 z\u0142. Razem z karykaturzystami b\u0119d\u0105 w plenerze uczestniczy\u0107 malarze i fotograficy. Zg\u0142oszenia przyjmuje i dodatkowych informacji udziela <strong>Dariusz \u0141ab\u0119dzki<\/strong>, tel. 603&nbsp;969&nbsp;267,&nbsp; mail: <a href=\"mailto:darek@karykatury.com\">darek@karykatury.com<\/a> &nbsp;<\/p>\n\n\n\n<p>Warunkiem udzia\u0142u w plenerze jest wpisowe w kwocie 150 z\u0142 (rysownik),&nbsp; osoba towarzysz\u0105ca \u2013 50 z\u0142, kt\u00f3re nale\u017cy wp\u0142aci\u0107 na konto SPAK.<\/p>\n\n\n\n<figure class=\"wp-block-image size-full\"><a href=\"http:\/\/www.spak.art.pl\/wp-content\/uploads\/2023\/02\/2023-plener-STROZE-baner-1.jpg\"><img loading=\"lazy\" decoding=\"async\" width=\"800\" height=\"559\" src=\"http:\/\/www.spak.art.pl\/wp-content\/uploads\/2023\/02\/2023-plener-STROZE-baner-1.jpg\" alt=\"\" class=\"wp-image-7819\" srcset=\"http:\/\/www.spak.art.pl\/wp-content\/uploads\/2023\/02\/2023-plener-STROZE-baner-1.jpg 800w, http:\/\/www.spak.art.pl\/wp-content\/uploads\/2023\/02\/2023-plener-STROZE-baner-1-300x210.jpg 300w, http:\/\/www.spak.art.pl\/wp-content\/uploads\/2023\/02\/2023-plener-STROZE-baner-1-768x537.jpg 768w, http:\/\/www.spak.art.pl\/wp-content\/uploads\/2023\/02\/2023-plener-STROZE-baner-1-572x400.jpg 572w\" sizes=\"auto, (max-width: 800px) 100vw, 800px\" \/><\/a><\/figure>\n","protected":false},"excerpt":{"rendered":"<p>PLENER W PI\u0118NI\u0118\u017bNIE Rok 2023 jest og\u0142oszony Rokiem Miko\u0142aja Kopernika. Z tej okazji Warmi\u0144sko-Mazurski Oddzia\u0142 SDP oraz samorz\u0105d Pieni\u0119\u017cna organizuj\u0105 plener dla karykaturzyst\u00f3w (cz\u0142onk\u00f3w SPAK), kt\u00f3ry odb\u0119dzie si\u0119 &nbsp;w dniach&nbsp;18-21 maja&nbsp;(3 noclegi) w Pieni\u0119\u017cnie. Uczestnicy maj\u0105 zagwarantowane noclegi, wy\u017cywienie, atrakcje. Ch\u0119\u0107 uczestnictwa nale\u017cy zg\u0142asza\u0107 do Zbigniewa Piszczako; tel. 694 712 745; mail:&nbsp;zbp58@interia.pl. Warunkiem udzia\u0142u w &hellip; <\/p>\n<p><a class=\"more-link btn\" href=\"http:\/\/www.spak.art.pl\/?p=7816\">Kontynuuj czytanie<\/a><\/p>\n","protected":false},"author":1,"featured_media":0,"comment_status":"closed","ping_status":"closed","sticky":false,"template":"","format":"standard","meta":{"ngg_post_thumbnail":0,"footnotes":""},"categories":[9],"tags":[],"class_list":["post-7816","post","type-post","status-publish","format-standard","hentry","category-aktualnosci","nodate","item-wrap"],"_links":{"self":[{"href":"http:\/\/www.spak.art.pl\/index.php?rest_route=\/wp\/v2\/posts\/7816","targetHints":{"allow":["GET"]}}],"collection":[{"href":"http:\/\/www.spak.art.pl\/index.php?rest_route=\/wp\/v2\/posts"}],"about":[{"href":"http:\/\/www.spak.art.pl\/index.php?rest_route=\/wp\/v2\/types\/post"}],"author":[{"embeddable":true,"href":"http:\/\/www.spak.art.pl\/index.php?rest_route=\/wp\/v2\/users\/1"}],"replies":[{"embeddable":true,"href":"http:\/\/www.spak.art.pl\/index.php?rest_route=%2Fwp%2Fv2%2Fcomments&post=7816"}],"version-history":[{"count":3,"href":"http:\/\/www.spak.art.pl\/index.php?rest_route=\/wp\/v2\/posts\/7816\/revisions"}],"predecessor-version":[{"id":7824,"href":"http:\/\/www.spak.art.pl\/index.php?rest_route=\/wp\/v2\/posts\/7816\/revisions\/7824"}],"wp:attachment":[{"href":"http:\/\/www.spak.art.pl\/index.php?rest_route=%2Fwp%2Fv2%2Fmedia&parent=7816"}],"wp:term":[{"taxonomy":"category","embeddable":true,"href":"http:\/\/www.spak.art.pl\/index.php?rest_route=%2Fwp%2Fv2%2Fcategories&post=7816"},{"taxonomy":"post_tag","embeddable":true,"href":"http:\/\/www.spak.art.pl\/index.php?rest_route=%2Fwp%2Fv2%2Ftags&post=7816"}],"curies":[{"name":"wp","href":"https:\/\/api.w.org\/{rel}","templated":true}]}}